{"id":985,"date":"2015-11-09T10:26:11","date_gmt":"2015-11-09T08:26:11","guid":{"rendered":"http:\/\/candname.com\/?p=985"},"modified":"2015-11-09T10:33:52","modified_gmt":"2015-11-09T08:33:52","slug":"ismet-inonu-nun-cok-gizli-kurt-raporu","status":"publish","type":"post","link":"https:\/\/candname.com\/tr\/?p=985","title":{"rendered":"\u0130smet \u0130n\u00f6n\u00fc&#8217; n\u00fcn &#8216;\u00e7ok gizli&#8217; K\u00fcrt Raporu-Video"},"content":{"rendered":"<p>\u0130smet \u0130n\u00f6n\u00fc&#8217; n\u00fcn &#8216;\u00e7ok gizli&#8217; K\u00fcrt Raporu<\/p>\n<p>A\u011fr\u0131&#8217;da K\u00fcrtlerin medenile\u015fip, s\u00fckunet bulmalar\u0131 bile kard\u0131r. Karak\u00f6se, h\u00fck\u00fcmete ba\u011fl\u0131 bir K\u00fcrt \u015fehridir. Erzincan K\u00fcrt merkezi olursa K\u00fcrdistan&#8217;\u0131n kurulmas\u0131ndan korkar\u0131m.<\/p>\n<p>&#8211; I\u011fd\u0131r&#8217;da K\u00fcrtlerin yerinden oynat\u0131lmas\u0131na ne l\u00fczum, ne imkan vard\u0131r.<\/p>\n<p>&#8211; T\u00fcrkl\u00fc\u011fe hevesli bir Arap \u015fehri olan Siirt&#8217;in do\u011fuya naklini tercih ederim<\/p>\n<p>&#8211; Van ve Erzincan&#8217;da acele olarak, Mu\u015f Ovas\u0131&#8217;nda tedricen ve Elaz\u0131\u011f Ovas\u0131&#8217;nda kuvvetli T\u00fcrk kitleleri v\u00fccuda getirmek zorunday\u0131z.<\/p>\n<p>&#8211; T\u00fcrklerle K\u00fcrtler ayn\u0131 okulda okumal\u0131d\u0131r. Bu K\u00fcrtleri T\u00fcrkle\u015ftirmek i\u00e7in etkili olacakt\u0131r.<\/p>\n<p>&#8211; &#8220;Diyarbak\u0131r, kuvvetli T\u00fcrkl\u00fck merkezi olmak i\u00e7in tedbirlerimizi kolayl\u0131kla i\u015fletebilece\u011fimiz bir olgunluktad\u0131r.<\/p>\n<p>&#8211; &#8220;D\u00fc\u015fman unsurlar i\u00e7inde sald\u0131rgan olan te\u015fkilat K\u00fcrt reisleri ve adamlar\u0131d\u0131r. Frans\u0131z istihbarat zabitleri her istedikleri anda K\u00fcrt reislerini \u00e7eteler halinde memleketimize sald\u0131rtma\u011fa muktedirdirler.&#8221;<\/p>\n<p>&#8211; &#8220;Mardin vilayetinden \u00e7\u0131kar\u0131lacak H\u0131ristiyan ve Araplar\u0131n yerlerini K\u00fcrtler derhal dolduracaklard\u0131r. Bu hal bizim i\u00e7in pek zararl\u0131d\u0131r.\u201d<\/p>\n<p>-&#8220;Siirt T\u00fcrkl\u00fc\u011fe hevesli bir Arap \u015fehridir. H\u00fck\u00fcmete yak\u0131n itaatkar halk\u0131 vard\u0131r. Havas\u0131 gayet iyi olan Siirt susuz, pis bir trahom merkezidir. Siirt vilayetinde ba\u015fl\u0131ca kuvvetimiz; idare merkezlerimiz, memurlar\u0131m\u0131z ve zabitlerimizdir. \u0130dare merkezlerimiz \u00e7ok kuvvetli olmal\u0131. \u0130cab\u0131nda konulup kald\u0131r\u0131lmak \u00fczere \u00f6zel adliye rejimi kurulmal\u0131d\u0131r.&#8221;<\/p>\n<p>&#8211; &#8220;Bitlis, Hizan ve Mutki aras\u0131nda suni olarak daima devlet kuvveti ile v\u00fccuda getirilmi\u015f bir T\u00fcrk merkezidir. Bitlis olmasayd\u0131 bizim onu yaratmam\u0131z gerekecekti.&#8221;<\/p>\n<p>&#8211; &#8220;Mu\u015f Ovas\u0131 uzun s\u00fcre bo\u015f kalmayacak, herhalde K\u00fcrtler yava\u015f yava\u015f dolduracaklard\u0131r.&#8221;<\/p>\n<p>&#8211; &#8220;Van halk\u0131 derlemedir. B\u00fct\u00fcn halk\u0131n \u00fcmidi devletin g\u00f6sterece\u011fi ilgidedir. Sa\u011flam b\u00fcnyeli \u015farkta Cumhuriyetin \u00e7ok \u00f6nemli bir temeli olacakt\u0131r. B\u00f6yle bir temel T\u00fcrk hakimiyeti i\u00e7in her bak\u0131mdan laz\u0131md\u0131r.&#8221;<\/p>\n<p>&#8211; Malazgirt kadar bitkin ve fena bir yer g\u00fc\u00e7l\u00fckle tasavvur edilebilir. Halbuki buran\u0131n, yeni temiz bir T\u00fcrk \u015fehri T\u00fcrk merkezi olarak kurulmas\u0131 bizim i\u00e7in pek k\u0131ymetli olacakt\u0131r.&#8221;<\/p>\n<p>&#8211; &#8220;K\u00fcrtleri verimli topraklardan nereye g\u00f6nderece\u011fiz? Hudut \u00fczerinde bulunan yerleri derhal K\u00fcrtlerle dolacak. A\u011fr\u0131&#8217;dan ge\u00e7ici olarak gelen K\u00fcrtleri de bir yere g\u00f6nderemeyiz. S\u00fckunet bulmu\u015f olmalar\u0131 bile kafi bir kard\u0131r.&#8221;<\/p>\n<p>&#8211; &#8220;Bundan 10 sene sonra Sar\u0131kam\u0131\u015f&#8217;\u0131n ordugah\u0131na askeri olarak ihtiyac\u0131m\u0131z olaca\u011f\u0131n\u0131 zannediyorum.&#8221;<\/p>\n<p>&#8211; &#8220;Kars&#8217;\u0131 ve Artvin&#8217;i bir an evvel soyup tahrip etmek fikrinde de\u011fil, b\u00fct\u00fcn kuvvetimizle son ana kadar muhafaza etmek karar\u0131nda oldu\u011fumuza i\u00e7eriyi ve d\u0131\u015far\u0131y\u0131 kesin olarak inand\u0131rmak mecburiyetindeyiz.&#8221;<\/p>\n<p>&#8211; &#8220;Erzurum&#8217;un kalk\u0131nmas\u0131n\u0131 az senelerde temin edebilirsek, \u015fimalde hududa kar\u015f\u0131 ve i\u00e7eride K\u00fcrtl\u00fc\u011fe kar\u015f\u0131 sa\u011flam bir T\u00fcrk merkezini yeniden kurmu\u015f oluruz.&#8221;<\/p>\n<p>&#8211; &#8220;Az zamanda Erzincan&#8217;\u0131n K\u00fcrt merkezi olmas\u0131yla as\u0131l korkun\u00e7 K\u00fcrdistan&#8217;\u0131n meydana gelmesinden kayg\u0131lanmak yerindedir.&#8221;<\/p>\n<p>&#8211; &#8220;B\u00fct\u00fcn seyahatimizde en iyi \u015fey olarak, belki b\u00fct\u00fcn T\u00fcrkiye&#8217;de bu bak\u0131mdan birincidir; Samsun hususi idare b\u00fct\u00e7esini g\u00f6rd\u00fcm.&#8221;<\/p>\n<p>&#8211; &#8220;T\u00fcrkler ve K\u00fcrtleri ayr\u0131 ayr\u0131 okutmakta yarar yoktur. \u0130lk tahsili birlikte yapmal\u0131lar. Bu, K\u00fcrtleri T\u00fcrkle\u015ftirmek i\u00e7in etkili olacakt\u0131r.&#8221;<\/p>\n<p>&#8211; Dersim Vilayeti&#8217;nin te\u015fkili ile askeri bir idare kurulmas\u0131 ve Dersim \u0131slah\u0131n\u0131n bir programa ba\u011flanmas\u0131 laz\u0131md\u0131r.<\/p>\n<p>Memur yeti\u015ftirecek b\u00fcy\u00fck m\u00fcesseseler g\u00fcneyde yoktur. Orta mektebe girecekler i\u00e7erisinde K\u00fcrtlerden de m\u00fcracaat olursa, onlar\u0131 da reddetmemeliyiz.<\/p>\n<p><span style=\"color: #800000\"><strong>Kaynak: H\u00fcrriyet, 18 Aral\u0131k 2007<\/strong><\/span><\/p>\n<p><span style=\"color: #ff0000\"><strong>\u0130kinci yaz\u0131\u00a0video alt\u0131nda<\/strong><\/span><\/p>\n<p><iframe loading=\"lazy\" title=\"\u0130smet \u0130n\u00f6n\u00fc - k\u00fcrt raporu\" width=\"618\" height=\"464\" src=\"https:\/\/www.youtube.com\/embed\/xxShiM6gXb8?feature=oembed\" frameborder=\"0\" allow=\"accelerometer; autoplay; clipboard-write; encrypted-media; gyroscope; picture-in-picture; web-share\" referrerpolicy=\"strict-origin-when-cross-origin\" allowfullscreen><\/iframe><\/p>\n<p><strong>1935, \u0130smet \u0130n\u00f6n\u00fc&#8217;n\u00fcn &#8216;Do\u011fu Raporu&#8217;ndan:<\/strong><\/p>\n<p>&#8220;Erzincan K\u00fcrt merkezi olursa K\u00fcrdistan&#8217;\u0131n kurulmas\u0131ndan korkar\u0131m. Van ve Erzincan&#8217;da acele olarak, Mu\u015f ovas\u0131nda tedricen ve Elaz\u0131\u011f ovas\u0131nda kuvvetli T\u00fcrk kitleleri v\u00fccuda getirmek zorunday\u0131z. K\u00fcrtleri T\u00fcrkle\u015ftirmenin en etkili yolu, T\u00fcrklerle K\u00fcrtlerin ayn\u0131 okullarda okutulmas\u0131d\u0131r. Diyarbak\u0131r, kuvvetli T\u00fcrkl\u00fck merkezi olmak i\u00e7in tedbirlerimizi kolayl\u0131kla i\u015fletebilece\u011fimiz olgunluktad\u0131r. Dersim vil\u00e2yetinin te\u015fkili ile asker\u00ee bir idare<span class=\"text_exposed_show\"> kurulmas\u0131 ve Dersim \u0131slah\u0131n\u0131n programa ba\u011flanmas\u0131 l\u00e2z\u0131md\u0131r. Erzurum&#8217;un i\u00e7eride K\u00fcrtl\u00fc\u011fe kar\u015f\u0131 sa\u011flam bir T\u00fcrk merkezi haline getirilmesi gerekli, ki, bo\u015falt\u0131lan Ermeni k\u00f6ylerine K\u00fcrtlerin yerle\u015ftirilmesinin engellenmesi de ayr\u0131ca gereklidir&#8217;&#8230;<\/span><\/p>\n<div class=\"text_exposed_show\">\n<p>&#8220;Bitlis, Hizan ve Mutki aras\u0131nda suni olarak daima devlet kuvveti ile v\u00fccuda getirilmi\u015f bir T\u00fcrk Merkezidir. Bitlis olmasayd\u0131 bizim onu yaratmam\u0131z gerekecekti.&#8221;<\/p>\n<p>\u2022 K\u00fcrtlerin \u015fehirlere yerle\u015fmesi engellenmelidir.<br \/>\n\u2022 K\u00fcrtlerin etkisini azaltmak i\u00e7in Karadenizden buraya muhacirler getirilmelidir. \u00d6rne\u011fin Van\u2019a yerle\u015ftirilen Karadenizli T\u00fcrklerden s\u00f6z ederek onlar\u0131n memnun edilmelerinin sa\u011flanmas\u0131n\u0131 ister. B\u00f6ylece di\u011fer muhacirlerin K\u00fcrt b\u00f6lgelerine gelmeleri kolayla\u015ft\u0131r\u0131lmal\u0131d\u0131r.<br \/>\n\u2022 T\u00fcrk ve K\u00fcrt \u015fehirleri olarak ay\u0131rd\u0131\u011f\u0131 m\u0131nt\u0131kalar ayr\u0131 \u015fekillerde hizmet almal\u0131d\u0131r.<br \/>\n\u2022 K\u00fcrtlerin bulundu\u011fu yerlerde hen\u00fcz okul a\u00e7\u0131lmamal\u0131, a\u00e7\u0131lacaksa T\u00fcrkler i\u00e7in okul a\u00e7\u0131lmal\u0131d\u0131r, ikinci planda K\u00fcrtle\u015fmi\u015f fakat T\u00fcrk\u00e7e\u2019yi \u00e7ok daha \u00e7abuk \u00f6\u011frenebilecek yerlerde a\u00e7\u0131lmal\u0131d\u0131r.<br \/>\n\u2022 Frans\u0131z ve di\u011fer \u00fclkelere kar\u015f\u0131 Mardin, Urfa ve Hakkari gibi s\u0131n\u0131r b\u00f6lgelerinde iyi bir idare kurulmal\u0131d\u0131r.<br \/>\n\u2022 Bo\u015falt\u0131lm\u0131\u015f olan Ermeni k\u00f6ylerine K\u00fcrtlerin yerle\u015fmesi engellenmelidir.<br \/>\n\u2022 K\u00fcrt b\u00f6lgesi, n\u00fcfusu bak\u0131m\u0131ndan kalabal\u0131k olmas\u0131na ra\u011fmen, \u00fclkeye kalabal\u0131\u011f\u0131 oran\u0131nda katk\u0131 sunmamaktad\u0131r. Bundan dolay\u0131 yeralt\u0131 zenginliklerinin (petrol, linyit) daha \u00e7ok nas\u0131l kullan\u0131labilece\u011fi ara\u015ft\u0131r\u0131lmal\u0131d\u0131r.<br \/>\n\u2022 B\u00f6lgede trahom ve c\u00fczzam (sadece Kars\u2019ta bin dolay\u0131nda c\u00fczzaml\u0131 var) hastal\u0131klar\u0131 \u00e7ok yayg\u0131nd\u0131r.<br \/>\n\u2022 K\u00fcrtler asimile edilmelidir. K\u00fcrt \u00e7ekim kuvvetine kar\u015f\u0131l\u0131k T\u00fcrk merkezleri olu\u015fturulmal\u0131d\u0131r.<br \/>\n\u2022 K\u00fcrdistan co\u011frafyas\u0131 \u015fimendifer (tren) hatt\u0131 ile kontrol alt\u0131nda tutulmal\u0131.<br \/>\n\u2022 Dersim\u2019e m\u00fcdahale edilmeli.<br \/>\n\u2022 Ka\u00e7ak\u00e7\u0131l\u0131\u011f\u0131n \u00f6n\u00fcne ge\u00e7ilmeli. K\u00fcrtlerin ekonomik g\u00fc\u00e7 elde etmeleri engellenmeli. Gerekirse bunun i\u00e7in vergiler indirilmeli.<\/p>\n<p><span style=\"color: #800000\"><strong>BELGE<\/strong><\/span><br \/>\n<span style=\"color: #800000\"><strong>\u015eark Seyahati Raporu \/ 21 A\u011fustos 1935<\/strong><\/span><\/p>\n<\/div>\n<p>&nbsp;<\/p>\n","protected":false},"excerpt":{"rendered":"<p>&#8220;Erzincan K\u00fcrt merkezi olursa K\u00fcrdistan&#8217;\u0131n kurulmas\u0131ndan korkar\u0131m. Van ve Erzincan&#8217;da acele olarak, Mu\u015f ovas\u0131nda tedricen ve Elaz\u0131\u011f ovas\u0131nda kuvvetli T\u00fcrk kitleleri v\u00fccuda getirmek zorunday\u0131z. K\u00fcrtleri T\u00fcrkle\u015ftirmenin en etkili yolu, T\u00fcrklerle K\u00fcrtlerin ayn\u0131 okullarda okutulmas\u0131d\u0131r. Diyarbak\u0131r, kuvvetli T\u00fcrkl\u00fck merkezi olmak i\u00e7in tedbirlerimizi kolayl\u0131kla i\u015fletebilece\u011fimiz olgunluktad\u0131r. Dersim vil\u00e2yetinin te\u015fkili ile asker\u00ee bir idare kurulmas\u0131 ve Dersim \u0131slah\u0131n\u0131n programa ba\u011flanmas\u0131 l\u00e2z\u0131md\u0131r. Erzurum&#8217;un i\u00e7eride K\u00fcrtl\u00fc\u011fe kar\u015f\u0131 sa\u011flam bir T\u00fcrk merkezi haline getirilmesi gerekli, ki, bo\u015falt\u0131lan Ermeni k\u00f6ylerine K\u00fcrtlerin yerle\u015ftirilmesinin engellenmesi de ayr\u0131ca gereklidir&#8217;&#8230;<\/p>\n","protected":false},"author":2,"featured_media":0,"comment_status":"open","ping_status":"open","sticky":false,"template":"","format":"standard","meta":{"footnotes":""},"categories":[25],"tags":[136,137,138,17],"class_list":["post-985","post","type-post","status-publish","format-standard","","category-tarih","tag-inonu","tag-kurt","tag-rapor","tag-slide"],"_links":{"self":[{"href":"https:\/\/candname.com\/tr\/index.php?rest_route=\/wp\/v2\/posts\/985","targetHints":{"allow":["GET"]}}],"collection":[{"href":"https:\/\/candname.com\/tr\/index.php?rest_route=\/wp\/v2\/posts"}],"about":[{"href":"https:\/\/candname.com\/tr\/index.php?rest_route=\/wp\/v2\/types\/post"}],"author":[{"embeddable":true,"href":"https:\/\/candname.com\/tr\/index.php?rest_route=\/wp\/v2\/users\/2"}],"replies":[{"embeddable":true,"href":"https:\/\/candname.com\/tr\/index.php?rest_route=%2Fwp%2Fv2%2Fcomments&post=985"}],"version-history":[{"count":0,"href":"https:\/\/candname.com\/tr\/index.php?rest_route=\/wp\/v2\/posts\/985\/revisions"}],"wp:attachment":[{"href":"https:\/\/candname.com\/tr\/index.php?rest_route=%2Fwp%2Fv2%2Fmedia&parent=985"}],"wp:term":[{"taxonomy":"category","embeddable":true,"href":"https:\/\/candname.com\/tr\/index.php?rest_route=%2Fwp%2Fv2%2Fcategories&post=985"},{"taxonomy":"post_tag","embeddable":true,"href":"https:\/\/candname.com\/tr\/index.php?rest_route=%2Fwp%2Fv2%2Ftags&post=985"}],"curies":[{"name":"wp","href":"https:\/\/api.w.org\/{rel}","templated":true}]}}