{"id":9283,"date":"2016-05-18T15:34:41","date_gmt":"2016-05-18T12:34:41","guid":{"rendered":"http:\/\/candname.com\/?p=9283"},"modified":"2018-10-15T02:25:39","modified_gmt":"2018-10-14T23:25:39","slug":"kurt-muzigi-ve-nizamettin-aric","status":"publish","type":"post","link":"https:\/\/candname.com\/tr\/?p=9283","title":{"rendered":"K\u00fcrt M\u00fczi\u011fi ve Nizamettin Ari\u00e7"},"content":{"rendered":"<p>Bu kitap, \u201culusal m\u00fczik\u201d kavram\u0131 \u00e7er\u00e7evesinde K\u00fcrt M\u00fczi\u011finin \u201cyerini, d\u00fcnyas\u0131n\u0131, kurumlar\u0131n\u0131 ve \u00f6znelerini belirlemeye \u00e7al\u0131\u015f\u0131yor. Bu belirlemeler politik arka plan\u0131n yan\u0131 s\u0131ra ekonomi politikalar\u0131n etkisiyle ele al\u0131n\u0131yor. Devlet-piyasa-parti denklemi, K\u00fcrt siyasall\u0131\u011f\u0131n\u0131n tarihsel ko\u015fullar\u0131 ve Nizamettin Ari\u00e7\u00b4in hikayesi ile yani \u201cK\u00fcrt m\u00fczisyeni nas\u0131l olu\u015fur?\u201d; \u201cAri\u00e7 neden T\u00fcrkiye\u00b4deki dinleyicisinden kopuk? gibi sorulara yan\u0131t aranarak cevaplan\u0131yor.<br \/>\nFrans\u0131z Ayd\u0131nlanmas\u0131 ile Alman Romantizminin belirledi\u011fi ulusall\u0131k fikirleri, m\u00fczikte ve \u00f6zelinde T\u00fcrk devletinin kurulu\u015funda nas\u0131l bir role sahip? Bu etki, yani tek dil ve tek k\u00fclt\u00fcr politikas\u0131 K\u00fcrt m\u00fczi\u011finde nelere yol a\u00e7\u0131yor?<br \/>\n\u201cK\u00fcrtlerin 20.y\u00fczy\u0131l\u0131n ba\u015flar\u0131nda modernist ulusal devlet olu\u015fumlar\u0131n\u0131n d\u0131\u015f\u0131na d\u00fc\u015ferek devletsiz kalmas\u0131; yan\u0131 s\u0131ra mekansal ve toplumsal olarak par\u00e7alanmas\u0131; kapitalistle\u015fme ile k\u0131r-kent \u00e7eli\u015fkilerini deneyimlemesi ve s\u0131n\u0131fsal dokusunun belirginle\u015fmesi&#8230;.\u201d gibi konular\u0131n yan\u0131 s\u0131ra kitap 1990 sonras\u0131 itibariyle PKK\u00b4nin K\u00fcrt m\u00fczi\u011fi \u00fczerindeki etkisini kavramsal d\u00fczeyde analiz etmektedir. Yazara g\u00f6re yasak ve asimilasyona \u201ckar\u015f\u0131\u201d bir alan ve ideoloji \u00f6ren K\u00fcrt parti ve politik \u00e7evreleri m\u00fczi\u011fi ara\u00e7salla\u015ft\u0131rmaktad\u0131r.<\/p>\n<p>Devlet Piyasa Parti<br \/>\nK\u00fcrt M\u00fczi\u011fi ve Nizamettin Ari\u00e7<br \/>\nBesime \u015een<br \/>\nISBN: 978-605-9082-62-4<br \/>\n21.5&#215;13.5, 248 sayfa<\/p>\n<p>http:\/\/www.avestakitap.com\/urun_12114_Avesta_Devlet%20Piyasa%20Parti&#8211;K%C3%BCrt%20M%C3%BCzi%C4%9Fi%20ve%20Nizamettin%20Ari%C3%A7.html<\/p>\n","protected":false},"excerpt":{"rendered":"<p>Bu kitap, \u201culusal m\u00fczik\u201d kavram\u0131 \u00e7er\u00e7evesinde K\u00fcrt M\u00fczi\u011finin \u201cyerini, d\u00fcnyas\u0131n\u0131, kurumlar\u0131n\u0131 ve \u00f6znelerini belirlemeye \u00e7al\u0131\u015f\u0131yor. Bu belirlemeler politik arka plan\u0131n yan\u0131 s\u0131ra ekonomi politikalar\u0131n etkisiyle ele al\u0131n\u0131yor. Devlet-piyasa-parti denklemi, K\u00fcrt siyasall\u0131\u011f\u0131n\u0131n tarihsel ko\u015fullar\u0131 ve Nizamettin Ari\u00e7\u00b4in hikayesi ile yani \u201cK\u00fcrt m\u00fczisyeni nas\u0131l olu\u015fur?\u201d; \u201cAri\u00e7 neden T\u00fcrkiye\u00b4deki dinleyicisinden kopuk? gibi sorulara yan\u0131t aranarak cevaplan\u0131yor. Frans\u0131z Ayd\u0131nlanmas\u0131 &hellip;<\/p>\n","protected":false},"author":53,"featured_media":0,"comment_status":"open","ping_status":"open","sticky":false,"template":"","format":"standard","meta":{"footnotes":""},"categories":[1746],"tags":[88,5416],"class_list":["post-9283","post","type-post","status-publish","format-standard","","category-kitapcilik","tag-pirtuk","tag-tanitim"],"_links":{"self":[{"href":"https:\/\/candname.com\/tr\/index.php?rest_route=\/wp\/v2\/posts\/9283","targetHints":{"allow":["GET"]}}],"collection":[{"href":"https:\/\/candname.com\/tr\/index.php?rest_route=\/wp\/v2\/posts"}],"about":[{"href":"https:\/\/candname.com\/tr\/index.php?rest_route=\/wp\/v2\/types\/post"}],"author":[{"embeddable":true,"href":"https:\/\/candname.com\/tr\/index.php?rest_route=\/wp\/v2\/users\/53"}],"replies":[{"embeddable":true,"href":"https:\/\/candname.com\/tr\/index.php?rest_route=%2Fwp%2Fv2%2Fcomments&post=9283"}],"version-history":[{"count":0,"href":"https:\/\/candname.com\/tr\/index.php?rest_route=\/wp\/v2\/posts\/9283\/revisions"}],"wp:attachment":[{"href":"https:\/\/candname.com\/tr\/index.php?rest_route=%2Fwp%2Fv2%2Fmedia&parent=9283"}],"wp:term":[{"taxonomy":"category","embeddable":true,"href":"https:\/\/candname.com\/tr\/index.php?rest_route=%2Fwp%2Fv2%2Fcategories&post=9283"},{"taxonomy":"post_tag","embeddable":true,"href":"https:\/\/candname.com\/tr\/index.php?rest_route=%2Fwp%2Fv2%2Ftags&post=9283"}],"curies":[{"name":"wp","href":"https:\/\/api.w.org\/{rel}","templated":true}]}}