{"id":8764,"date":"2016-05-09T18:00:19","date_gmt":"2016-05-09T15:00:19","guid":{"rendered":"http:\/\/candname.com\/?p=8764"},"modified":"2018-10-15T02:17:48","modified_gmt":"2018-10-14T23:17:48","slug":"bir-islami-kurd-mimari-harikasi","status":"publish","type":"post","link":"https:\/\/candname.com\/tr\/?p=8764","title":{"rendered":"Bir \u0130slami K\u00fcrd Mimari Harikasi"},"content":{"rendered":"<p><span style=\"color: #000000;\">Bir \u0130slami K\u00fcrd Mimari Harikasi: Kutup Minaresi Delhi<\/span><\/p>\n<p><span style=\"color: #000000;\">Kutub Minar, Delhi\u2019de Kuvvetii&#8217;i-\u0130slam Camii&#8217;nin 50m. g\u00fcneyinde 13.y\u00fczy\u0131lda in\u015fa edilmi\u015f zafer an\u0131t\u0131 niteli\u011findeki minare.<\/span><\/p>\n<p><span style=\"color: #000000;\">\u0130slam mimarisinin ba\u015fyap\u0131tlar\u0131ndan kabul edilen minare, 72,5m. y\u00fcksekli\u011fi ile 14. y\u00fczy\u0131lda Tac Mahal\u2019in in\u015fa edilmesine kadar Hindistan\u2019\u0131n, en y\u00fcksek yap\u0131s\u0131 olarak kalm\u0131\u015ft\u0131r<\/span><\/p>\n<p><span style=\"color: #000000;\">Minare Gor K\u00fcrd Hanedanl\u0131\u011f\u0131 taraf\u0131ndan 12.Y\u00fczy\u0131l\u0131n ba\u015flar\u0131nda yap\u0131lm\u0131\u015ft\u0131r&#8230;<\/span><\/p>\n<p style=\"text-align: right;\"><em><span style=\"color: #ff0000;\">Ya\u015far G\u00fclen<\/span><\/em><\/p>\n","protected":false},"excerpt":{"rendered":"<p>Bir \u0130slami K\u00fcrd Mimari Harikasi: Kutup Minaresi Delhi Kutub Minar, Delhi\u2019de Kuvvetii&#8217;i-\u0130slam Camii&#8217;nin 50m. g\u00fcneyinde 13.y\u00fczy\u0131lda in\u015fa edilmi\u015f zafer an\u0131t\u0131 niteli\u011findeki minare. \u0130slam mimarisinin ba\u015fyap\u0131tlar\u0131ndan kabul edilen minare, 72,5m. y\u00fcksekli\u011fi ile 14. y\u00fczy\u0131lda Tac Mahal\u2019in in\u015fa edilmesine kadar Hindistan\u2019\u0131n, en y\u00fcksek yap\u0131s\u0131 olarak kalm\u0131\u015ft\u0131r Minare Gor K\u00fcrd Hanedanl\u0131\u011f\u0131 taraf\u0131ndan 12.Y\u00fczy\u0131l\u0131n ba\u015flar\u0131nda yap\u0131lm\u0131\u015ft\u0131r&#8230; Ya\u015far G\u00fclen<\/p>\n","protected":false},"author":53,"featured_media":0,"comment_status":"open","ping_status":"open","sticky":false,"template":"","format":"standard","meta":{"footnotes":""},"categories":[1084],"tags":[5415,5413,5412,731,78,5414,3086],"class_list":["post-8764","post","type-post","status-publish","format-standard","","category-arastirma","tag-delhi","tag-gor-kurd-hanedanligi","tag-harika","tag-islam","tag-kurd","tag-kutup-minaresi","tag-mimari"],"_links":{"self":[{"href":"https:\/\/candname.com\/tr\/index.php?rest_route=\/wp\/v2\/posts\/8764","targetHints":{"allow":["GET"]}}],"collection":[{"href":"https:\/\/candname.com\/tr\/index.php?rest_route=\/wp\/v2\/posts"}],"about":[{"href":"https:\/\/candname.com\/tr\/index.php?rest_route=\/wp\/v2\/types\/post"}],"author":[{"embeddable":true,"href":"https:\/\/candname.com\/tr\/index.php?rest_route=\/wp\/v2\/users\/53"}],"replies":[{"embeddable":true,"href":"https:\/\/candname.com\/tr\/index.php?rest_route=%2Fwp%2Fv2%2Fcomments&post=8764"}],"version-history":[{"count":0,"href":"https:\/\/candname.com\/tr\/index.php?rest_route=\/wp\/v2\/posts\/8764\/revisions"}],"wp:attachment":[{"href":"https:\/\/candname.com\/tr\/index.php?rest_route=%2Fwp%2Fv2%2Fmedia&parent=8764"}],"wp:term":[{"taxonomy":"category","embeddable":true,"href":"https:\/\/candname.com\/tr\/index.php?rest_route=%2Fwp%2Fv2%2Fcategories&post=8764"},{"taxonomy":"post_tag","embeddable":true,"href":"https:\/\/candname.com\/tr\/index.php?rest_route=%2Fwp%2Fv2%2Ftags&post=8764"}],"curies":[{"name":"wp","href":"https:\/\/api.w.org\/{rel}","templated":true}]}}