{"id":8399,"date":"2016-04-21T12:00:23","date_gmt":"2016-04-21T09:00:23","guid":{"rendered":"http:\/\/candname.com\/?p=8399"},"modified":"2016-04-21T10:33:23","modified_gmt":"2016-04-21T07:33:23","slug":"1950li-yillar-kerkukun-demografik-yapisi-kerkuk-kimin-sehri","status":"publish","type":"post","link":"https:\/\/candname.com\/tr\/?p=8399","title":{"rendered":"1950\u2019li Y\u0131llar Kerk\u00fck\u2019\u00fcn Demografik Yap\u0131s\u0131 \u2018Kerk\u00fck Kimin \u015eehri?\u2019"},"content":{"rendered":"<p><strong>\u0130ngiltere h\u00fck\u00fcmet ar\u015fivinde yer alan belgelere g\u00f6re, 1940 ve 50\u2019li y\u0131llarda Irak\u2019ta 900 bin K\u00fcrd ya\u015f\u0131yordu. Yay\u0131nlanan belgelere g\u00f6re Kerk\u00fck\u2019te ya\u015fayan 285 bin ki\u015finin 151 bini K\u00fcrd.<\/strong><\/p>\n<p>BAAS rejimi d\u00f6neminde Saddam taraf\u0131ndan Kerk\u00fck ve Musul\u2019un demografik yap\u0131s\u0131 sava\u015flarla de\u011fi\u015ftirildi. K\u00fcrdler, Kerk\u00fck\u2019ten g\u00f6\u00e7 ettirilerek yerlerine Araplar yerle\u015ftirildi. K\u00fcrt n\u00fcfusunun eritildi\u011fi Kerk\u00fck\u2019te daha sonra <strong>\u201dT\u00fcrkmen\u201d<\/strong> ve \u201d<strong>Arap \u015fehri\u201d<\/strong> alg\u0131s\u0131 yarat\u0131ld\u0131. Bug\u00fcn, Kerk\u00fck\u2019e ba\u011fl\u0131 Havice ( \u0130\u015e\u0130D kontrol\u00fcnde) bulunuyor. Havice, Saddam d\u00f6neminde kuruldu ve araplar yerle\u015ftirilerek Kerk\u00fck\u2019\u00fcn n\u00fcfusuna m\u00fcdahale edildi. 1950\u2019li y\u0131llarda Kerk\u00fck\u2019te bulunan K\u00fcrt n\u00fcfusu %65-70 civar\u0131ndayken g\u00fcn\u00fcm\u00fczde n\u00fcfus oran\u0131 %50-51 seviyesindedir.<\/p>\n<p>&nbsp;<\/p>\n<p><a href=\"http:\/\/www.bitlisname.com\/wp-content\/uploads\/2016\/04\/sad2.png\" rel=\"attachment wp-att-2109\"><img loading=\"lazy\" decoding=\"async\" class=\"aligncenter wp-image-2109\" src=\"http:\/\/www.bitlisname.com\/wp-content\/uploads\/2016\/04\/sad2.png\" sizes=\"auto, (max-width: 417px) 100vw, 417px\" srcset=\"http:\/\/www.bitlisname.com\/wp-content\/uploads\/2016\/04\/sad2.png 309w, http:\/\/www.bitlisname.com\/wp-content\/uploads\/2016\/04\/sad2-164x300.png 164w\" alt=\"sad2\" width=\"417\" height=\"764\" \/><\/a><\/p>\n<p>\u00c7em\u00e7emal, Xurmat\u00fb ve Germiyan il\u00e7eleri o d\u00f6nemde Kerk\u00fck vilayetine ba\u011fl\u0131yd\u0131.S\u00f6zkonusu ar\u015fivde, <strong>Erbil\u2019in o d\u00f6nem genel n\u00fcfusunun 240 bin ve bunun 218 binin K\u00fcrd oldu\u011fu belgeleniyor. Belgelerde, S\u00fcleymaniye vilayetinde 222 bin ki\u015finin ya\u015fad\u0131\u011f\u0131 ve ya\u015fayanlar\u0131n %100 K\u00fcrd oldu\u011fu belirtiliyor.<\/strong>\u0130ngiltere ar\u015fiv belgelerine g\u00f6re, \u2018K\u00fcrdistan B\u00f6lgesi \u0130daresi D\u0131\u015f\u0131nda Kalan K\u00fcrd B\u00f6lgeleri\u2019 Xaneq\u00een, Mendel\u00ee, Se\u00eediye, Celavle ve Beledruz vilayetlerinde o d\u00f6nem 56 bin ki\u015fi ya\u015f\u0131yor ve bunlar\u0131n 45 bini K\u00fcrd.<\/p>\n<p>&nbsp;<\/p>\n<p><a href=\"http:\/\/www.bitlisname.com\/wp-content\/uploads\/2016\/04\/sad1.png\" rel=\"attachment wp-att-2108\"><img loading=\"lazy\" decoding=\"async\" class=\"aligncenter wp-image-2108\" src=\"http:\/\/www.bitlisname.com\/wp-content\/uploads\/2016\/04\/sad1.png\" sizes=\"auto, (max-width: 415px) 100vw, 415px\" srcset=\"http:\/\/www.bitlisname.com\/wp-content\/uploads\/2016\/04\/sad1.png 315w, http:\/\/www.bitlisname.com\/wp-content\/uploads\/2016\/04\/sad1-167x300.png 167w\" alt=\"sad1\" width=\"438\" height=\"785\" \/><\/a><br \/>\nBelgelerde ayr\u0131ca Ninowa Vilayeti s\u0131n\u0131rlar\u0131 i\u00e7erisinde 210 bin K\u00fcrd vatanda\u015f\u0131n\u0131n ya\u015fad\u0131\u011f\u0131 ve Duhok il\u00e7esinin de buraya dahil oldu\u011fu belirtilmi\u015f. Ayr\u0131ca belgelere g\u00f6re Ba\u011fdat\u2019ta 23 bin K\u00fcrd vatanda\u015f\u0131 ya\u015f\u0131yordu.<\/p>\n<p>Bitlisname.com<\/p>\n","protected":false},"excerpt":{"rendered":"<p>\u0130ngiltere h\u00fck\u00fcmet ar\u015fivinde yer alan belgelere g\u00f6re, 1940 ve 50\u2019li y\u0131llarda Irak\u2019ta 900 bin K\u00fcrd ya\u015f\u0131yordu. Yay\u0131nlanan belgelere g\u00f6re Kerk\u00fck\u2019te ya\u015fayan 285 bin ki\u015finin 151 bini K\u00fcrd. BAAS rejimi d\u00f6neminde Saddam taraf\u0131ndan Kerk\u00fck ve Musul\u2019un demografik yap\u0131s\u0131 sava\u015flarla de\u011fi\u015ftirildi. K\u00fcrdler, Kerk\u00fck\u2019ten g\u00f6\u00e7 ettirilerek yerlerine Araplar yerle\u015ftirildi. K\u00fcrt n\u00fcfusunun eritildi\u011fi Kerk\u00fck\u2019te daha sonra \u201dT\u00fcrkmen\u201d ve \u201dArap &hellip;<\/p>\n","protected":false},"author":32,"featured_media":0,"comment_status":"open","ping_status":"open","sticky":false,"template":"","format":"standard","meta":{"footnotes":""},"categories":[299],"tags":[3006,137,17],"class_list":["post-8399","post","type-post","status-publish","format-standard","","category-turkce","tag-kerkuk","tag-kurt","tag-slide"],"_links":{"self":[{"href":"https:\/\/candname.com\/tr\/index.php?rest_route=\/wp\/v2\/posts\/8399","targetHints":{"allow":["GET"]}}],"collection":[{"href":"https:\/\/candname.com\/tr\/index.php?rest_route=\/wp\/v2\/posts"}],"about":[{"href":"https:\/\/candname.com\/tr\/index.php?rest_route=\/wp\/v2\/types\/post"}],"author":[{"embeddable":true,"href":"https:\/\/candname.com\/tr\/index.php?rest_route=\/wp\/v2\/users\/32"}],"replies":[{"embeddable":true,"href":"https:\/\/candname.com\/tr\/index.php?rest_route=%2Fwp%2Fv2%2Fcomments&post=8399"}],"version-history":[{"count":0,"href":"https:\/\/candname.com\/tr\/index.php?rest_route=\/wp\/v2\/posts\/8399\/revisions"}],"wp:attachment":[{"href":"https:\/\/candname.com\/tr\/index.php?rest_route=%2Fwp%2Fv2%2Fmedia&parent=8399"}],"wp:term":[{"taxonomy":"category","embeddable":true,"href":"https:\/\/candname.com\/tr\/index.php?rest_route=%2Fwp%2Fv2%2Fcategories&post=8399"},{"taxonomy":"post_tag","embeddable":true,"href":"https:\/\/candname.com\/tr\/index.php?rest_route=%2Fwp%2Fv2%2Ftags&post=8399"}],"curies":[{"name":"wp","href":"https:\/\/api.w.org\/{rel}","templated":true}]}}