{"id":7981,"date":"2016-04-06T12:00:29","date_gmt":"2016-04-06T10:00:29","guid":{"rendered":"http:\/\/candname.com\/?p=7981"},"modified":"2018-10-15T09:57:21","modified_gmt":"2018-10-15T06:57:21","slug":"nasil-kurtce-okuyabilirim-4","status":"publish","type":"post","link":"https:\/\/candname.com\/tr\/?p=7981","title":{"rendered":"Nas\u0131l K\u00fcrt\u00e7e Okuyabilirim &#8211; 4"},"content":{"rendered":"<p><span style=\"color: #000000;\">Kurd\u00eed\u00ea \u015fapkas\u0131z olan &#8220;E-e&#8221; ve \u015fapkal\u0131 olan &#8220;\u00ca-\u00ea&#8221; diye iki ayr\u0131 harf vard\u0131r.<\/span><\/p>\n<p><strong><span style=\"color: #000000;\">T\u00fcrk\u00e7ede ise yaz\u0131l\u0131\u015f olarak \u015fapkal\u0131 olan &#8220;\u00ca-\u00ea&#8221; harfi yoktur.<\/span><\/strong><\/p>\n<p><span style=\"color: #000000;\">Bi k\u0131yas daha yapal\u0131m.<\/span><\/p>\n<p><span style=\"color: #000000;\">T\u00fcrk\u00e7ede \u00e7\u0131kar\u0131lan &#8220;E-e&#8221; sesi Kurd\u00eedeki \u015fapkal\u0131 olan &#8220;\u00ca-\u00ea&#8221; ile hemen hemen ayn\u0131d\u0131r. Sadece biraz<\/span><\/p>\n<p><span style=\"color: #000000;\">uzat\u0131l\u0131r.<\/span><\/p>\n<p><span style=\"color: #000000;\">yani k\u0131saca<\/span><\/p>\n<p><strong><span style=\"color: #000000;\">Kurd\u00eede \u015fapkal\u0131 olan &#8220;\u00ca-\u00ea&#8221; biraz uzat\u0131l\u0131r.<\/span><\/strong><\/p>\n<p><span style=\"color: #000000;\">bir daha tekrar ediyom:<\/span><\/p>\n<p><span style=\"color: #800000;\"><strong>&#8220;\u00ca-\u00ea&#8221; harfi uuzaat\u0131\u0131l\u0131\u0131\u0131r.<\/strong><\/span><\/p>\n<p><span style=\"color: #000000;\">\u00ead\u00ee \u00f6rnek verelim bence.<\/span><\/p>\n<p><span style=\"color: #000000;\">Yoksa papa\u011fan misal olacaz yaw <strong>\ud83d\ude42<\/strong><\/span><\/p>\n<p><span style=\"color: #000000;\">t\u00ear: tok (hafif bir uzatma ile T\u00fcrk\u00e7ede &#8220;teer&#8221; der gibi)<\/span><\/p>\n<p><span style=\"color: #000000;\">d\u00ear: kilise<\/span><\/p>\n<p><span style=\"color: #000000;\">j\u00ear: alt, a\u015fa\u011f\u0131<\/span><\/p>\n<p><span style=\"color: #000000;\">x\u00ear: hay\u0131r<\/span><\/p>\n<p><span style=\"color: #000000;\">z\u00ear: alt\u0131n<\/span><\/p>\n<p><span style=\"color: #000000;\">n\u00ear: erkek, eril<\/span><\/p>\n<p><span style=\"color: #000000;\">m\u00ear: erkek, yi\u011fit<\/span><\/p>\n<p><span style=\"color: #000000;\">\u00ea\u015f: a\u011fr\u0131, ac\u0131, s\u0131z\u0131 (baz\u0131 illerimizde \u015fa\u015f\u0131rma kelimesidir :))<\/span><\/p>\n<p><span style=\"color: #000000;\">m\u00ea\u015f: sinek, ar\u0131<\/span><\/p>\n<p><span style=\"color: #000000;\">p\u00ea\u015f: \u00f6n<\/span><\/p>\n<p><span style=\"color: #000000;\">r\u00ea: yol<\/span><\/p>\n<p><span style=\"color: #000000;\">s\u00ea: 3<\/span><\/p>\n<p><span style=\"color: #000000;\">s\u00eav: elma<\/span><\/p>\n<p><span style=\"color: #000000;\">l\u00eav: dudak<\/span><\/p>\n<p><span style=\"color: #000000;\">k\u00eaf: keyif<\/span><\/p>\n<p><span style=\"color: #000000;\">Ba\u015fka bi anlat\u0131m ile somutla\u015ft\u0131raq.<\/span><\/p>\n<p><span style=\"color: #000000;\">T\u00fcrk\u00e7ede hafif bir uzatma ile &#8220;mer&#8221; derken \u00e7\u0131kar\u0131lan ses, Kurd\u00eededeki &#8220;m\u00ear&#8221; ile ayn\u0131 \u015fekildedir.<\/span><\/p>\n<p><span style=\"color: #000000;\">Bir de bu c\u00fcmleyi tersten yazaq \ud83d\ude42<\/span><\/p>\n<p><span style=\"color: #000000;\">Kurd\u00eede &#8220;\u015f\u00ear&#8221; T\u00fcr\u00e7edeki hafif uzatme ile okunan &#8220;\u015fer&#8221; ile ayn\u0131 sestir.<\/span><\/p>\n<p><span style=\"color: #000000;\">\u015f\u00east: 60 (\u015feeeeest)<\/span><\/p>\n<p><span style=\"color: #000000;\">p\u00eanc: 5 (peeeeenc)<\/span><\/p>\n<p><span style=\"color: #000000;\">m\u00eavan: misafir<\/span><\/p>\n<p><span style=\"color: #000000;\">w\u00earan: viran, y\u0131k\u0131k<\/span><\/p>\n<p><span style=\"color: #000000;\">b\u00ear\u00eevan: koyun sa\u011fan kad\u0131n<\/span><\/p>\n<p><span style=\"color: #000000;\">h\u00eat: duvar<\/span><\/p>\n<p><span style=\"color: #000000;\">k\u00eam: eksik<\/span><\/p>\n<p><span style=\"color: #000000;\">z\u00eade: fazla<\/span><\/p>\n<p><span style=\"color: #000000;\">p\u00ear: \u00f6nceki g\u00fcn<\/span><\/p>\n<p><span style=\"color: #000000;\">p\u00earar: \u00f6nceki y\u0131l<\/span><\/p>\n<p><span style=\"color: #000000;\">h\u00eajar: yoksul, fakir<\/span><\/p>\n<p><span style=\"color: #000000;\">\u015f\u00ealav: bulan\u0131k su<\/span><\/p>\n<p><span style=\"color: #000000;\">p\u00ealav: ayakkab\u0131<\/span><\/p>\n<p><span style=\"color: #000000;\">p\u00eagav: ad\u0131m<\/span><\/p>\n<p><span style=\"color: #000000;\">Ha gayret yabanc\u0131s\u0131 olmad\u0131\u011f\u0131n\u0131z bir dil ve ses \ud83d\ude42<\/span><\/p>\n<p><span style=\"color: #000000;\">Belki de yapaca\u011f\u0131n tek \u015fey sesine kulak ver g\u00f6z\u00fcnle takip et \ud83d\ude42<\/span><\/p>\n<p><span style=\"color: #000000;\">Ve hafifce uzatmak &#8221; \u00ea &#8221; harfini.<\/span><\/p>\n<p><span style=\"color: #000000;\">b\u00eahenek h\u00easan e looo ::) l\u00ea\u00ea\u00ea ::)<\/span><\/p>\n<p><span style=\"color: #000000;\">\u00f6yle de\u011fil mi ?<\/span><\/p>\n<p><span style=\"color: #000000;\">\u00eay<\/span><\/p>\n<p><span style=\"color: #000000;\">h\u00eay<\/span><\/p>\n<p><span style=\"color: #000000;\">n\u00eaz: yak\u0131n<\/span><\/p>\n<p><span style=\"color: #000000;\">h\u00eaz: g\u00fc\u00e7, kuvvet<\/span><\/p>\n<p><span style=\"color: #000000;\">d\u00ea: ana, anne<\/span><\/p>\n<p><span style=\"color: #000000;\">h\u00ears: \u00f6fke, k\u0131zg\u0131nl\u0131k<\/span><\/p>\n<p><span style=\"color: #000000;\">\u015f\u00eawr: dan\u0131\u015fma, isti\u015fare<\/span><\/p>\n<p><span style=\"color: #000000;\">\u00eas\u00eer = h\u00eas\u00eer: esir<\/span><\/p>\n<p><span style=\"color: #000000;\">\u00e7\u00ealek: inek<\/span><\/p>\n<p><span style=\"color: #000000;\">p\u00ea\u00e7ek: kundak<\/span><\/p>\n<p><span style=\"color: #000000;\">p\u00ea\u015f\u00ee: \u00f6nce, evvel<\/span><\/p>\n<p><span style=\"color: #000000;\">h\u00ea\u015f\u00een: ye\u015fil<\/span><\/p>\n<p><span style=\"color: #000000;\">\u00eat\u00eem: yetim<\/span><\/p>\n<p><span style=\"color: #000000;\">B\u00fct\u00fcn &#8221; b\u00ea &#8221; eki olan kelimeler bu harfe \u00f6rnektirler.<\/span><\/p>\n<p><span style=\"color: #000000;\">(( b\u00ea = olumsuz eki olan &#8221; suz, s\u00fcz, siz, s\u0131z &#8221; ekleridir.))<\/span><\/p>\n<p><span style=\"color: #000000;\">b\u00eacan: cans\u0131z (bee-caan)<\/span><\/p>\n<p><span style=\"color: #000000;\">b\u00eabaran: ya\u011fmursuz<\/span><\/p>\n<p><span style=\"color: #000000;\">b\u00eaguman: ku\u015fkusuz<\/span><\/p>\n<p><span style=\"color: #000000;\">b\u00eaderman: dermans\u0131z<\/span><\/p>\n<p><span style=\"color: #000000;\">b\u00eabar: y\u00fcks\u00fcz (bee-baar)<\/span><\/p>\n<p><span style=\"color: #000000;\">b\u00eadar: a\u011fa\u00e7s\u0131z<\/span><\/p>\n<p><span style=\"color: #000000;\">b\u00eabav: babas\u0131z<\/span><\/p>\n<p><span style=\"color: #000000;\">b\u00eaav: susuz<\/span><\/p>\n<p><span style=\"color: #000000;\">b\u00eaax: topraks\u0131z<\/span><\/p>\n<p><span style=\"color: #000000;\">b\u00eabext: bahts\u0131z<\/span><\/p>\n<p><span style=\"color: #000000;\">b\u00eadeng: sessiz<\/span><\/p>\n<p><span style=\"color: #000000;\">b\u00eadert: dertsiz<\/span><\/p>\n<p><span style=\"color: #000000;\">b\u00eade\u015ft: ovas\u0131z<\/span><\/p>\n<p><span style=\"color: #000000;\">b\u00eadest: elsiz<\/span><\/p>\n<p><span style=\"color: #000000;\">b\u00eadil: g\u00f6n\u00fcls\u00fcz<\/span><\/p>\n<p><span style=\"color: #000000;\">b\u00eacil: elbisesiz<\/span><\/p>\n<p><span style=\"color: #000000;\">b\u00eacih: yersiz, yurtsuz<\/span><\/p>\n<p><span style=\"color: #000000;\">b\u00eacir: huysuz<\/span><\/p>\n<p><span style=\"color: #000000;\">b\u00eah\u00eaz: g\u00fc\u00e7s\u00fcz, kuvvetsiz<\/span><\/p>\n<p><span style=\"color: #000000;\">b\u00eadaw\u00ee ye&#8230;.<\/span><\/p>\n<p><span style=\"color: #000000;\">bir ka\u00e7 c\u00fcmle de verelim buu sefer sadece bii sefer..<\/span><\/p>\n<ul>\n<li><span style=\"color: #000000;\">bin\u00ear li j\u00ear (a\u015fa\u011f\u0131 bak\u0131n)<\/span><\/li>\n<li><span style=\"color: #000000;\">h\u00eal\u00een b\u00ea h\u00eak e ( yuva yumurtas\u0131zd\u0131r )<\/span><\/li>\n<li><span style=\"color: #000000;\">h\u00ead\u00ee h\u00ead\u00ee t\u00ea f\u00eam k\u0131r\u0131n (yava\u015f yava\u015f anla\u015f\u0131l\u0131yor)<\/span><\/li>\n<\/ul>\n<p><strong><span style=\"color: #000000;\">in\u015faAllah diyelim \ud83d\ude42<\/span><\/strong><\/p>\n<p><strong><span style=\"color: #000000;\">sonra ya Allah devam edelim.<\/span><\/strong><\/p>\n<p><span style=\"color: #000000;\">&#8220;rehber, \u00f6nc\u00fc, \u00f6nder, k\u0131lavuz&#8221; anlamlar\u0131nda olan kelime<\/span><\/p>\n<p><span style=\"color: #000000;\">Kurd\u00eede ne \u00e7ok varm\u0131\u015f yaw \ud83d\ude42<\/span><\/p>\n<p><span style=\"color: #000000;\">bence balk\u00ea\u015f ?!<\/span><\/p>\n<p><span style=\"color: #000000;\">r\u00eaber,\u00a0<\/span><span style=\"color: #000000;\">r\u00eazan,\u00a0<\/span><span style=\"color: #000000;\">p\u00ea\u015f\u00eevan,\u00a0<\/span><span style=\"color: #000000;\">p\u00ea\u015fber,\u00a0<\/span><span style=\"color: #000000;\">p\u00ea\u015fder,\u00a0<\/span><span style=\"color: #000000;\">p\u00ea\u015f\u00eekar,\u00a0<\/span><span style=\"color: #000000;\">p\u00ea\u015fander,\u00a0<\/span><span style=\"color: #000000;\">p\u00ea\u015f\u00eewa,\u00a0<\/span><span style=\"color: #000000;\">p\u00ea\u015fk\u00ea\u015f,\u00a0<\/span><span style=\"color: #000000;\">p\u00ea\u015feng,\u00a0<\/span><span style=\"color: #000000;\">p\u00ea\u015fdar,\u00a0<\/span><span style=\"color: #000000;\">p\u00ea\u015fm\u00ear,\u00a0<\/span><\/p>\n<p><span style=\"color: #000000;\">ser\u00eek\u00ea\u015f<\/span><\/p>\n<p><strong><span style=\"color: #000000;\">Bak\u0131n bunlar\u0131n kal\u0131b\u0131na, hep ayn\u0131 fabrikadan \ud83d\ude42<\/span><\/strong><\/p>\n<p><span style=\"color: #000000;\">f\u00eak\u00ee=meyve<\/span><\/p>\n<p><span style=\"color: #000000;\">c\u00eaw\u00ee=ikiz<\/span><\/p>\n<p><span style=\"color: #000000;\">s\u00eaw\u00ee=yetim<\/span><\/p>\n<p><span style=\"color: #000000;\">r\u00eaw\u00ee=yolcu<\/span><\/p>\n<p><span style=\"color: #000000;\">r\u00eav\u00ee=\u00a01.ba\u011f\u0131rsak 2.tilki<\/span><\/p>\n<p><span style=\"color: #000000;\">h\u00eav\u00ee=umut<\/span><\/p>\n<p><span style=\"color: #000000;\">g\u00eaj\u00ee=sersemik<\/span><\/p>\n<p><span style=\"color: #000000;\">x\u00eal\u00ee=gelin alay\u0131<\/span><\/p>\n<p>&nbsp;<\/p>\n<p><strong><span style=\"color: #000000;\">\u00d6rneklere devam edelim arkada\u015flar.<\/span><\/strong><\/p>\n<p><strong><span style=\"color: #000000;\">B\u00fct\u00fcn derslerimiz \u00f6rnekler \u00fczerinden asl\u0131nda bildi\u011finiz kelimeleri nazarlar\u0131n\u0131za sunuyor.<\/span><\/strong><\/p>\n<p><strong><span style=\"color: #000000;\">Olay gayet basit.<\/span><\/strong><\/p>\n<p><strong><span style=\"color: #000000;\">Sadece g\u00fcnl\u00fck hayatta duydu\u011funuz gibi okuyun ve daha sonra harflere iyi dikkat\u00a0<\/span><span style=\"color: #000000;\">edin NOKTA:)<\/span><\/strong><\/p>\n<p><span style=\"color: #800000;\"><strong>Ve son \u00f6rneklerimiz. Tebrik ediyorum..<\/strong><\/span><\/p>\n<p><span style=\"color: #000000;\">f\u00ear: \u00f6\u011frenme, ders<\/span><\/p>\n<p><span style=\"color: #000000;\">r\u00eaz: sayg\u0131, h\u00fcrmet<\/span><\/p>\n<p><span style=\"color: #000000;\">r\u00ea\u00e7: iz<\/span><\/p>\n<p><span style=\"color: #000000;\">k\u00ea: kim<\/span><\/p>\n<p><span style=\"color: #000000;\">k\u00eal: mezar ta\u015f\u0131<\/span><\/p>\n<p><span style=\"color: #000000;\">f\u00eal: oyun desise<\/span><\/p>\n<p><span style=\"color: #000000;\">f\u00ean: oyun, hile<\/span><\/p>\n<p><span style=\"color: #000000;\">p\u00eajn: sezgi, duygu<\/span><\/p>\n<p><span style=\"color: #000000;\">t\u00eahn: \u0131s\u0131, hararet<\/span><\/p>\n<p><span style=\"color: #000000;\">b\u00eahn: koku<\/span><\/p>\n<p><span style=\"color: #000000;\">n\u00ea\u00e7\u00eervan: avc\u0131<\/span><\/p>\n<p><span style=\"color: #000000;\">r\u00eaziman: gramer, dil bilgisi<\/span><\/p>\n<p><span style=\"color: #000000;\">b\u00eak\u00ear: yarars\u0131z, faydas\u0131z<\/span><\/p>\n<p><span style=\"color: #000000;\">\u00ear\u00ee\u015f: sald\u0131r\u0131, h\u00fccum<\/span><\/p>\n<p><span style=\"color: #000000;\">h\u00eaj\u00eer: incir<\/span><\/p>\n<p><span style=\"color: #000000;\">s\u00ea\u015fem: sal\u0131 g\u00fcn\u00fc<\/span><\/p>\n<p><span style=\"color: #000000;\">\u00eavara \u00een\u00ea: cuma ak\u015fam\u0131<\/span><\/p>\n<p><span style=\"color: #000000;\">n\u00eargiz: nergis<\/span><\/p>\n<p><span style=\"color: #000000;\">nim\u00eaj: namaz<\/span><\/p>\n<p><span style=\"color: #000000;\">p\u00eala av\u00ea: su dalgas\u0131<\/span><\/p>\n<p><span style=\"color: #000000;\">r\u00eak\u00fbp\u00eak: d\u00fczenli, sistemli<\/span><\/p>\n<p><span style=\"color: #800000;\"><strong>d\u00f6rd\u00fcnc\u00fc dersimizi de p\u00ea\u015fk\u00ea\u015f ettik \ud83d\ude42<\/strong><\/span><\/p>\n<p><strong><span style=\"color: #ff0000;\">b\u00eahnteng\u00a0\u00fb\u00a0b\u00eah\u00eav\u00ee olmay\u0131n!..<\/span><\/strong><\/p>\n<p><span style=\"color: #000000;\">ez k\u00eafxwe\u015f b\u00fbm birlikte olmam\u0131zdan<\/span><\/p>\n<p><span style=\"color: #000000;\">l\u00ea bel\u00ea bizi takip etmeye devam&#8230;<\/span><\/p>\n<p><span style=\"color: #000000;\">\u00eavarba\u015f<\/span><\/p>\n<p><span style=\"color: #000000;\">\u00eavarx\u00ear&#8230;<\/span><\/p>\n<p><span style=\"color: #000000;\">demx\u00ear, rojx\u00ear, rew\u015fx\u00ear&#8230;<\/span><\/p>\n<p>&nbsp;<\/p>\n<p><strong><span style=\"color: #ff0000;\">M.Emin Zeyn\u00ee<\/span><\/strong><\/p>\n<p><strong><span style=\"color: #ff0000;\">www.candname.com<\/span><\/strong><\/p>\n","protected":false},"excerpt":{"rendered":"<p>Kurd\u00eed\u00ea \u015fapkas\u0131z olan &#8220;E-e&#8221; ve \u015fapkal\u0131 olan &#8220;\u00ca-\u00ea&#8221; diye iki ayr\u0131 harf vard\u0131r. T\u00fcrk\u00e7ede ise yaz\u0131l\u0131\u015f olarak \u015fapkal\u0131 olan &#8220;\u00ca-\u00ea&#8221; harfi yoktur. Bi k\u0131yas daha yapal\u0131m. T\u00fcrk\u00e7ede \u00e7\u0131kar\u0131lan &#8220;E-e&#8221; sesi Kurd\u00eedeki \u015fapkal\u0131 olan &#8220;\u00ca-\u00ea&#8221; ile hemen hemen ayn\u0131d\u0131r. Sadece biraz uzat\u0131l\u0131r. yani k\u0131saca Kurd\u00eede \u015fapkal\u0131 olan &#8220;\u00ca-\u00ea&#8221; biraz uzat\u0131l\u0131r. bir daha tekrar ediyom: &#8220;\u00ca-\u00ea&#8221; harfi &hellip;<\/p>\n","protected":false},"author":32,"featured_media":0,"comment_status":"open","ping_status":"open","sticky":false,"template":"","format":"standard","meta":{"footnotes":""},"categories":[5369,23,1728,299,68],"tags":[1251,5209,141,2892,2435,5439,2813,2893,17,2443,5370],"class_list":["post-7981","post","type-post","status-publish","format-standard","","category-dilbilgisi","category-egitim","category-kurtce-dersleri","category-turkce","category-yazihane","tag-dilbilgisi","tag-egitim","tag-kurtce","tag-kurtce-harfler","tag-kurtce-nasil-okunur","tag-kurtce-ogreniyorum","tag-kurtce-okuma","tag-kurtce-okuma-yontemleri","tag-slide","tag-tipen-kurdi","tag-yazi-dizisi"],"_links":{"self":[{"href":"https:\/\/candname.com\/tr\/index.php?rest_route=\/wp\/v2\/posts\/7981","targetHints":{"allow":["GET"]}}],"collection":[{"href":"https:\/\/candname.com\/tr\/index.php?rest_route=\/wp\/v2\/posts"}],"about":[{"href":"https:\/\/candname.com\/tr\/index.php?rest_route=\/wp\/v2\/types\/post"}],"author":[{"embeddable":true,"href":"https:\/\/candname.com\/tr\/index.php?rest_route=\/wp\/v2\/users\/32"}],"replies":[{"embeddable":true,"href":"https:\/\/candname.com\/tr\/index.php?rest_route=%2Fwp%2Fv2%2Fcomments&post=7981"}],"version-history":[{"count":0,"href":"https:\/\/candname.com\/tr\/index.php?rest_route=\/wp\/v2\/posts\/7981\/revisions"}],"wp:attachment":[{"href":"https:\/\/candname.com\/tr\/index.php?rest_route=%2Fwp%2Fv2%2Fmedia&parent=7981"}],"wp:term":[{"taxonomy":"category","embeddable":true,"href":"https:\/\/candname.com\/tr\/index.php?rest_route=%2Fwp%2Fv2%2Fcategories&post=7981"},{"taxonomy":"post_tag","embeddable":true,"href":"https:\/\/candname.com\/tr\/index.php?rest_route=%2Fwp%2Fv2%2Ftags&post=7981"}],"curies":[{"name":"wp","href":"https:\/\/api.w.org\/{rel}","templated":true}]}}