{"id":7780,"date":"2016-03-29T11:13:07","date_gmt":"2016-03-29T09:13:07","guid":{"rendered":"http:\/\/candname.com\/?p=7780"},"modified":"2016-03-29T11:13:07","modified_gmt":"2016-03-29T09:13:07","slug":"anliyorum-ama-konusamiyorum","status":"publish","type":"post","link":"https:\/\/candname.com\/tr\/?p=7780","title":{"rendered":"\u2018Anl\u0131yorum Ama Konu\u015fam\u0131yorum\u2019"},"content":{"rendered":"<p><em>\u2018Anl\u0131yorum Ama Konu\u015fam\u0131yorum\u2019, Alev Karaduman taraf\u0131ndan haz\u0131rlanm\u0131\u015f bir kitap. (\u0130leti\u015fim Yay\u0131nlar\u0131, \u0130stanbul, 2015)<\/em><\/p>\n<p>Ara\u015ft\u0131rmac\u0131-Yazar Alev Karaduman, \u0130stanbul\u2019da ya\u015fayan 9 K\u00fcrd genciyle \u00e7ok geni\u015f, derin r\u00f6portajlar yap\u0131yor. Bu gen\u00e7lerin aileleri uzun y\u0131llar \u00f6nce, K\u00fcrd illerinden \u0130stanbul\u2019a g\u00f6\u00e7m\u00fc\u015fler. Son 30 y\u0131l\u0131 a\u015fk\u0131n bir zamand\u0131r s\u00fcren gerilla m\u00fccadelesi s\u00fcrecinde, k\u00f6ylerin yak\u0131lmas\u0131-y\u0131k\u0131lmas\u0131 s\u00fcrecinde, \u2018faili me\u00e7hul\u2019 denen cinayetlerin artmas\u0131 s\u00fcrecinde K\u00fcrdistan\u2019dan ayr\u0131l\u0131p \u0130stanbul\u2019a g\u00f6\u00e7enler de var.<\/p>\n<p>Bu ailelerde, ana-baba, birka\u00e7 olguda, meslek sahibidir. Maddi durumlar\u0131n\u0131n, iyi oldu\u011fu, orta halli oldu\u011fu s\u00f6ylenebilir. Esnaf olan aile reisleri de vard\u0131r.<\/p>\n<p>Kendileriyle r\u00f6portaj yap\u0131lan gen\u00e7ler genel olarak \u0130stanbul\u2019da do\u011fmu\u015flar veya \u00e7ok k\u00fc\u00e7\u00fck ya\u015flardayken, \u00f6rne\u011fin 3-5 ya\u015flardayken, aileleri \u0130stanbul\u2019a g\u00f6\u00e7 etmi\u015f.<\/p>\n<p>Bu gen\u00e7lerin ortak \u00f6zellikleri, <strong>K\u00fcrd\u00e7e bilmemeleridir, K\u00fcrd\u00e7e\u2019den, K\u00fcrd k\u00fclt\u00fcr\u00fcnden uzak bir \u015fekilde yeti\u015ftirilmi\u015f olmalar\u0131d\u0131r. Aileler, bunu \u00e7ocuklar\u0131na iyilik olsun diye yap\u0131yorlar.<\/strong> \u201c<strong>K\u00fcrdl\u00fck ba\u015f\u0131m\u0131za belayd\u0131, bu y\u00fczden biz \u00e7ok eziyet g\u00f6rd\u00fck, \u00e7ocuklar\u0131m\u0131z eziyet g\u00f6rmesin\u201d<\/strong> diye yap\u0131yorlar.<\/p>\n<p>Bu gen\u00e7ler lisede okuyorlar veya \u00fcniversitede tahsil yap\u0131yorlar. Zaten, gen\u00e7ler, Ara\u015ft\u0131rmac\u0131-Yazar Alev Karadumana\u2019a \u00e7ocukluktan itibaren ge\u00e7mi\u015flerinin ayr\u0131nt\u0131l\u0131 bir \u015fekilde anlatmaya \u00e7al\u0131\u015f\u0131yorlar.<\/p>\n<p>Gen\u00e7ler K\u00fcrd olduklar\u0131n\u0131, analar\u0131n\u0131n, babalar\u0131n\u0131n, bunlar\u0131n en az\u0131ndan birinin K\u00fcrd oldu\u011funu elbette biliyorlar. K\u00fcrd\u00e7e evlerde, gizlili\u011fin-sakl\u0131l\u0131\u011f\u0131n dili olarak ya\u015fan\u0131yor. Ana-babalar, baz\u0131 konular\u0131, \u00e7ocuklar\u0131 anlamas\u0131n diye K\u00fcrd\u00e7e konu\u015fuyorlar. Gerilla m\u00fccadelesi, m\u00fccadelenin bas\u0131na yans\u0131ma bi\u00e7imi, K\u00fcrdlerin, K\u00fcrd\u00e7e\u2019nin a\u015fa\u011f\u0131lanmas\u0131, horlanmas\u0131 s\u00fcrecinde bu gen\u00e7lerde de K\u00fcrdl\u00fck bilinci geli\u015fmeye ba\u015fl\u0131yor. Birka\u00e7 y\u0131lda bir aileleriyle birlikte k\u00f6ylerine yapt\u0131klar\u0131 ziyaretlerde K\u00fcrd\u00e7elerini biraz ilerletiyorlar. Baz\u0131lar\u0131, \u0130stanbul\u2019da, \u00e7e\u015fitli K\u00fcrd kurumlar\u0131 taraf\u0131ndan a\u00e7\u0131lan kurslara kat\u0131larak K\u00fcrd\u00e7e \u00f6\u011frenmeye, biraz \u00f6\u011frendikleri K\u00fcrd\u00e7elerini geli\u015ftirmeye \u00e7al\u0131\u015f\u0131yorlar. \u2018Anl\u0131yorum ama konu\u015fam\u0131yorum\u2019 oluyor.<\/p>\n<p>Ara\u015ft\u0131rmac\u0131-Yazar Alev Karaduman\u2019\u0131n, r\u00f6portaj yapt\u0131\u011f\u0131 gen\u00e7lerden biri MHP\u2019li bir K\u00fcrd. Biri gay. Bunlar da ya\u015fad\u0131klar\u0131n\u0131, aileleriyle ili\u015fkilerini, ili\u015fiklerin nas\u0131l geli\u015fti\u011fini ayr\u0131nt\u0131lar\u0131yla anlat\u0131yorlar. Dokuz ki\u015fiden biri de, ara\u015ft\u0131rmac\u0131-yazar\u0131n kendisi\u2026<\/p>\n<p>Bu ki\u015filer yeti\u015fkin olduklar\u0131nda, b\u00fcy\u00fckanneleriyle iki sat\u0131r bir \u015fey konu\u015famad\u0131klar\u0131n\u0131 fark ediyorlar. B\u00fcy\u00fckanneleri T\u00fcrk\u00e7e bilmiyor, onlar da K\u00fcrd\u00e7e bilmiyor. Do\u011fal s\u00fcre\u00e7, b\u00fcy\u00fckannelerin torunlar\u0131na kendi konu\u015ftu\u011fu dili, K\u00fcrd\u00e7e\u2019yi \u00f6\u011fretmesidir, \u00e7ocuklara masal anlatmas\u0131d\u0131r ama burada tersi oluyor. Torunlar, b\u00fcy\u00fckannelerine T\u00fcrk\u00e7e \u00f6\u011fretmeye \u00e7al\u0131\u015f\u0131yorlar. \u00c7ocuklar, b\u00fcy\u00fckannelerinden hi\u00e7 masal dinlemeden b\u00fcy\u00fcyorlar\u2026<\/p>\n<p>***<\/p>\n<p>Alev Karaduman\u2019\u0131n, <strong>\u2018Anl\u0131yorum Ama Konu\u015fam\u0131yorum\u2019<\/strong> \u00e7al\u0131\u015fmas\u0131n\u0131n okurken, insan g\u00f6\u00e7ler, g\u00f6\u00e7zedeler \u00fczerinde de d\u00fc\u015f\u00fcnmeye ba\u015fl\u0131yor. G\u00f6\u00e7lerin, g\u00f6\u00e7zede bir ya\u015fam\u0131n, gen\u00e7lerin bizzat kendilerinin ya\u015famlar\u0131yla, ailelerinin ya\u015famlar\u0131yla ilgisi, bu konularda anlat\u0131lanlar, sizi, g\u00f6\u00e7lerin, g\u00f6\u00e7zede bir ya\u015fam\u0131n farkl\u0131 boyutlar\u0131 \u00fczerinde d\u00fc\u015f\u00fcnmeye sevkediyor.<\/p>\n<p>Bu \u00e7er\u00e7evede, K\u00fcrd ayd\u0131nlar\u0131n\u0131n zorunlu g\u00f6\u00e7\u00fc \u00fczerinde de durmak gerekiyor. Arka arkaya yap\u0131lan operasyonlar, g\u00f6zalt\u0131na al\u0131nmalar, tutuklanmalar, kitaplara, yaz\u0131lara s\u0131k s\u0131k el konulmas\u0131 K\u00fcrd ayd\u0131nlar\u0131n\u0131n zorunlu g\u00f6\u00e7\u00fcn\u00fc, g\u00f6\u00e7zedeli\u011fi do\u011furuyor. B\u00fct\u00fcn bu bask\u0131lara, yapt\u0131r\u0131mlara ra\u011fmen ille de K\u00fcrdistan\u2019da kalmak, ya\u015fam s\u00fcrd\u00fcrmek\u2026 Bu da dikkatlerden uzak tutulmamas\u0131 gereken sayg\u0131n bir s\u00fcre\u00e7tir.<\/p>\n<p>G\u00f6\u00e7, s\u0131\u011f\u0131nma, g\u00f6\u00e7zedelik, \u015f\u00fcphesiz \u00e7ok \u00f6nemli bir s\u00fcre\u00e7. Koruculu\u011fun kabul edilmemesiyle ilgili olarak ya\u015fanan g\u00f6\u00e7ler, k\u00f6ylerin yak\u0131lmas\u0131-y\u0131k\u0131lmas\u0131 s\u00fcrecinde ya\u015fanan g\u00f6\u00e7ler, devletin bask\u0131s\u0131n\u0131n ve gerilla m\u00fccadelesi s\u00fcrecinde g\u00fcndeme gelen operasyonlar\u0131n halk\u0131 bunaltmas\u0131 s\u00fcrecinde ya\u015fanan g\u00f6\u00e7ler\u2026 K\u00fcrd ayd\u0131nlar\u0131n\u0131n g\u00f6\u00e7\u00fc\u2026 N\u00fcfusun artmas\u0131 ve artan n\u00fcfusa paralel olarak ge\u00e7im olanaklar\u0131n\u0131n artmamas\u0131 nedeniyle ya\u015fanan g\u00f6\u00e7ler\u2026 Bu s\u00fcrecin zaman i\u00e7inde ve de\u011fi\u015fik mekanlarda \u00a0izlenmesi \u00f6nemlidir.<\/p>\n<p>Hakkari, Van, Siirt, Mardin, Bitlis, Bing\u00f6l, Tunceli, Mu\u015f, A\u011fr\u0131, Diyarbak\u0131r vs. Buralarda, yukar\u0131da belirtilen nedenlerden dolay\u0131, g\u00f6\u00e7ler ya\u015fan\u0131yor. Bu g\u00f6\u00e7\u00fcn ne kadar\u0131 Hakkari, Van, Diyarbak\u0131r, Mardin, K\u0131z\u0131ltepe, Nusaybin, Y\u00fcksekova, Cizre, Silopi gibi merkezlere yap\u0131l\u0131yor, ne kadar\u0131, Bat\u0131 illerine, Adana, Mersin, \u0130zmir, \u0130stanbul, Bursa, Kocaeli gibi merkezlere yap\u0131l\u0131yor. Bu s\u00fcrecin izlenmesi, g\u00f6zlenmesi de \u00f6nemlidir. Ailenin maddi durumuna g\u00f6re s\u0131\u011f\u0131nacaklar\u0131 yerle\u015fim yeri de\u011fi\u015febilir.<\/p>\n<p>Koruculu\u011fun kabul edilmemesi, k\u00f6ylerin yak\u0131l\u0131p y\u0131k\u0131lmas\u0131 s\u00fcrecinde ya\u015fanan g\u00f6\u00e7leri d\u00fc\u015f\u00fcnelim. Suyun, topra\u011f\u0131n oldu\u011fu her yerde, ya\u015fam\u0131 \u00fcretmek, s\u00fcrd\u00fcrmek m\u00fcmk\u00fcnd\u00fcr. Bu t\u00fcr s\u00fcre\u00e7lerin ya\u015fanmad\u0131\u011f\u0131 durumlarda, bu insanlar\u0131n, k\u00f6ylerde, belirli topraklar\u0131, tarlalar\u0131 vard\u0131. Ba\u011flar\u0131, bah\u00e7eleri, hayvanlar\u0131 k\u00fcmesleri vard\u0131. B\u00f6yle bir ortamda hayat\u0131 s\u00fcrd\u00fcrmek kolayd\u0131r. G\u00f6\u00e7 oldu\u011fu zaman, bir \u015fehrin varo\u015flar\u0131na s\u0131\u011f\u0131nma, g\u00f6\u00e7zedelik ger\u00e7ekle\u015fti\u011fi zaman, bu aileler ge\u00e7imlerin nas\u0131l temin ediyorlar? Bu mesleksiz, k\u00f6yl\u00fc aileleri \u015fehirlere nas\u0131l uyum sa\u011fl\u0131yorlar? Aile reisleri ne i\u00e7 yap\u0131yor? Kad\u0131nlar, \u00e7ocuklar \u00e7al\u0131\u015fabiliyorlar m\u0131? Kad\u0131nlar yeni yerle\u015fin alanlar\u0131na uyum sa\u011flayabiliyorlar m\u0131? \u00c7ocuklar e\u011fitimlerin s\u00fcrd\u00fcrebiliyorlar m\u0131? \u00c7e\u015fitli zamanlarda, ili\u015fkilerin izlenmesi de gerekir.<\/p>\n<p>\u0130stanbul, \u0130zmir, Bursa, Adana, Mersin gibi Bat\u0131\u2019daki b\u00fcy\u00fck \u015fehirlere, s\u0131\u011f\u0131nma ger\u00e7ekle\u015fti\u011fi zaman, ka\u011f\u0131t mendil satan \u00e7ocuklar, ayakkab\u0131 boya sand\u0131\u011f\u0131yla dola\u015fan \u00e7ocuklar uyu\u015fturucu da\u011f\u0131t\u0131m\u0131nda kullan\u0131lan, uyu\u015fturucuya al\u0131\u015ft\u0131r\u0131lan \u00e7ocuklar, su\u00e7 \u00f6rg\u00fctlerine y\u00f6nlendirilen, su\u00e7 \u00f6rg\u00fctleri taraf\u0131ndan kullan\u0131lan \u00e7ocuklar gibi durumlar da g\u00fcndeme gelmektedir.<\/p>\n<p>Alev Karaduman\u2019\u0131n r\u00f6portaj yapt\u0131\u011f\u0131 dokuz ki\u015fi aras\u0131nda bu kategoriye girebilecek olanlar yok. Ama, bunlar da g\u00f6\u00e7\u00fcn, g\u00f6\u00e7zedeli\u011fin yaratt\u0131\u011f\u0131 \u00e7ok \u00f6nemli ili\u015fkilerdir. \u00d6rne\u011fin denek say\u0131s\u0131n\u0131 dokuzdan yirmiye \u00e7\u0131kar\u0131rsan\u0131z bu t\u00fcr gen\u00e7lerle kar\u015f\u0131la\u015fman\u0131z da m\u00fcmk\u00fcnd\u00fcr. G\u00f6\u00e7ler, g\u00f6\u00e7zedelik s\u00fcrecinde bu ili\u015fkilerin izlenmesi de ihmal edilmemelidir.<\/p>\n<p>Alev Karaduman\u2019\u0131n, \u2018Anl\u0131yorum Ama Konu\u015fam\u0131yorum\u2019 \u00e7al\u0131\u015fmas\u0131 s\u00fcrece dil \u00fczerinden yakla\u015fan bir anlay\u0131\u015fa sahip. Hayat\u0131n \u00e7e\u015fitli boyutlar\u0131 \u00fczerinde incelemeler, ailelerdeki ili\u015fkileri \u00e7e\u015fitli y\u00f6nleriyle ele alan incelemeler de gereklidir. De\u011fi\u015fik birka\u00e7 proje \u00fczerinde \u00e7al\u0131\u015fmak da m\u00fcmk\u00fcnd\u00fcr.<\/p>\n<p><strong>\u2018K\u00fcrdl\u00fck belas\u0131\u2019 ve daha a\u011f\u0131r belalar<\/strong><\/p>\n<p>Aileler, \u00e7ocuklar\u0131n\u0131 \u2018 K\u00fcrdl\u00fck belas\u0131\u2019ndan uzak tutabilmek i\u00e7in, onlara K\u00fcrd\u00e7e \u00f6\u011fretmiyor. \u00c7ocuklara K\u00fcrd\u00e7e \u00f6\u011fretmiyor. Halbuki, ger\u00e7ek belalar, \u00e7ok daha a\u011f\u0131r olan ili\u015fkiler, belalar vard\u0131. \u00d6rne\u011fin, K\u00fcrd \u00e7ocuklar\u0131n uyu\u015fturucuya al\u0131\u015ft\u0131r\u0131lmalar\u0131, uyu\u015fturucu da\u011f\u0131t\u0131m\u0131nda kullan\u0131lmalar\u0131\u2026<\/p>\n<p>Bir \u00e7ocuk, bir gen\u00e7 K\u00fcrdl\u00fck bilincine ula\u015ft\u0131\u011f\u0131 zamanlar\u0131, diyelim K\u00fcrd sivil toplum kurumlar\u0131na, K\u00fcrd siyasal partilerine gidip gelmeye ba\u015flad\u0131\u011f\u0131 zamanlar\u0131 d\u00fc\u015f\u00fcnelim. Bildiri da\u011f\u0131tmaktan, bir g\u00f6steriye kat\u0131lmaktan dolay\u0131, g\u00f6zalt\u0131na al\u0131nmalar\u0131n\u0131, tutuklanmalar\u0131n\u0131 vs. d\u00fc\u015f\u00fcnelim. Ailelerin bu s\u00fcreci yak\u0131ndan izlemesi, \u00e7ocu\u011funun durumu hakk\u0131nda bilgi sahibi olmas\u0131 m\u00fcmk\u00fcnd\u00fcr Benzer ailelere dayan\u0131\u015fma i\u00e7inde bu ili\u015fkilerle ba\u015f edebilir.<\/p>\n<p>Ama, bir de uyu\u015fturucuya al\u0131\u015ft\u0131\u011f\u0131n\u0131, uyu\u015fturucu da\u011f\u0131t\u0131m\u0131nda kullan\u0131ld\u0131\u011f\u0131n\u0131 d\u00fc\u015f\u00fcnelim\u2026 \u0130\u015fte ger\u00e7ek bela budur. \u00c7ok a\u011f\u0131r bir belad\u0131r. Aile burada yaln\u0131zd\u0131r. Zaten bunlar, ailenin bilgisi d\u0131\u015f\u0131nda geli\u015fen ili\u015fkilerdir. Ailenin bu t\u00fcr belalarla ba\u015f etmesi \u00e7ok zordur. G\u00f6\u00e7 s\u00fcrecinde, g\u00f6\u00e7zedelik s\u00fcrecinde bu ili\u015fkilerin izlenmesi de \u00f6nemlidir. Bu bak\u0131mdan, \u00e7ocuklar\u0131, K\u00fcrd\u00e7e\u2019den, K\u00fcrd k\u00fclt\u00fcr\u00fcnden uzak tutarak yeti\u015ftirmeye \u00e7al\u0131\u015fmak sa\u011fl\u0131kl\u0131 bir y\u00f6ntem de\u011fildir. K\u00fcrd dili, K\u00fcrd k\u00fclt\u00fcr\u00fc her zaman her ko\u015ful alt\u0131nda esas olmal\u0131d\u0131r.<\/p>\n<p><strong>Asimilasyon<\/strong><\/p>\n<p>G\u00f6\u00e7, g\u00f6\u00e7zedelik, s\u00fcrg\u00fcn gibi s\u00fcre\u00e7leri, asimilasyon politikalar\u0131 \u00e7er\u00e7evesinde de\u011ferlendirmek gerekir. Devlet, K\u00fcrdlerin k\u00f6klerinden kopar\u0131p Bat\u0131 illerine s\u00fcrg\u00fcn etti\u011fi zaman, K\u00fcrdlerin T\u00fcrkl\u00fc\u011fe asimilasyonu konusunda \u00e7ok \u00f6nemli bir mesafe kaydetmi\u015f olmaktad\u0131r. Devlet, Bat\u0131 illerine yerle\u015fen K\u00fcrd ailelerin 3-4 nesil sonra, K\u00fcrd\u00e7e\u2019yi unutacaklar\u0131n\u0131, \u00e7ocuklar\u0131n\u0131, T\u00fcrk dili ve k\u00fclt\u00fcr\u00fc \u00e7evresinde yeti\u015ftireceklerini ummaktad\u0131r. Bu politikan\u0131n ba\u015far\u0131s\u0131z oldu\u011fu s\u00f6ylenemez.<\/p>\n<p>B\u00f6lgeni geri kalm\u0131\u015fl\u0131\u011f\u0131, daha do\u011frusu geri b\u0131rak\u0131lm\u0131\u015fl\u0131\u011f\u0131 yine bu konuyla ilgilidir. B\u00f6lgenin, tar\u0131m, hayvanc\u0131l\u0131k ve sanayi bak\u0131m\u0131ndan geli\u015fmemesi artan n\u00fcfusun, ge\u00e7imini temin etmek i\u00e7in tar\u0131m ve sanayi bak\u0131m\u0131ndan geli\u015fkin Bat\u0131 illerine g\u00f6\u00e7\u00fcne neden olmaktad\u0131r. Bu, asimilasyon i\u00e7in elveri\u015fli bir ortamd\u0131r. Devlet, bu ortam\u0131n s\u00fcr\u00fcp gitmesini te\u015fvik etmektedir. Bunun i\u00e7in, \u201cK\u00fcrd n\u00fcfusun \u00e7ok \u00f6nemli bir k\u0131sm\u0131 Bat\u0131\u2019da ya\u015f\u0131yor\u201d \u015feklindeki saptamalar\u0131 bu \u00e7er\u00e7evede ve tarihsel bir geli\u015fim i\u00e7inde de\u011ferlendirmek gerekir. K\u00fcrd n\u00fcfusun, Bat\u0131 illerin y\u00f6nlendirilmesi, s\u00fcrg\u00fcnler, k\u00f6ylerin yak\u0131l\u0131p y\u0131k\u0131lmas\u0131, mecburi iskanlar\u2026 Cumhuriyet\u2019in sistematik bir politikas\u0131d\u0131r. Bu politikan\u0131n, uygulamalar\u0131n \u0130ttihat ve Terakki ile ba\u015flad\u0131\u011f\u0131 bilinmektedir.<\/p>\n<p>Devletin, asimilasyon politikalar\u0131n\u0131, uygulamalar\u0131n\u0131 ba\u015far\u0131s\u0131z k\u0131lacak tek s\u00fcre\u00e7, K\u00fcrdlerde, \u00f6zellikle K\u00fcrd gen\u00e7lerinde, dil bilincinin, ulus bilincinin, vatan bilincinin geli\u015fmesidir. Her ko\u015ful alt\u0131nda K\u00fcrd\u00e7e\u2019ye sahip \u00e7\u0131kmak, K\u00fcrd\u00e7e\u2019yi ya\u015famak vazge\u00e7ilmez olmal\u0131d\u0131r.<\/p>\n<p><strong>\u0130smail Be\u015fik\u00e7i-zazaki.net<\/strong><\/p>\n","protected":false},"excerpt":{"rendered":"<p>\u2018Anl\u0131yorum Ama Konu\u015fam\u0131yorum\u2019, Alev Karaduman taraf\u0131ndan haz\u0131rlanm\u0131\u015f bir kitap. (\u0130leti\u015fim Yay\u0131nlar\u0131, \u0130stanbul, 2015) Ara\u015ft\u0131rmac\u0131-Yazar Alev Karaduman, \u0130stanbul\u2019da ya\u015fayan 9 K\u00fcrd genciyle \u00e7ok geni\u015f, derin r\u00f6portajlar yap\u0131yor. Bu gen\u00e7lerin aileleri uzun y\u0131llar \u00f6nce, K\u00fcrd illerinden \u0130stanbul\u2019a g\u00f6\u00e7m\u00fc\u015fler. Son 30 y\u0131l\u0131 a\u015fk\u0131n bir zamand\u0131r s\u00fcren gerilla m\u00fccadelesi s\u00fcrecinde, k\u00f6ylerin yak\u0131lmas\u0131-y\u0131k\u0131lmas\u0131 s\u00fcrecinde, \u2018faili me\u00e7hul\u2019 denen cinayetlerin artmas\u0131 s\u00fcrecinde &hellip;<\/p>\n","protected":false},"author":32,"featured_media":0,"comment_status":"open","ping_status":"open","sticky":false,"template":"","format":"standard","meta":{"footnotes":""},"categories":[299],"tags":[2845,141,17],"class_list":["post-7780","post","type-post","status-publish","format-standard","","category-turkce","tag-ismail-besikci","tag-kurtce","tag-slide"],"_links":{"self":[{"href":"https:\/\/candname.com\/tr\/index.php?rest_route=\/wp\/v2\/posts\/7780","targetHints":{"allow":["GET"]}}],"collection":[{"href":"https:\/\/candname.com\/tr\/index.php?rest_route=\/wp\/v2\/posts"}],"about":[{"href":"https:\/\/candname.com\/tr\/index.php?rest_route=\/wp\/v2\/types\/post"}],"author":[{"embeddable":true,"href":"https:\/\/candname.com\/tr\/index.php?rest_route=\/wp\/v2\/users\/32"}],"replies":[{"embeddable":true,"href":"https:\/\/candname.com\/tr\/index.php?rest_route=%2Fwp%2Fv2%2Fcomments&post=7780"}],"version-history":[{"count":0,"href":"https:\/\/candname.com\/tr\/index.php?rest_route=\/wp\/v2\/posts\/7780\/revisions"}],"wp:attachment":[{"href":"https:\/\/candname.com\/tr\/index.php?rest_route=%2Fwp%2Fv2%2Fmedia&parent=7780"}],"wp:term":[{"taxonomy":"category","embeddable":true,"href":"https:\/\/candname.com\/tr\/index.php?rest_route=%2Fwp%2Fv2%2Fcategories&post=7780"},{"taxonomy":"post_tag","embeddable":true,"href":"https:\/\/candname.com\/tr\/index.php?rest_route=%2Fwp%2Fv2%2Ftags&post=7780"}],"curies":[{"name":"wp","href":"https:\/\/api.w.org\/{rel}","templated":true}]}}