{"id":7388,"date":"2016-03-18T00:02:13","date_gmt":"2016-03-17T22:02:13","guid":{"rendered":"http:\/\/candname.com\/?p=7388"},"modified":"2018-10-15T02:25:39","modified_gmt":"2018-10-14T23:25:39","slug":"anadoluda-kurdistan-ordulari-sikari-metinleri-xiii-xiv-yuzyil","status":"publish","type":"post","link":"https:\/\/candname.com\/tr\/?p=7388","title":{"rendered":"Anadolu&#8217;da K\u00fcrdistan Ordular\u0131  \u015eikari Metinleri XIII. &#8211; XIV Y\u00fczy\u0131l"},"content":{"rendered":"<p><span style=\"color: #000000;\">\u015eikari metinleri, Orta Anadolu K\u00fcrtlerinin tarihine dair en eski el yazmas\u0131 \u00fcnvan\u0131na sahip bir kaynakt\u0131r. Metinler, Sel\u00e7uklular\u0131n Orta Anatolya\u2019ya gelmesiyle ba\u015flay\u0131p Osmanl\u0131 devletinin Orta Anatolya\u2019y\u0131 almas\u0131yla bitiyor. Bu 400 y\u0131ll\u0131k s\u00fcre\u00e7 i\u00e7inde K\u00fcrtlerin \u00f6nemli bir akt\u00f6r oldu\u011fu g\u00f6r\u00fcl\u00fcyor. K\u00fcrtl\u00fc\u011f\u00fc tart\u0131\u015f\u0131lan Dulkadir E\u015fref Germiyan gibi beyliklerin tarihine a\u00e7\u0131kl\u0131k getiriyor.<\/span><\/p>\n<div class=\"manufacturers\"><strong><span style=\"color: #000000;\">Sedat Ulugana <\/span><\/strong><\/div>\n<div class=\"publishers mg-b-10\"><strong><span style=\"color: #000000;\">DO YAYINLARI<\/span><\/strong><\/div>\n<div class=\"publishers mg-b-10\"><\/div>\n<div class=\"publishers mg-b-10\">\n<table class=\"attribute\">\n<tbody>\n<tr>\n<td>Yay\u0131n Tarihi<\/td>\n<td>2013-05-01<\/td>\n<\/tr>\n<tr>\n<td>ISBN<\/td>\n<td>6054427444<\/td>\n<\/tr>\n<tr>\n<td>Bask\u0131 Say\u0131s\u0131<\/td>\n<td>1. Bask\u0131<\/td>\n<\/tr>\n<tr>\n<td>Dil<\/td>\n<td>T\u00dcRK\u00c7E<\/td>\n<\/tr>\n<tr>\n<td>Sayfa Say\u0131s\u0131<\/td>\n<td>64<\/td>\n<\/tr>\n<tr>\n<td>Cilt Tipi<\/td>\n<td>Karton Kapak<\/td>\n<\/tr>\n<tr>\n<td>Ka\u011f\u0131t Cinsi<\/td>\n<td>Kitap Ka\u011f\u0131d\u0131<\/td>\n<\/tr>\n<tr>\n<td>Boyut<\/td>\n<td>13.5 x 21 cm<\/td>\n<\/tr>\n<\/tbody>\n<\/table>\n<\/div>\n","protected":false},"excerpt":{"rendered":"<p>\u015eikari metinleri, Orta Anadolu K\u00fcrtlerinin tarihine dair en eski el yazmas\u0131 \u00fcnvan\u0131na sahip bir kaynakt\u0131r. Metinler, Sel\u00e7uklular\u0131n Orta Anatolya\u2019ya gelmesiyle ba\u015flay\u0131p Osmanl\u0131 devletinin Orta Anatolya\u2019y\u0131 almas\u0131yla bitiyor. Bu 400 y\u0131ll\u0131k s\u00fcre\u00e7 i\u00e7inde K\u00fcrtlerin \u00f6nemli bir akt\u00f6r oldu\u011fu g\u00f6r\u00fcl\u00fcyor. K\u00fcrtl\u00fc\u011f\u00fc tart\u0131\u015f\u0131lan Dulkadir E\u015fref Germiyan gibi beyliklerin tarihine a\u00e7\u0131kl\u0131k getiriyor. Sedat Ulugana DO YAYINLARI Yay\u0131n Tarihi 2013-05-01 &hellip;<\/p>\n","protected":false},"author":53,"featured_media":0,"comment_status":"open","ping_status":"open","sticky":false,"template":"","format":"standard","meta":{"footnotes":""},"categories":[1746,299],"tags":[5373,2743,2744,5416],"class_list":["post-7388","post","type-post","status-publish","format-standard","","category-kitapcilik","category-turkce","tag-1111asd","tag-anadoluda-kurdistan-ordulari-sikari-metinleri-xiii-xiv-yuzyil","tag-sedat-ulugana","tag-tanitim"],"_links":{"self":[{"href":"https:\/\/candname.com\/tr\/index.php?rest_route=\/wp\/v2\/posts\/7388","targetHints":{"allow":["GET"]}}],"collection":[{"href":"https:\/\/candname.com\/tr\/index.php?rest_route=\/wp\/v2\/posts"}],"about":[{"href":"https:\/\/candname.com\/tr\/index.php?rest_route=\/wp\/v2\/types\/post"}],"author":[{"embeddable":true,"href":"https:\/\/candname.com\/tr\/index.php?rest_route=\/wp\/v2\/users\/53"}],"replies":[{"embeddable":true,"href":"https:\/\/candname.com\/tr\/index.php?rest_route=%2Fwp%2Fv2%2Fcomments&post=7388"}],"version-history":[{"count":0,"href":"https:\/\/candname.com\/tr\/index.php?rest_route=\/wp\/v2\/posts\/7388\/revisions"}],"wp:attachment":[{"href":"https:\/\/candname.com\/tr\/index.php?rest_route=%2Fwp%2Fv2%2Fmedia&parent=7388"}],"wp:term":[{"taxonomy":"category","embeddable":true,"href":"https:\/\/candname.com\/tr\/index.php?rest_route=%2Fwp%2Fv2%2Fcategories&post=7388"},{"taxonomy":"post_tag","embeddable":true,"href":"https:\/\/candname.com\/tr\/index.php?rest_route=%2Fwp%2Fv2%2Ftags&post=7388"}],"curies":[{"name":"wp","href":"https:\/\/api.w.org\/{rel}","templated":true}]}}