{"id":6211,"date":"2016-03-29T20:00:40","date_gmt":"2016-03-29T18:00:40","guid":{"rendered":"http:\/\/candname.com\/?p=6211"},"modified":"2018-10-11T10:39:40","modified_gmt":"2018-10-11T07:39:40","slug":"6211-2","status":"publish","type":"post","link":"https:\/\/candname.com\/tr\/?p=6211","title":{"rendered":"Beluciler K\u00fcrt M\u00fc ?"},"content":{"rendered":"<p><span style=\"color: #000000;\">Beluci ler de K\u00dcRT\u2019lerin amca \u00e7ocuklar\u0131d\u0131r<\/span><\/p>\n<p><span style=\"color: #000000;\">BELUC\u0130STAN \u0130ran ve Pakistan s\u0131n\u0131rlar\u0131 i\u00e7inde kal\u0131yor g\u00fcn\u00fcm\u00fczde&#8230;.<\/span><\/p>\n<p><span style=\"color: #000000;\">Kurdgalname 1659\/1660 y\u0131llar\u0131nda Axwend Mehemed Salih Zengene Beluc taraf\u0131ndan kaleme al\u0131nm\u0131\u015ft\u0131r.<\/span><\/p>\n<p><span style=\"color: #000000;\">Axwend Mehemed Salih Zengene Beluc , Kurdgalname\u2019de Belucilerin K\u00fcrt as\u0131ll\u0131 oldu\u011funu s\u00f6yl\u00fcyor ve Medler, Ha\u015femitler, Y\u00fcnanl\u0131lar, E\u015fkaniler, Sasaniler,Hintliler ve \u0130slami d\u00f6neme dair Beluci K\u00fcrtlerin \u00fczerine duruyor ve \u00e7ok de\u011ferli bilgiler veriyor. \u201cBeluci K\u00fcrtleri\u201d tabiri bana de\u011fil, yazara aittir.<\/span><\/p>\n<p><span style=\"color: #000000;\">Asl\u0131nda bu kitab\u0131n bulunu\u015f tarihi \u00e7ok eski. 1943 y\u0131l\u0131nda Beluci ayd\u0131nlar\u0131ndan Mir Nesirxan Ahmed Zeyi, h\u00fck\u00fcmet ad\u0131na Belucistan\u2019\u0131n Sorab kazas\u0131nda vergi toplamaya giderken Kurdgalname\u2019nin bir elyazmas\u0131n\u0131, Qazi Xewisbex\u015f olarak da tan\u0131nan Qazi Abdulhamid\u2019in evinde buluyor. Mir Nesirxan Ahmed Zeyi, Qazi Xewisbex\u015f\u2019ten kitab\u0131 istiyor, fakat Qazi vermiyor. O d\u00f6nemlerde kopi yapma imkan\u0131 olmad\u0131\u011f\u0131ndan Mir Nesirxan kitab\u0131n orijinalini oldu\u011fu gibi bir n\u00fcshas\u0131n\u0131 elyaz\u0131s\u0131yla \u00e7o\u011falt\u0131yor ve 1988 y\u0131l\u0131nda Pakistan Belucistan\u0131\u2019n\u0131n ba\u015fkenti Quetta\u2019da iki cildin birini \u201cBeluc ve Belucistan Tarihi\u201d ad\u0131 alt\u0131nda bas\u0131yor.<\/span><\/p>\n<p><span style=\"color: #000000;\">Mir Nesirxan 1991 y\u0131l\u0131nda Beluci Akademisinin yard\u0131m\u0131yla Kurdgalname\u2019nin Fars\u00e7as\u0131n\u0131 Belucistan Ba\u015fkenti Quetta\u2019da yay\u0131nl\u0131yor. Kurdgalname\u2019nin 1994 y\u0131l\u0131nda Urduce\u2019ye \u00e7evrisi yap\u0131l\u0131yor ve yay\u0131nlan\u0131yor.<\/span><\/p>\n<p><span style=\"color: #000000;\"><img loading=\"lazy\" decoding=\"async\" class=\"\" src=\"https:\/\/scontent-frt3-1.xx.fbcdn.net\/hphotos-xal1\/v\/t1.0-9\/12348156_906402749453535_1934406858232746282_n.jpg?oh=7f6fe5eaef115f09fed01443daa200e7&amp;oe=575C2815\" alt=\"\" width=\"694\" height=\"393\" \/><\/span><\/p>\n<p><span style=\"color: #000000;\">Mir Nesirxan kitaba yazd\u0131\u011f\u0131 \u00f6ns\u00f6z de \u201cKurdgalname, tarih\u00e7i Axwend Mehemed Salih Kurdi Zengene Beluc taraf\u0131ndan 1659 y\u0131l\u0131nda yaz\u0131lm\u0131\u015ft\u0131r. Yazar kitab\u0131n birinci b\u00f6l\u00fcm\u00fcnde kendi asl\u0131n\u0131 K\u00fcrt Zengene a\u015firetine ba\u011flyor. Zengeneler de Bud a\u015firetinin bir kabilesidir. Ayr\u0131ca yazar Braxoyi K\u00fcrtleriyle olan akrabal\u0131\u011f\u0131n\u0131 g\u00fcndeme getiriyor. Yazar bu iki kabileyi Bud\u2019un iki o\u011fluna \u201cBraxim\u201d ve \u201cZengan\u201da ba\u011fl\u0131yor. Bud\u2019un kendisi ise Med Kral\u2019\u0131n\u0131n 7. O\u011fluydu.<\/span><\/p>\n<p><span style=\"color: #000000;\">Bu kitap aslen K\u00fcrt \u0131rk\u0131ndan olan Belucilerin tarihini irdeliyor&#8230;&#8230;&#8230;&#8230; Kurdgalname\u2019ye g\u00f6re Beluci K\u00fcrtleri <img decoding=\"async\" class=\"alignright\" src=\"https:\/\/scontent-frt3-1.xx.fbcdn.net\/hphotos-xaf1\/v\/t1.0-9\/12321283_906403839453426_200776828746269416_n.jpg?oh=0ef339e3b43d312be68fbeb16ef5f1c6&amp;oe=57558555\" alt=\"\" \/>daha sonra eski Belucistan\u2019a gelip yerle\u015ftiler&#8230;&#8230;..\u201d(sayfa 21)<\/span><\/p>\n<p><span style=\"color: #000000;\">Belucistan Ba\u015fkenti Quetta \u00dcniversitesinde \u00f6\u011fretim g\u00f6revlisi olarak \u00e7al\u0131\u015fan Nadir Qemberani Kurdgalname\u2019ye yazd\u0131\u011f\u0131 \u00f6ns\u00f6z de \u201cKurdgalname, Belucileri b\u00fcy\u00fck K\u00fcrt milletinin bir par\u00e7as\u0131d\u0131r. \u00c7\u00fcnk\u00fc, Belucilerin i\u00e7inde var olan a\u015firetler ayn\u0131 isimle K\u00fcrtler i\u00e7inde de varlar. Hatta bug\u00fcn Beluciler i\u00e7inde b\u00fcy\u00fck bir a\u015firet var ki \u201cK\u00fcrt\u201d ismiyle tan\u0131n\u0131yor. Axwend Mehemed Salih 400 y\u0131l \u00f6nce bu kitab\u0131 yazd\u0131&#8230; Orta Do\u011funun ve \u0130ran\u2019\u0131n o d\u00f6nemki facialar\u0131 ve tarihi olaylar bug\u00fcn de ya\u015fan\u0131yor\u201d(sayfa 28)<\/span><\/p>\n<p><span style=\"color: #000000;\">Dr. Nasir Qemberani yazd\u0131\u011f\u0131 \u00f6ns\u00f6z\u00fcn devam\u0131nda Beluciler ve K\u00fcrtler biri do\u011fuya di\u011feri ise bat\u0131ya y\u00f6neldi. Bug\u00fcn Beluciler \u0130ran, Afganistan ve Pakistan aras\u0131nda b\u00f6l\u00fc\u015ft\u00fcr\u00fclm\u00fc\u015f; K\u00fcrtler ise Farslar, Araplar ve T\u00fcrkler aras\u0131nda b\u00f6l\u00fc\u015ft\u00fcr\u00fclm\u00fc\u015f ve ayn\u0131 ak\u0131beti ya\u015f\u0131yorlar.<\/span><\/p>\n<p><span style=\"color: #000000;\">238 sayfadan olu\u015fan Kurdgalname K\u00fcrt ve K\u00fcrdistan tarihi i\u00e7in bulunmaz bir eserdir.<\/span><\/p>\n<p><span style=\"color: #000000;\">*Kurdgalname\u2019nin ilk cildi Hiwa Muhamed Zendi taraf\u0131ndan \u201cK\u00fcrd\u00e7enin Soranice leh\u00e7esine\u201d \u00e7evrildi ve 2012 y\u0131l\u0131nda Aras Yay\u0131nlar\u0131 taraf\u0131ndan K\u00fcrdistan\u2019da bas\u0131ld\u0131.<\/span><br \/>\n<span style=\"color: #ff0000;\"><strong>Abdullah \u00d6zde Mir<\/strong><\/span><\/p>\n","protected":false},"excerpt":{"rendered":"<p>Beluci ler de K\u00dcRT\u2019lerin amca \u00e7ocuklar\u0131d\u0131r BELUC\u0130STAN \u0130ran ve Pakistan s\u0131n\u0131rlar\u0131 i\u00e7inde kal\u0131yor g\u00fcn\u00fcm\u00fczde&#8230;. Kurdgalname 1659\/1660 y\u0131llar\u0131nda Axwend Mehemed Salih Zengene Beluc taraf\u0131ndan kaleme al\u0131nm\u0131\u015ft\u0131r. Axwend Mehemed Salih Zengene Beluc , Kurdgalname\u2019de Belucilerin K\u00fcrt as\u0131ll\u0131 oldu\u011funu s\u00f6yl\u00fcyor ve Medler, Ha\u015femitler, Y\u00fcnanl\u0131lar, E\u015fkaniler, Sasaniler,Hintliler ve \u0130slami d\u00f6neme dair Beluci K\u00fcrtlerin \u00fczerine duruyor ve \u00e7ok de\u011ferli bilgiler &hellip;<\/p>\n","protected":false},"author":53,"featured_media":0,"comment_status":"open","ping_status":"open","sticky":false,"template":"","format":"standard","meta":{"footnotes":""},"categories":[1084,299],"tags":[5373,3379,1122,137,193,17,319],"class_list":["post-6211","post","type-post","status-publish","format-standard","","category-arastirma","category-turkce","tag-1111asd","tag-arastirma","tag-kimdir","tag-kurt","tag-lekolin","tag-slide","tag-vekolin"],"_links":{"self":[{"href":"https:\/\/candname.com\/tr\/index.php?rest_route=\/wp\/v2\/posts\/6211","targetHints":{"allow":["GET"]}}],"collection":[{"href":"https:\/\/candname.com\/tr\/index.php?rest_route=\/wp\/v2\/posts"}],"about":[{"href":"https:\/\/candname.com\/tr\/index.php?rest_route=\/wp\/v2\/types\/post"}],"author":[{"embeddable":true,"href":"https:\/\/candname.com\/tr\/index.php?rest_route=\/wp\/v2\/users\/53"}],"replies":[{"embeddable":true,"href":"https:\/\/candname.com\/tr\/index.php?rest_route=%2Fwp%2Fv2%2Fcomments&post=6211"}],"version-history":[{"count":0,"href":"https:\/\/candname.com\/tr\/index.php?rest_route=\/wp\/v2\/posts\/6211\/revisions"}],"wp:attachment":[{"href":"https:\/\/candname.com\/tr\/index.php?rest_route=%2Fwp%2Fv2%2Fmedia&parent=6211"}],"wp:term":[{"taxonomy":"category","embeddable":true,"href":"https:\/\/candname.com\/tr\/index.php?rest_route=%2Fwp%2Fv2%2Fcategories&post=6211"},{"taxonomy":"post_tag","embeddable":true,"href":"https:\/\/candname.com\/tr\/index.php?rest_route=%2Fwp%2Fv2%2Ftags&post=6211"}],"curies":[{"name":"wp","href":"https:\/\/api.w.org\/{rel}","templated":true}]}}