{"id":6206,"date":"2016-03-22T16:00:30","date_gmt":"2016-03-22T14:00:30","guid":{"rendered":"http:\/\/candname.com\/?p=6206"},"modified":"2018-10-11T10:39:40","modified_gmt":"2018-10-11T07:39:40","slug":"mutkili-xelil-xeyaliden-kurtlere-nasihatlar","status":"publish","type":"post","link":"https:\/\/candname.com\/tr\/?p=6206","title":{"rendered":"Mutki\u2019li Xelil Xeyali\u2019den K\u00fcrtlere Nasihatlar"},"content":{"rendered":"<p><span style=\"color: #000000;\"><strong>Xel\u00eel Xeyal\u00ee: Ey K\u00fcrtler vatan\u0131n\u0131z\u0131 seviniz. \u00c7\u00fcnk\u00fc vatan sevgisi imandand\u0131r.<\/strong><\/span><\/p>\n<p><span style=\"color: #000000;\">Ey karde\u015fler! Adavet, d\u00fc\u015fmanl\u0131k ve husumeti kalbinizden \u00e7\u0131kar\u0131n\u0131z, bar\u0131\u015f\u0131n\u0131z, \u201cM\u00fcminler karde\u015ftir\u201d h\u00fckm\u00fcn\u00fc nazar-\u0131 dikkate al\u0131n\u0131z. Arkada\u015flar, okullar a\u00e7\u0131n\u0131z, \u00e7ocuklar\u0131n\u0131z\u0131 ilim \u00f6\u011fretmeye \u00e7al\u0131\u015ft\u0131r\u0131n\u0131z; bilgisizlik ay\u0131b\u0131n\u0131 onlara lay\u0131k g\u00f6rmeyiniz . \u201cBe\u015fikten mezara kadar ilmi aray\u0131n\u0131z\u201d emrine sar\u0131l\u0131p uymak bize farzd\u0131r. Ey ulema-y\u0131 navdar, ey n\u00fcfus ve iktidar sahibi K\u00fcrt liderleri, iyice biliniz ki milletimizin hayat\u0131, Kurdistan\u2019\u0131n selameti sizin ittifak\u0131n\u0131zda, gayretinizde, hamiyetinizdedir.<\/span><\/p>\n<p><span style=\"color: #000000;\">Reddedilmesi gereken k\u00f6t\u00fc adetleri b\u0131rak\u0131n. K\u00fcrt bireylerini bar\u0131\u015ft\u0131r\u0131n\u0131z, hay\u0131r ve \u015ferri onlara anlat\u0131n\u0131z. \u00d6nc\u00fcl\u00fck ediniz. \u00d6nc\u00fcl\u00fc\u011f\u00fcn\u00fcz Kurdistan\u2019\u0131n yarar\u0131na faidesine,milletin terakki ve y\u00fckselmesi konusunda olsun,nefsiniz yani kendiniz i\u00e7in olmas\u0131n.<\/span><\/p>\n<p><span style=\"color: #000000;\">K\u0131yameti hat\u0131r\u0131n\u0131za getiriniz. Bu alem-i fanide nam\u0131n\u0131z\u0131 iyilikle b\u0131rak\u0131n\u0131z. \u201dAllah sana iyilik etti\u011fi gibi sende iyilik et\u201d ayet-i kerimesini akl\u0131n\u0131zdan \u00e7\u0131karmay\u0131n\u0131z.<\/span><\/p>\n<p><span style=\"color: #000000;\"><strong>Xel\u00eel Xeyal\u00ee: Kurdistan, sen ne kadar mukaddes, ne kadar latifsin!<\/strong><\/span><\/p>\n<p><span style=\"color: #000000;\">Lale bah\u00e7elerinden, \u015fehitlerin kan\u0131ndan,s\u00fcnb\u00fcl ve reyhanlar\u0131n yi\u011fitlerin y\u00fcz ho\u015flu\u011fundan olu\u015fmu\u015ftur.Xel\u00eel Xeyal\u00ee: \u201cAh, bu zalimler \u00f6nce biz K\u00fcrtleri okuyup yazmaktan, sonra ticaret ve ziraatten mahrum b\u0131rakt\u0131lar; sonra da hakk\u0131m\u0131zda istediklerini yapt\u0131lar, aksini, tersini s\u00f6ylediler\u2026<\/span><\/p>\n<p><span style=\"color: #000000;\">Allah\u2019\u0131 ve Peygamberi hat\u0131rlar\u0131na getirmediler. \u0130ttihad Cemiyetinin (ittihad-\u0131 tekrakkiyi kast ediyor) himmeti, askerlerimizin yard\u0131m\u0131yla Anayasa ilan edildi. Zul\u00fcm ve istibdad belas\u0131 \u00fczerimizden kald\u0131r\u0131ld\u0131. Muhterem miletvekillerimiz topland\u0131lar, Mecliste vatan\u2019\u0131n \u201cK\u00fcrdistan\u2019\u0131n\u201d durumlar\u0131n\u0131 konu\u015facaklard\u0131. Allah onlara muvaffak\u0131yet versin, hainlerin g\u00f6z\u00fcn\u00fc k\u00f6r etsin.\u201d<\/span><\/p>\n<p><strong><span style=\"color: #ff0000;\">Derleme :\u00a0Nimetullah Atal<\/span><\/strong><\/p>\n<p><strong><span style=\"color: #ff0000;\">Kaynak: bitlisname.com<\/span><\/strong><\/p>\n","protected":false},"excerpt":{"rendered":"<p>Xel\u00eel Xeyal\u00ee: Ey K\u00fcrtler vatan\u0131n\u0131z\u0131 seviniz. \u00c7\u00fcnk\u00fc vatan sevgisi imandand\u0131r. Ey karde\u015fler! Adavet, d\u00fc\u015fmanl\u0131k ve husumeti kalbinizden \u00e7\u0131kar\u0131n\u0131z, bar\u0131\u015f\u0131n\u0131z, \u201cM\u00fcminler karde\u015ftir\u201d h\u00fckm\u00fcn\u00fc nazar-\u0131 dikkate al\u0131n\u0131z. Arkada\u015flar, okullar a\u00e7\u0131n\u0131z, \u00e7ocuklar\u0131n\u0131z\u0131 ilim \u00f6\u011fretmeye \u00e7al\u0131\u015ft\u0131r\u0131n\u0131z; bilgisizlik ay\u0131b\u0131n\u0131 onlara lay\u0131k g\u00f6rmeyiniz . \u201cBe\u015fikten mezara kadar ilmi aray\u0131n\u0131z\u201d emrine sar\u0131l\u0131p uymak bize farzd\u0131r. Ey ulema-y\u0131 navdar, ey n\u00fcfus ve iktidar &hellip;<\/p>\n","protected":false},"author":53,"featured_media":0,"comment_status":"open","ping_status":"open","sticky":false,"template":"","format":"standard","meta":{"footnotes":""},"categories":[25,299],"tags":[5373,137,117,17],"class_list":["post-6206","post","type-post","status-publish","format-standard","","category-tarih","category-turkce","tag-1111asd","tag-kurt","tag-kurtler","tag-slide"],"_links":{"self":[{"href":"https:\/\/candname.com\/tr\/index.php?rest_route=\/wp\/v2\/posts\/6206","targetHints":{"allow":["GET"]}}],"collection":[{"href":"https:\/\/candname.com\/tr\/index.php?rest_route=\/wp\/v2\/posts"}],"about":[{"href":"https:\/\/candname.com\/tr\/index.php?rest_route=\/wp\/v2\/types\/post"}],"author":[{"embeddable":true,"href":"https:\/\/candname.com\/tr\/index.php?rest_route=\/wp\/v2\/users\/53"}],"replies":[{"embeddable":true,"href":"https:\/\/candname.com\/tr\/index.php?rest_route=%2Fwp%2Fv2%2Fcomments&post=6206"}],"version-history":[{"count":0,"href":"https:\/\/candname.com\/tr\/index.php?rest_route=\/wp\/v2\/posts\/6206\/revisions"}],"wp:attachment":[{"href":"https:\/\/candname.com\/tr\/index.php?rest_route=%2Fwp%2Fv2%2Fmedia&parent=6206"}],"wp:term":[{"taxonomy":"category","embeddable":true,"href":"https:\/\/candname.com\/tr\/index.php?rest_route=%2Fwp%2Fv2%2Fcategories&post=6206"},{"taxonomy":"post_tag","embeddable":true,"href":"https:\/\/candname.com\/tr\/index.php?rest_route=%2Fwp%2Fv2%2Ftags&post=6206"}],"curies":[{"name":"wp","href":"https:\/\/api.w.org\/{rel}","templated":true}]}}