{"id":5577,"date":"2016-02-13T12:16:18","date_gmt":"2016-02-13T10:16:18","guid":{"rendered":"http:\/\/candname.com\/?p=5577"},"modified":"2018-10-10T23:30:22","modified_gmt":"2018-10-10T20:30:22","slug":"oxford-universitesi-kurtce-dersi-acti","status":"publish","type":"post","link":"https:\/\/candname.com\/tr\/?p=5577","title":{"rendered":"Oxford \u00dcniversitesi K\u00fcrt\u00e7e Dersi A\u00e7t\u0131"},"content":{"rendered":"<p><strong><span style=\"color: #ff0000;\">OXFORD \u00dcN\u0130VERS\u0130TES\u0130 K\u00dcRT\u00c7E \u00d6\u011eRET\u0130YOR<\/span><\/strong><\/p>\n<p><span style=\"color: #000000;\">\u0130ngiltere&#8217;deki d\u00fcnyan\u0131n en g\u00f6zde \u00fcniversitelerinden Oxford \u00dcniversitesi&#8217;nde K\u00fcrt\u00e7e dil e\u011fitimi ba\u015flad\u0131. K\u00fcrt\u00e7e dersleri \u00fcni<span class=\"text_exposed_show\">versitenin \u00f6\u011fretim \u00fcyesi Dr. \u00d6zlem Galip ile Ermeni \u00c7al\u0131\u015fmalar\u0131 B\u00f6l\u00fcm\u00fc&#8217;nde \u00f6\u011fretim g\u00f6revlisi Hollandal\u0131 Prof. Dr. Theo M. Van Lint&#8217;in yapt\u0131\u011f\u0131 ba\u015fvuru ile ba\u015flad\u0131.<\/span><\/span><\/p>\n<div class=\"text_exposed_show\">\n<span style=\"color: #000000;\">\u00dcniversite y\u00f6netiminin ba\u015fvuruya olumlu cevap vermesinin ard\u0131ndan da, \u0130ngiltere&#8217;de bulunan Exeter \u00dcniversitesi&#8217;nde K\u00fcrt\u00e7e roman \u00fczerine doktoras\u0131n\u0131 tamamlayan \u00d6zlem Galip dersi a\u00e7t\u0131.<\/span><\/p>\n<p><span style=\"color: #ff0000;\"><strong>GELEN TALEP GAL\u0130P&#8217;\u0130 B\u0130LE \u015eA\u015eIRTTI<\/strong><\/span><\/p>\n<p><span style=\"color: #000000;\">\u0130lk kez a\u00e7\u0131lan K\u00fcrt\u00e7e dersine k\u0131sa s\u00fcrede \u00e7ok say\u0131da ba\u015fvurunun al\u0131nmas\u0131 \u00fczerine kontenjan ilk y\u0131l i\u00e7in 15 ki\u015fiyle s\u0131n\u0131rland\u0131r\u0131ld\u0131.<\/span><\/p>\n<p><span style=\"color: #000000;\">Ba\u015fta daha az \u00f6\u011frencinin se\u00e7ece\u011fi tahmin edildi\u011fi i\u00e7in k\u00fc\u00e7\u00fck bir s\u0131n\u0131f ayr\u0131lan derse talep yo\u011fun olunca okul y\u00f6netimi de daha b\u00fcy\u00fck bir s\u0131n\u0131f tahsis etti. Derse y\u00f6nelik ilgiyi &#8216;Sanki Oxford&#8217;da herkes K\u00fcrt\u00e7e dersinin ba\u015flamas\u0131n\u0131 beklemi\u015f&#8217; diye tan\u0131mlayan Dr. Galip, &#8216;Sadece \u00f6\u011frenciler de\u011fil \u00f6\u011fretim g\u00f6revlileri de dersi se\u00e7ti. K\u00fcrt\u00e7e dersi i\u00e7in \u015fimdiden gelecek seneye kay\u0131t yapt\u0131ranlar var. K\u00fcrtler Ortado\u011fu&#8217;da \u00e7ok \u00f6nemli bir yer te\u015fkil ediyor. Devletleri yok diye ara\u015ft\u0131r\u0131lmamas\u0131, dillerinin \u00f6\u011fretilmemesi akademi ba\u011flam\u0131nda b\u00fcy\u00fck bir kay\u0131p&#8217; dedi.<\/span><br \/>\n<span style=\"color: #ff0000;\"><strong>GHOBAD\u0130 VES\u0130LE OLDU<\/strong><\/span><\/p>\n<p><span style=\"color: #000000;\">Dersi se\u00e7en \u00f6\u011frenci profili de olduk\u00e7a renkli. \u00d6rne\u011fin Fars\u00e7a ve Rus\u00e7a okuyan bir \u0130ngiliz \u00f6\u011frenci, en sevdi\u011fi y\u00f6netmen olan Bahman Ghobadi&#8217;nin K\u00fcrt oldu\u011funu \u00f6\u011frenir \u00f6\u011frenmez K\u00fcrt\u00e7e \u00f6\u011frenmek istemi\u015f. Dersi alanlar aras\u0131nda bir T\u00fcrk, bir Ermeni, iki Hollandal\u0131, bir Alman ile bir tane de \u00c7erkez-Ermeni \u00f6\u011frenci var. Dersi se\u00e7en di\u011fer \u00f6\u011frencilerin tamam\u0131 Amerikal\u0131 ve \u0130ngiliz. \u00d6\u011frencilerden 3&#8217;\u00fc de \u00f6\u011fretim g\u00f6revlisi.<\/span><\/p>\n<p><span style=\"color: #000000;\">Dr. Galip bu yo\u011fun talebin ard\u0131ndan Oxford&#8217;da \u015fimdi de K\u00fcrt \u00e7al\u0131\u015fmalar\u0131 \u00fczerine bir b\u00f6l\u00fcm a\u00e7mak istediklerini belirterek, &#8216;Bu kadar yo\u011fun ilgi kar\u015f\u0131s\u0131nda Oxford \u00dcniversitesi de mutlaka bu y\u00f6nde somut ad\u0131mlar atacakt\u0131r&#8217; diye konu\u015ftu.<\/span><br \/>\n<strong><span style=\"color: #ff0000;\">HIZLI \u0130LERL\u0130YORUZ<\/span><\/strong><\/p>\n<p><span style=\"color: #000000;\">Dr. Galip \u00f6\u011frencilerin performans\u0131ndan da son derece memnun; &#8216;Oxford&#8217;daki \u00f6\u011frenciler \u00e7ok zeki diye midir ya da \u00e7ok mu \u00f6\u011frenmek istiyorlar K\u00fcrt\u00e7eyi bilmiyorum ama \u00e7ok h\u0131zl\u0131 ilerliyoruz. Sadece birka\u00e7 hafta i\u00e7ersinde hepsi basit diyaloglar kurabilecek d\u00fczeye geldi. Dersler de sadece dil de\u011fil ayn\u0131 zamanda K\u00fcrt k\u00fclt\u00fcr\u00fc \u00fczerine de e\u011fitim veriyorum. Derste K\u00fcrt\u00e7e k\u0131sa filmler izleyip, K\u00fcrt\u00e7e \u015fark\u0131lar dinliyoruz. Haftada birka\u00e7 saat dersin oldu\u011fu bir senelik kurs bence K\u00fcrt\u00e7e&#8217;nin temelini al\u0131p kendi kendine devam edebilmek i\u00e7in yeterli.&#8217;<\/span><\/p>\n<p><strong><span style=\"color: #000000;\">Kaynak: Bas\u0131ndan<\/span><\/strong><\/p>\n<\/div>\n","protected":false},"excerpt":{"rendered":"<p>OXFORD \u00dcN\u0130VERS\u0130TES\u0130 K\u00dcRT\u00c7E \u00d6\u011eRET\u0130YOR \u0130ngiltere&#8217;deki d\u00fcnyan\u0131n en g\u00f6zde \u00fcniversitelerinden Oxford \u00dcniversitesi&#8217;nde K\u00fcrt\u00e7e dil e\u011fitimi ba\u015flad\u0131. K\u00fcrt\u00e7e dersleri \u00fcniversitenin \u00f6\u011fretim \u00fcyesi Dr. \u00d6zlem Galip ile Ermeni \u00c7al\u0131\u015fmalar\u0131 B\u00f6l\u00fcm\u00fc&#8217;nde \u00f6\u011fretim g\u00f6revlisi Hollandal\u0131 Prof. Dr. Theo M. Van Lint&#8217;in yapt\u0131\u011f\u0131 ba\u015fvuru ile ba\u015flad\u0131. \u00dcniversite y\u00f6netiminin ba\u015fvuruya olumlu cevap vermesinin ard\u0131ndan da, \u0130ngiltere&#8217;de bulunan Exeter \u00dcniversitesi&#8217;nde K\u00fcrt\u00e7e roman \u00fczerine &hellip;<\/p>\n","protected":false},"author":53,"featured_media":0,"comment_status":"open","ping_status":"open","sticky":false,"template":"","format":"standard","meta":{"footnotes":""},"categories":[3,299],"tags":[2125,141,2126,2124,17],"class_list":["post-5577","post","type-post","status-publish","format-standard","","category-haber","category-turkce","tag-ders","tag-kurtce","tag-kurtce-dersi","tag-oxford","tag-slide"],"_links":{"self":[{"href":"https:\/\/candname.com\/tr\/index.php?rest_route=\/wp\/v2\/posts\/5577","targetHints":{"allow":["GET"]}}],"collection":[{"href":"https:\/\/candname.com\/tr\/index.php?rest_route=\/wp\/v2\/posts"}],"about":[{"href":"https:\/\/candname.com\/tr\/index.php?rest_route=\/wp\/v2\/types\/post"}],"author":[{"embeddable":true,"href":"https:\/\/candname.com\/tr\/index.php?rest_route=\/wp\/v2\/users\/53"}],"replies":[{"embeddable":true,"href":"https:\/\/candname.com\/tr\/index.php?rest_route=%2Fwp%2Fv2%2Fcomments&post=5577"}],"version-history":[{"count":0,"href":"https:\/\/candname.com\/tr\/index.php?rest_route=\/wp\/v2\/posts\/5577\/revisions"}],"wp:attachment":[{"href":"https:\/\/candname.com\/tr\/index.php?rest_route=%2Fwp%2Fv2%2Fmedia&parent=5577"}],"wp:term":[{"taxonomy":"category","embeddable":true,"href":"https:\/\/candname.com\/tr\/index.php?rest_route=%2Fwp%2Fv2%2Fcategories&post=5577"},{"taxonomy":"post_tag","embeddable":true,"href":"https:\/\/candname.com\/tr\/index.php?rest_route=%2Fwp%2Fv2%2Ftags&post=5577"}],"curies":[{"name":"wp","href":"https:\/\/api.w.org\/{rel}","templated":true}]}}