{"id":5440,"date":"2016-02-10T09:43:43","date_gmt":"2016-02-10T07:43:43","guid":{"rendered":"http:\/\/candname.com\/?p=5440"},"modified":"2016-02-10T09:43:43","modified_gmt":"2016-02-10T07:43:43","slug":"celal-bayarin-hazirlattigi-rapordaki-tedbirler-ajan-sansur-ve-turklestirme","status":"publish","type":"post","link":"https:\/\/candname.com\/tr\/?p=5440","title":{"rendered":"Celal Bayar&#8217;\u0131n Haz\u0131rlatt\u0131\u011f\u0131 Rapordaki tedbirler: Ajan, sans\u00fcr ve T\u00fcrkle\u015ftirme!"},"content":{"rendered":"<p style=\"text-align: justify;\">T\u00fcrkiye\u2019nin bir zamanlar \u00e7ok \u00f6nemli g\u00f6revlerde bulunmu\u015f bir devlet adam\u0131n\u0131n ailesi, ellerinde bulunan \u00f6zel ar\u015fivinin bir b\u00f6l\u00fcm\u00fcn\u00fc ge\u00e7enlerde bana verdiler.Kendilerine te\u015fekk\u00fcr bor\u00e7lu oldu\u011fum bu aileden gelen evrak aras\u0131nda, Cel\u00e2l Bayar\u2019\u0131n 1959\u2019da cumhurba\u015fkan\u0131 oldu\u011fu s\u0131rada haz\u0131rlatt\u0131\u011f\u0131 bir <strong>\u201cK\u00fcrt raporu<\/strong>\u201d da vard\u0131.<\/p>\n<p><strong>1959\u2019da \u00f6nerilen tedbirler: Ajan, sans\u00fcr ve T\u00fcrkle\u015ftirme!<\/strong><\/p>\n<p>CEL\u00c2L Bayar\u2019\u0131n 1959\u2019da cumhurba\u015fkan\u0131 oldu\u011fu s\u0131rada haz\u0131rlatt\u0131\u011f\u0131 raporun ilk b\u00f6l\u00fcm\u00fcnde, T\u00fcrkiye\u2019deki K\u00fcrt\u00e7\u00fcl\u00fck faaliyetlerinin nas\u0131l ba\u015flad\u0131\u011f\u0131 konusunda k\u0131sa bir a\u00e7\u0131klamadan sonra K\u00fcrt talepleri ve bu taleplere kar\u015f\u0131 al\u0131nmas\u0131 gereken \u00f6nlemler s\u0131ralan\u0131yor. Raporun giri\u015finde, \u015f\u00f6yle deniyor:<\/p>\n<p>&nbsp;<\/p>\n<p>\u201cMemleketimizde K\u00fcrt\u00e7\u00fcl\u00fck fikri, \u0130kinci D\u00fcnya Sava\u015f\u0131\u2019na kadar A\u011fa, Bey, \u015eeyh gibi reisler ile Bedirh\u00e2n\u00ee ve Babanlar gibi emir veya h\u00fck\u00fcmdar olmak arzusunda olan aileler taraf\u0131ndan m\u00fcdafaa ve takip edilmi\u015f ve bu fikir yabanc\u0131 devletler taraf\u0131ndan kendi maksat ve emelleri i\u00e7in istismar olunarak zaman zaman cahil halk kitleleri ayakland\u0131r\u0131lmak suretiyle m\u00fczmin bir hale getirilmi\u015ftir. \u2026Cumhuriyetin il\u00e2n\u0131ndan sonra memleketimizde vukua gelen K\u00fcrt isyanlar\u0131n\u0131n hepsinin \u015fiddetle bast\u0131r\u0131lmas\u0131, isyana i\u015ftirak edenlerin a\u011f\u0131r cezalara \u00e7arpt\u0131r\u0131lmalar\u0131, bu arada kendilerine vaadlerde bulunan b\u00fcy\u00fck devletlerin bu vaadlerini yerine getirmemi\u015f olmalar\u0131, K\u00fcrt liderlerin ve cahil halk\u0131n g\u00f6z\u00fcn\u00fc y\u0131ld\u0131rm\u0131\u015ft\u0131r. K\u00fcrtler, dav\u00e2lar\u0131n\u0131 art\u0131k sil\u00e2hla ve isyanlarla kazanamayacaklar\u0131na emin olmu\u015flard\u0131r. Bu bak\u0131mdan K\u00fcrt\u00e7\u00fcl\u00fck d\u00e2v\u00e2s\u0131n\u0131n \u00f6nderli\u011fini yapan \u015fah\u0131slar, gayelerine ula\u015fabilmek i\u00e7in yeni bir metod takip etme\u011fe ba\u015flam\u0131\u015ft\u0131r\u201d. Raporun son k\u0131sm\u0131nda ise, \u201cAl\u0131nacak Tedbirler\u201d ba\u015fl\u0131\u011f\u0131 alt\u0131nda K\u00fcrt\u00e7\u00fcl\u00fck faaliyetlerine kar\u015f\u0131 devletin neler yapmas\u0131 gerekti\u011fi, maddeler halinde s\u0131ralan\u0131yor:<\/p>\n<p style=\"text-align: justify;\">\u201c\u2026A\u015fa\u011f\u0131daki tedbirler, \u00e2cilen ele al\u0131nmas\u0131 gereken hususlard\u0131r: \u015eark b\u00f6lgesindeki istihbarat faaliyeti ve ajanlama i\u015finin takviyesi ve bu bak\u0131mdan daha b\u00fcy\u00fck madd\u00ee fedak\u00e2rl\u0131klara katlan\u0131lmas\u0131 l\u00e2z\u0131md\u0131r. \u0130stanbul\u2019daki gen\u00e7lik esasl\u0131 bir kadro ile ve ajanlarla hepsinden \u00f6nce de baz\u0131 T\u00fcrk\u00e7\u00fc liderlerle murakabe edilmeli (denetlenmeli) ve k\u0131lavuzlanmal\u0131d\u0131r. <strong>T\u00fcrk ve K\u00fcrt k\u00fclt\u00fcr\u00fc aras\u0131ndaki fark g\u00f6r\u00fcnmez \u015fekle sokulmal\u0131 ve onlar\u0131n tertip etti\u011fi \u015eark geceleri, folklor ve k\u00fclt\u00fcr gayretleri maarif ve k\u00fclt\u00fcr sistemimize g\u00f6re ele al\u0131n\u0131p T\u00fcrk k\u00fclt\u00fcr\u00fcne temsil edilmelerine \u00e7al\u0131\u015f\u0131lmal\u0131d\u0131r.<\/strong> Yeni teknik imk\u00e2nlar\u0131m\u0131zdan faydalanarak ne\u015friyat yapan \u00fc\u00e7 d\u0131\u015f radyonun dinlenmesine m\u00e2ni olunmal\u0131d\u0131r. Posta sans\u00fcr\u00fc K\u00fcrt muhaberat ve ne\u015friyat\u0131na kar\u015f\u0131 daha geni\u015f \u00f6l\u00e7\u00fcde i\u015fletilmelidir. Bunlarla uyumlu olarak politik m\u00fcdahale ve kar\u0131\u015ft\u0131rmalar da tertip olunabilir. \u0130ran\u2019la bu konudaki i\u015fbirli\u011finin g\u00fc\u00e7lendirilmesi l\u00e2z\u0131md\u0131r. Irak devleti, K\u00fcrt\u00e7\u00fcl\u00fckle m\u00fccadeleye ikna olunmal\u0131d\u0131r\u201d.<\/p>\n<p style=\"text-align: justify;\"><strong>Bitlisname.com<\/strong><\/p>\n","protected":false},"excerpt":{"rendered":"<p>T\u00fcrkiye\u2019nin bir zamanlar \u00e7ok \u00f6nemli g\u00f6revlerde bulunmu\u015f bir devlet adam\u0131n\u0131n ailesi, ellerinde bulunan \u00f6zel ar\u015fivinin bir b\u00f6l\u00fcm\u00fcn\u00fc ge\u00e7enlerde bana verdiler.Kendilerine te\u015fekk\u00fcr bor\u00e7lu oldu\u011fum bu aileden gelen evrak aras\u0131nda, Cel\u00e2l Bayar\u2019\u0131n 1959\u2019da cumhurba\u015fkan\u0131 oldu\u011fu s\u0131rada haz\u0131rlatt\u0131\u011f\u0131 bir \u201cK\u00fcrt raporu\u201d da vard\u0131. 1959\u2019da \u00f6nerilen tedbirler: Ajan, sans\u00fcr ve T\u00fcrkle\u015ftirme! CEL\u00c2L Bayar\u2019\u0131n 1959\u2019da cumhurba\u015fkan\u0131 oldu\u011fu s\u0131rada haz\u0131rlatt\u0131\u011f\u0131 raporun &hellip;<\/p>\n","protected":false},"author":53,"featured_media":0,"comment_status":"open","ping_status":"open","sticky":false,"template":"","format":"standard","meta":{"footnotes":""},"categories":[25,299],"tags":[2067,813,141,2064,17,2066,1340,2065],"class_list":["post-5440","post","type-post","status-publish","format-standard","","category-tarih","category-turkce","tag-ajan","tag-asimilasyon","tag-kurtce","tag-sark-geceleri","tag-slide","tag-surgun","tag-turkce","tag-turku"],"_links":{"self":[{"href":"https:\/\/candname.com\/tr\/index.php?rest_route=\/wp\/v2\/posts\/5440","targetHints":{"allow":["GET"]}}],"collection":[{"href":"https:\/\/candname.com\/tr\/index.php?rest_route=\/wp\/v2\/posts"}],"about":[{"href":"https:\/\/candname.com\/tr\/index.php?rest_route=\/wp\/v2\/types\/post"}],"author":[{"embeddable":true,"href":"https:\/\/candname.com\/tr\/index.php?rest_route=\/wp\/v2\/users\/53"}],"replies":[{"embeddable":true,"href":"https:\/\/candname.com\/tr\/index.php?rest_route=%2Fwp%2Fv2%2Fcomments&post=5440"}],"version-history":[{"count":0,"href":"https:\/\/candname.com\/tr\/index.php?rest_route=\/wp\/v2\/posts\/5440\/revisions"}],"wp:attachment":[{"href":"https:\/\/candname.com\/tr\/index.php?rest_route=%2Fwp%2Fv2%2Fmedia&parent=5440"}],"wp:term":[{"taxonomy":"category","embeddable":true,"href":"https:\/\/candname.com\/tr\/index.php?rest_route=%2Fwp%2Fv2%2Fcategories&post=5440"},{"taxonomy":"post_tag","embeddable":true,"href":"https:\/\/candname.com\/tr\/index.php?rest_route=%2Fwp%2Fv2%2Ftags&post=5440"}],"curies":[{"name":"wp","href":"https:\/\/api.w.org\/{rel}","templated":true}]}}