{"id":4458,"date":"2016-01-25T18:29:17","date_gmt":"2016-01-25T16:29:17","guid":{"rendered":"http:\/\/candname.com\/?p=4458"},"modified":"2018-10-15T02:25:39","modified_gmt":"2018-10-14T23:25:39","slug":"orijinal-mem-u-zin-piyasada-bedel-boseli","status":"publish","type":"post","link":"https:\/\/candname.com\/tr\/?p=4458","title":{"rendered":"Orijinal Mem \u00fb Z\u00een piyasada &#8211; Bedel Boseli"},"content":{"rendered":"<p>Son y\u00fczy\u0131llarda K\u00fcrtlerin sadece topra\u011f\u0131 de\u011fil ayn\u0131 zamanda <strong>K\u00fcrdistani k\u00fclt\u00fcre dair ne varsa<\/strong>\u00a0istilac\u0131 devletler taraf\u0131ndan\u00a0talan edildi. \u00d6zellikle <strong>T\u00fcrkiye<\/strong>\u2019de <strong>k\u00fclt\u00fcrel talan<\/strong>\u00a0y\u00fczy\u0131ld\u0131r, sistematik olarak fiziki soyk\u0131r\u0131mdan daha \u015fiddetli bir \u015fekilde uygulanmaktad\u0131r. <strong>Nice K\u00fcrt\u00e7e tarihi kaynaklar yok edildi<\/strong>. K\u00fcrtlerin k\u00fclt\u00fcrel ve ulusal bilincini darmada\u011f\u0131n edildi.<\/p>\n<p>Ehmed\u00ea Xan\u00ee\u2019nin Mem \u00fb Z\u00een adl\u0131 eseri de bu sistematik talandan nasibini ald\u0131. Orijinalleri bir bir yok edildi. K\u00fcrt bilincini tuza\u011fa d\u00fc\u015f\u00fcrerek yok etme g\u00f6revi ile pusuda yatan K\u00fcrt d\u00fc\u015fman\u0131 profes\u00f6rler ordusu son y\u0131llarda \u201c<strong>Mem \u00fb Z\u00een\u2019\u00een orjinali yok ki, bu uydurmad\u0131r dediler<\/strong>\u201d. Ve bu <strong>alg\u0131 operasyonlar\u0131<\/strong>\u00a0ile K\u00fcrtlerin moralini, inanc\u0131n\u0131 k\u0131rma operasyonuna g\u00fc\u00e7 vermi\u015f oldular. <strong>Mem \u00fb Z\u00een<\/strong> ki K\u00fcrt ulusunun temel eseridir. Bu eser g\u00f6r\u00fcn\u00fc\u015fte kad\u0131n-erkek a\u015fk\u0131n\u0131n destan\u0131d\u0131r. Sadece bu mu? Tabii ki hay\u0131r. Ehmed\u00ea Xan\u00ee, eserinde\u00a0<strong>Mem \u00fb Z\u00een a\u015fk\u0131n\u0131n bir bahane<\/strong> oldu\u011funu yaz\u0131yor. Bir g\u00fcn gelecek torunlar\u0131m\u0131z beni anlayacaklar diyor. <strong>H. Mem<\/strong> ismini kullanan bir akademisyenimiz derinlemesine ara\u015ft\u0131rmalar yapt\u0131 ve Ehmed\u00ea Xan\u00ee\u2019nin mesajlar\u0131n\u0131 bilince \u00e7\u0131karmay\u0131 ba\u015fard\u0131. H. Mem\u2019in Mem \u00fb Zin\u2019i analiz eden eserleri <strong>\u0130stanbul K\u00fcrt Enstit\u00fcs\u00fc<\/strong> taraf\u0131ndan yay\u0131mland\u0131. T\u00fcrk\u00e7e ve K\u00fcrt\u00e7e bas\u0131lan bu eserleri<strong> okumayan K\u00fcrt kesinlikle kalmamal\u0131<\/strong> d\u00fc\u015f\u00fcncesindeyim. Mem \u00fb Z\u00een ulusal bir destand\u0131r. K\u00fcrtlerin sosyolojik ve tarihi yap\u0131s\u0131n\u0131 ortaya koyduktan sonra nas\u0131l m\u00fccadele etmesi gerekti\u011fini bir a\u015fk efsanesiyle s\u00fcslemi\u015f.<\/p>\n<p><a href=\"http:\/\/zernews.net\/wp-content\/uploads\/2016\/01\/ehmede-xani-mem-u-zin.jpg\" rel=\"attachment wp-att-14348\"><img loading=\"lazy\" decoding=\"async\" class=\"alignnone wp-image-14348 size-yeni-boyut\" src=\"http:\/\/zernews.net\/wp-content\/uploads\/2016\/01\/ehmede-xani-mem-u-zin-620x381.jpg\" sizes=\"auto, (max-width: 620px) 100vw, 620px\" srcset=\"http:\/\/zernews.net\/wp-content\/uploads\/2016\/01\/ehmede-xani-mem-u-zin-300x184.jpg 300w, http:\/\/zernews.net\/wp-content\/uploads\/2016\/01\/ehmede-xani-mem-u-zin-620x381.jpg 620w, http:\/\/zernews.net\/wp-content\/uploads\/2016\/01\/ehmede-xani-mem-u-zin.jpg 655w\" alt=\"ehmede xani mem u zin\" width=\"620\" height=\"381\" \/><\/a><\/p>\n<p>Son y\u0131llarda pusuda yatan sistem profes\u00f6rlerinin Mem \u00fb Z\u00een\u2019e \u00fczerinden K\u00fcrtlere sald\u0131rmas\u0131 bu y\u00fczdendir. Tutturmu\u015flar \u201c<strong>Mem \u00fb Z\u00een\u201din orjinali yok\u201d<\/strong>\u00a0diye. Kimse \u00e7\u0131k\u0131p da \u201csiz orijinal eserlerimizi imha ettiniz, \u015fimdi \u00e7\u0131k\u0131p niye yok diyorsunuz\u201d demedi. <strong>Malcolm X<\/strong>\u2019in \u015fu tespiti akl\u0131ma geldi:<\/p>\n<p>\u201c<strong>\u00d6nce g\u00f6zlerimizi oyuyorlar, sonra neden g\u00f6rm\u00fcyorsunuz diye s\u00f6v\u00fcyorlar<\/strong>\u201d.<\/p>\n<p>Tam bu heng\u00e2mede, \u00e7irkin sald\u0131r\u0131lar\u0131n ortas\u0131nda G\u00fcney K\u00fcrdistan\u2019dan ara\u015ft\u0131rmac\u0131 <strong>Tehs\u00een \u00cebrah\u00eem Dostk\u00ee<\/strong>\u00a0adeta imdad\u0131m\u0131za yeti\u015fti.\u00a0Mem \u00fb Z\u00een\u2019in orijinal bir el yazmas\u0131n\u0131<strong>\u00a0\u0130stanbul<\/strong>\u2019daki <strong>N\u00fbbihar Yay\u0131nlar\u0131<\/strong>\u2018na ula\u015ft\u0131rd\u0131. K\u00fcrt klasik edebiyat\u0131 \u00fczerinde uzmanla\u015fm\u0131\u015f <strong>Husyen \u015eemrex\u00ee<\/strong> taraf\u0131ndan yay\u0131na haz\u0131rland\u0131.<\/p>\n<p>N\u00fbbihar yay\u0131nlar\u0131ndan \u00e7\u0131kan bu eser 1751-52 y\u0131llar\u0131nda, <strong>Eziz Kur\u00ea \u015e\u00eerbaz Mamz\u00ead\u00ee<\/strong> taraf\u0131ndan yaz\u0131lm\u0131\u015f. <strong>Husyn \u015eemrex\u00ee<\/strong> ile yapt\u0131\u011f\u0131m\u0131z g\u00f6r\u00fc\u015fmede, eseri yay\u0131nlarken metnin orijinaline sad\u0131k kald\u0131\u011f\u0131n\u0131 belirtiyor.<\/p>\n<p>Bu eserin i\u00e7eri\u011fine y\u00f6nelik ilgin\u00e7 notlar\u0131 ba\u015fka bir yaz\u0131da ortaya koyaca\u011f\u0131m. Ama son olarak \u015funu vurgulama gere\u011fini duyuyorum: Baz\u0131 Avrupal\u0131 ara\u015ft\u0131rmac\u0131lar Mem \u00fb Z\u00een\u2019deki Ulusal metinlerin K\u00fcrt Kraliyet ailesi\u00a0<strong>Bedirxani<\/strong>\u2019ler taraf\u0131ndan eklendi\u011fini s\u00f6ylemi\u015f ve buna \u00e7ok K\u00fcrt ayd\u0131n\u0131n\u0131 da inand\u0131rm\u0131\u015flard\u0131. Hatta \u015funu da belirtmi\u015flerdi: \u201c<strong>O y\u00fczy\u0131lda d\u00fcnyada ulusal-\u00f6zg\u00fcrl\u00fck\u00e7\u00fc bir bilincin olmas\u0131 imk\u00e2ns\u0131zd\u0131<\/strong>\u201d. Gel g\u00f6r ki Bedirxani\u2019lerden y\u00fczy\u0131llar \u00f6nce yaz\u0131lm\u0131\u015f bu orijinal kaynakta o ulusal, \u00f6zg\u00fcrl\u00fck\u00e7\u00fc metinler oldu\u011fu gibi duruyor. Zaten Ehmed\u00ea Xan\u00ee destan\u0131n <strong>6. B\u00f6l\u00fcm\u00fcn\u00fcn giri\u015finde<\/strong> d\u00fc\u015f\u00fcncelerinin<strong> ulusal<\/strong> oldu\u011funu ve bu ulusal d\u00fc\u015f\u00fcncelerinin, d\u00f6neminin d\u00fcnya g\u00f6r\u00fc\u015f\u00fcne ters ve yabanc\u0131 oldu\u011funu s\u00f6yl\u00fcyor.<\/p>\n<p>Mem \u00fb Z\u00een bu y\u00fczden K\u00fcrdistan istilac\u0131lar\u0131n\u0131n temel hedefi oldu. Bu y\u00fczden d\u00fczenin profes\u00f6r ordusunun sald\u0131r\u0131lar\u0131na u\u011fruyor. <strong>Mem \u00fb Z\u00een \u00fczeri toz tutmu\u015f bir lamba misalidir<\/strong>. \u00dcfleyerek s\u00f6nd\u00fcrmek istedik\u00e7e \u00fczerindeki toz kalkacak daha \u00e7ok \u0131\u015f\u0131k verecektir. Onlarda yuttu\u011fu toz \u00fb duman ile kalmaya mahk\u00fbmdurlar.<\/p>\n<p>Bedel Boseli<br \/>\nZERnews<\/p>\n","protected":false},"excerpt":{"rendered":"<p>Son y\u00fczy\u0131llarda K\u00fcrtlerin sadece topra\u011f\u0131 de\u011fil ayn\u0131 zamanda K\u00fcrdistani k\u00fclt\u00fcre dair ne varsa\u00a0istilac\u0131 devletler taraf\u0131ndan\u00a0talan edildi. \u00d6zellikle T\u00fcrkiye\u2019de k\u00fclt\u00fcrel talan\u00a0y\u00fczy\u0131ld\u0131r, sistematik olarak fiziki soyk\u0131r\u0131mdan daha \u015fiddetli bir \u015fekilde uygulanmaktad\u0131r. Nice K\u00fcrt\u00e7e tarihi kaynaklar yok edildi. K\u00fcrtlerin k\u00fclt\u00fcrel ve ulusal bilincini darmada\u011f\u0131n edildi. Ehmed\u00ea Xan\u00ee\u2019nin Mem \u00fb Z\u00een adl\u0131 eseri de bu sistematik talandan nasibini ald\u0131. &hellip;<\/p>\n","protected":false},"author":2,"featured_media":0,"comment_status":"open","ping_status":"open","sticky":false,"template":"","format":"standard","meta":{"footnotes":""},"categories":[15,65,1746,299],"tags":[1738,1736,376,390,171,731,78,127,405,180,88,17,5416,90,1737],"class_list":["post-4458","post","type-post","status-publish","format-standard","","category-edebiyat","category-forum","category-kitapcilik","category-turkce","tag-ahmedi-hani","tag-bedel-boseli","tag-dirok","tag-ehmede-xani","tag-helbest","tag-islam","tag-kurd","tag-kurdi","tag-mem-u-zin","tag-nubihar","tag-pirtuk","tag-slide","tag-tanitim","tag-wesanxane","tag-zernews"],"_links":{"self":[{"href":"https:\/\/candname.com\/tr\/index.php?rest_route=\/wp\/v2\/posts\/4458","targetHints":{"allow":["GET"]}}],"collection":[{"href":"https:\/\/candname.com\/tr\/index.php?rest_route=\/wp\/v2\/posts"}],"about":[{"href":"https:\/\/candname.com\/tr\/index.php?rest_route=\/wp\/v2\/types\/post"}],"author":[{"embeddable":true,"href":"https:\/\/candname.com\/tr\/index.php?rest_route=\/wp\/v2\/users\/2"}],"replies":[{"embeddable":true,"href":"https:\/\/candname.com\/tr\/index.php?rest_route=%2Fwp%2Fv2%2Fcomments&post=4458"}],"version-history":[{"count":0,"href":"https:\/\/candname.com\/tr\/index.php?rest_route=\/wp\/v2\/posts\/4458\/revisions"}],"wp:attachment":[{"href":"https:\/\/candname.com\/tr\/index.php?rest_route=%2Fwp%2Fv2%2Fmedia&parent=4458"}],"wp:term":[{"taxonomy":"category","embeddable":true,"href":"https:\/\/candname.com\/tr\/index.php?rest_route=%2Fwp%2Fv2%2Fcategories&post=4458"},{"taxonomy":"post_tag","embeddable":true,"href":"https:\/\/candname.com\/tr\/index.php?rest_route=%2Fwp%2Fv2%2Ftags&post=4458"}],"curies":[{"name":"wp","href":"https:\/\/api.w.org\/{rel}","templated":true}]}}