{"id":4297,"date":"2016-01-23T00:17:20","date_gmt":"2016-01-22T22:17:20","guid":{"rendered":"http:\/\/candname.com\/?p=4297"},"modified":"2018-10-15T02:25:39","modified_gmt":"2018-10-14T23:25:39","slug":"kurdistan-tarihi-kitabi-r-p-giuseppe-campanile","status":"publish","type":"post","link":"https:\/\/candname.com\/tr\/?p=4297","title":{"rendered":"K\u00fcrdistan Tarihi Kitab\u0131 &#8211; R.P. Giuseppe Campanile"},"content":{"rendered":"<p><span style=\"color: #000000;\">K\u00fcrdolojinin ilk metinlerinden biri olan \u0130talyan rahip R.P. Giuseppe Campanile\u2019in \u2018K\u00fcrdistan Tarihi\u2019 adl\u0131 kitab\u0131n\u0131n ikinci bask\u0131s\u0131 Avesta yay\u0131nlar\u0131 aras\u0131nda \u00e7\u0131kt\u0131.<\/span><span style=\"color: #000000;\"><span class=\"text_exposed_show\"><\/p>\n<p>K\u00fcrdolojinin en eski metinlerinden biri olan R.P. Giuseppe Campanile\u2019in \u2018K\u00fcrdistan Tarihi\u2019 adl\u0131 kitab\u0131 \u0130talyancadan Frans\u0131zcaya \u00e7eviren \u00fcnl\u00fc K\u00fcrdolog Thomas Bois, \u00f6ns\u00f6zde \u015funlar\u0131 belirtiyor:<\/span><\/span><\/p>\n<div class=\"text_exposed_show\">\n<p><span style=\"color: #000000;\">1818 y\u0131l\u0131nda, Napoli\u2019deki Strade Tribunali, no. 287 adresli Fernandes Karde\u015fler Matbaas\u0131\u2019nda Storia della Regione del Kurdistan e dele sette religione ivi esistenti adl\u0131 bir kitap bas\u0131ld\u0131. Ba\u015fl\u0131\u011f\u0131na ra\u011f<img decoding=\"async\" class=\"alignright\" src=\"https:\/\/scontent-frt3-1.xx.fbcdn.net\/hphotos-xaf1\/v\/t1.0-0\/s526x395\/12507181_1000951723276421_3963964281415173982_n.jpg?oh=cbc0738902b649b4146b5120acf2fdad&amp;oe=573F4225\" alt=\"\" \/>men bu, tam anlam\u0131yla bir tarih kitab\u0131ndan ziyade, K\u00fcrdistan\u2019\u0131n XIX. y\u00fczy\u0131l\u0131n \u015fafa\u011f\u0131nda tasvirinden ibarettir. Yazar ku\u015fkusuz Am\u00eadi\u2019nin eski d\u00f6nemlerde ve S\u00fcleymaniye\u2019nin daha yeni kurulu\u015fu ya da Mardinli G\u00fcne\u015fetaparlar\u2019\u0131n Yakubi mezhebine s\u00f6zde d\u00f6n\u00fc\u015fleri gibi eskiye dayanan baz\u0131 olaylar\u0131 hat\u0131rlatmaktad\u0131r; ama niyeti daha \u00e7ok saptad\u0131\u011f\u0131 \u00e2detler, \u015fahit oldu\u011fu olaylar ve kar\u015f\u0131la\u015ft\u0131\u011f\u0131 az ya da \u00e7ok \u00f6nemli kimseler konusunda bizi bilgilendirmek gibi g\u00f6r\u00fcn\u00fcr. Co\u011frafya, ekonomik durum, toplumsal ve dini ya\u015fam hakk\u0131nda anlatt\u0131klar\u0131, ayr\u0131nt\u0131lara pek inilmedi\u011finde do\u011frudur ve o d\u00f6nemden beri \u00e7ok de\u011fi\u015fmemi\u015ftir \u00e7\u00fcnk\u00fc yazar, on iki y\u0131l kadar kar\u0131\u015f kar\u0131\u015f her taraf\u0131n\u0131 gezdi\u011fi bu topraklar\u0131 iyi tan\u0131r. Bu durumda \u015fahitli\u011fi ilgin\u00e7tir, \u00f6zellikle de K\u00fcrtler aras\u0131nda ya\u015fayan ilk Avrupal\u0131lardan biri oldu\u011fu d\u00fc\u015f\u00fcn\u00fcld\u00fc\u011f\u00fcnde\u2026 Bilimsel bir geziye ondan \u00f6nce (1766) kat\u0131lm\u0131\u015f olan Niebuhr haricinde, K\u00fcrdistan\u2019dan ge\u00e7mi\u015f olan t\u00fcm seyyahlar yolculuklar\u0131n\u0131 yazardan sonra yapm\u0131\u015flard\u0131r ve verdikleri bilgiler ne kadar de\u011ferli olsa da, her \u015feye ra\u011fmen eksiktir ve onunkiler gibi genel bir \u00e7izelge bi\u00e7iminde d\u00fczenlenmemi\u015ftir.<\/span><\/p>\n<\/div>\n<p>&nbsp;<\/p>\n","protected":false},"excerpt":{"rendered":"<p>K\u00fcrdolojinin ilk metinlerinden biri olan \u0130talyan rahip R.P. Giuseppe Campanile\u2019in \u2018K\u00fcrdistan Tarihi\u2019 adl\u0131 kitab\u0131n\u0131n ikinci bask\u0131s\u0131 Avesta yay\u0131nlar\u0131 aras\u0131nda \u00e7\u0131kt\u0131. K\u00fcrdolojinin en eski metinlerinden biri olan R.P. Giuseppe Campanile\u2019in \u2018K\u00fcrdistan Tarihi\u2019 adl\u0131 kitab\u0131 \u0130talyancadan Frans\u0131zcaya \u00e7eviren \u00fcnl\u00fc K\u00fcrdolog Thomas Bois, \u00f6ns\u00f6zde \u015funlar\u0131 belirtiyor: 1818 y\u0131l\u0131nda, Napoli\u2019deki Strade Tribunali, no. 287 adresli Fernandes Karde\u015fler Matbaas\u0131\u2019nda Storia &hellip;<\/p>\n","protected":false},"author":2,"featured_media":0,"comment_status":"open","ping_status":"open","sticky":false,"template":"","format":"standard","meta":{"footnotes":""},"categories":[1746,299],"tags":[963,5416],"class_list":["post-4297","post","type-post","status-publish","format-standard","","category-kitapcilik","category-turkce","tag-kurt-tarihi","tag-tanitim"],"_links":{"self":[{"href":"https:\/\/candname.com\/tr\/index.php?rest_route=\/wp\/v2\/posts\/4297","targetHints":{"allow":["GET"]}}],"collection":[{"href":"https:\/\/candname.com\/tr\/index.php?rest_route=\/wp\/v2\/posts"}],"about":[{"href":"https:\/\/candname.com\/tr\/index.php?rest_route=\/wp\/v2\/types\/post"}],"author":[{"embeddable":true,"href":"https:\/\/candname.com\/tr\/index.php?rest_route=\/wp\/v2\/users\/2"}],"replies":[{"embeddable":true,"href":"https:\/\/candname.com\/tr\/index.php?rest_route=%2Fwp%2Fv2%2Fcomments&post=4297"}],"version-history":[{"count":0,"href":"https:\/\/candname.com\/tr\/index.php?rest_route=\/wp\/v2\/posts\/4297\/revisions"}],"wp:attachment":[{"href":"https:\/\/candname.com\/tr\/index.php?rest_route=%2Fwp%2Fv2%2Fmedia&parent=4297"}],"wp:term":[{"taxonomy":"category","embeddable":true,"href":"https:\/\/candname.com\/tr\/index.php?rest_route=%2Fwp%2Fv2%2Fcategories&post=4297"},{"taxonomy":"post_tag","embeddable":true,"href":"https:\/\/candname.com\/tr\/index.php?rest_route=%2Fwp%2Fv2%2Ftags&post=4297"}],"curies":[{"name":"wp","href":"https:\/\/api.w.org\/{rel}","templated":true}]}}