{"id":3882,"date":"2016-01-16T22:26:19","date_gmt":"2016-01-16T20:26:19","guid":{"rendered":"http:\/\/candname.com\/?p=3882"},"modified":"2018-10-15T02:25:40","modified_gmt":"2018-10-14T23:25:40","slug":"osman-sebrinin-hatiralari-turkcede","status":"publish","type":"post","link":"https:\/\/candname.com\/tr\/?p=3882","title":{"rendered":"Osman Sebr\u00ee\u2019nin Hat\u0131ralar\u0131 T\u00fcrk\u00e7ede!"},"content":{"rendered":"<p><span style=\"color: #800000;\"><strong>Osman Sebr\u00ee\u2019nin Hat\u0131ralar\u0131 T\u00fcrk\u00e7ede!<\/strong><\/span><br \/>\n<span style=\"color: #000000;\">Lis Yay\u0131nevi, 20. y\u00fczy\u0131l\u0131n \u00f6nde gelen K\u00fcrt edebiyat\u00e7\u0131 ve siyaset adamlar\u0131ndan Osman Sebr\u00ee\u2019nin Hat\u0131ralar\u0131m adl\u0131 eserini, T\u00fcr<span class=\"text_exposed_show\">k\u00e7e olarak yay\u0131nlad\u0131!<br \/>\n\u0130nsanl\u0131k tarihinde \u00f6yle \u015fahsiyetler vard\u0131r ki nefes ald\u0131klar\u0131 s\u00fcrece ger\u00e7ek olan\u0131 dile getirmi\u015fler; do\u011fruyu\/hakikati, ki\u015fisel kayg\u0131lar\u0131 i\u00e7in feda etmeme onurunu g\u00f6stermi\u015flerdir. Bu asil duru\u015fu hapis, i\u015fkence, s\u00fcrg\u00fcn ve idam gibi pek \u00e7ok bedele ra\u011fmen s\u00fcrd\u00fcrenlerden biri de Ap\u00ea Osman Sebr\u00ee\u2019dir.<\/span><\/span><\/p>\n<div class=\"text_exposed_show\">\n<p><span style=\"color: #000000;\">1905\u2019te Kahta\u2019n\u0131n Narince k\u00f6y\u00fcnde d\u00fcnyaya gelen Osman Sebr\u00ee, Mird\u00eas A\u015fireti liderinin o\u011fludur. Babas\u0131n\u0131 erken ya\u015fta kaybetmesi \u00fczerine amcalar\u0131 taraf\u0131ndan yeti\u015ftirilmi\u015f, \u015eeyh Said \u0130syan\u0131na destek verdikleri gerek\u00e7esiyle 1926 y\u0131l\u0131nda \u00e7\u0131kar\u0131ld\u0131klar\u0131 \u0130stiklal Mahkemesi taraf\u0131ndan amcalar\u0131 idam; kendisi s\u00fcrg\u00fcn cezas\u0131na \u00e7arpt\u0131r\u0131lm\u0131\u015ft\u0131r. S\u00fcrg\u00fcn d\u00f6n\u00fc\u015f\u00fc, kendilerine ihanet eden bir a\u011fay\u0131 vurduktan sonra Suriye\u2019ye ge\u00e7en Sebr\u00ee, orada Xoybun Partisi\u2019ne \u00fcye olarak aktif siyasete bulunmaya devam etmi\u015ftir. K\u00fcrt\u00e7e kaleme ald\u0131\u011f\u0131 eserleriyle k\u00fclt\u00fcrel alanda da m\u00fccadelesini s\u00fcrd\u00fcren Osman Sebr\u00ee\u2019nin Hat\u0131ralar\u0131m adl\u0131 yap\u0131t\u0131, ya\u015fad\u0131\u011f\u0131 d\u00f6nemdeki pek \u00e7ok siyasi olay\u0131n ve ki\u015fili\u011fin karanl\u0131kta kalan y\u00f6nlerini ayd\u0131nlat\u0131yor.<\/span><br \/>\n<span style=\"color: #000000;\">Hat\u0131ralar\u0131m\u2019da Osman Sebr\u00ee, \u0130stiklal Mahkemeleri\u2019nden Cemil\u00ea \u00c7eto\u2019ya, Bedirxanlardan Seyid R\u0131za\u2019ya, \u015eeyh Said \u0130syan\u0131ndan Xoybun Partisi\u2019ne, A\u011fr\u0131 Direni\u015fi\u2019nden Cemil Pa\u015fazadelere, Haco Axa\u2019dan Re\u015fuyanl\u0131 Hac\u0131 Bedir Bey\u2019e kadar tarih\u00ee pek \u00e7ok ki\u015fi ve olay\u0131 objektif bir ele\u015ftirellikle dile getirmi\u015ftir. Ancak, Sebr\u00ee\u2019nin hakl\u0131 ele\u015ftirilerinden rahats\u0131z olan Suriye\u2019deki dava arkada\u015flar\u0131ndan biri\/baz\u0131lar\u0131, yazar taraf\u0131ndan kendilerine emanet edilen bu eserin 1931 y\u0131l\u0131 ve sonras\u0131na dair olan b\u00f6l\u00fcmleri \u201ckaybetmi\u015flerdir.\u201d<\/span><br \/>\n<span style=\"color: #000000;\">Hat\u0131ralar\u0131m, <\/span><br \/>\n<span style=\"color: #000000;\">Osman Sebr\u00ee, <\/span><br \/>\n<span style=\"color: #000000;\">K\u00fcrt\u00e7eden \u00c7eviren: Abdullah Ko\u00e7al, <\/span><br \/>\n<span style=\"color: #000000;\">An\u0131, 166 sayfa<\/span><br \/>\n<span style=\"color: #000000;\">May\u0131s 2012<\/span><br \/>\n<span style=\"color: #000000;\">Lis Yay\u0131nevi, Diyarbak\u0131r,<\/span><\/p>\n<p><span style=\"color: #800000;\"><strong>B\u00eeran\u00een\u00ean Osman Sebr\u00ee bi Tirk\u00ee<\/strong> <\/span><br \/>\n<span style=\"color: #000000;\">B\u00eeran\u00een\u00ean Osman Sebr\u00ee \u00cad\u00ee Bi Tirk\u00ee Ye J\u00ee!<\/span><br \/>\n<span style=\"color: #000000;\">We\u015fanxaneya L\u00ees\u00ea berhema bi nav\u00ea \u201cHat\u0131ralar\u0131m\u201d a siyasetmedar \u00fb niv\u00eeskar\u00ea Kurd \u00ea sedsala b\u00eestem\u00een, Osman Sebr\u00ee bi Tirk\u00ee we\u015fand!<\/span><br \/>\n<span style=\"color: #000000;\">Di d\u00eeroka mirovayetiy\u00ea de hin meriv hene ku heta ku jiyane, behsa rastiy\u00ea kirine \u00fb ji bo r\u00fbmeta xwe ya takekes\u00ee dev ji rastiy\u00ea bernedane. Yek yi van meriv\u00ean ku di bin xeteriya girtin, \u00ee\u015fkenced\u00eetin, bidarvekirin \u00fb sirg\u00fbnkirin\u00ea de j\u00ee dev ji v\u00ea sekna xwe ya bir\u00fbmet bernedaye Ap\u00ea Osman Sebr\u00ee ye.<\/span><br \/>\n<span style=\"color: #000000;\">Osman Sebr\u00ee, di sala 1905\u2019an de li gund\u00ea bi nav\u00ea Nar\u00eencey\u00ea \u00e7\u00ea b\u00fbye. Ew law\u00ea serok\u00ea \u00eala Mird\u00easan e. Ji ber ku di zaroktiya w\u00ee de bav\u00ea w\u00ee miriye, li ber dest\u00ea ap\u00ean xwe mezin b\u00fbye. Ji ber destekkirina ser\u00eehildana \u015e\u00eax Se\u00eed, ap\u00ean w\u00ee hatine bidarvekirin \u00fb ew j\u00ee hatiye sirg\u00fbnkirin. Di vegere ji sirg\u00fbn\u00ea de, axayek\u00ee ku b\u00eabext\u00ee bi wan re kiriye dikuje \u00fb derbas\u00ee binxet\u00ea dibe. Osman Sebr\u00ee li w\u00ea der\u00ea tev li Partiya Xoyb\u00fbn\u00ea dibe \u00fb di bin ban\u00ea Xoyb\u00fbn\u00ea de siyaset\u00ea dike. Osman Sebr\u00ee bi niv\u00ees\u00ean xwe y\u00ean bi Kurd\u00ee, di qada \u00e7and\u00ee \u00fb w\u00eajey\u00ee de j\u00ee t\u00eako\u015fiyaye. Berhema w\u00ee ya bi nav\u00ea \u201cHat\u0131ralar\u0131m\u201d b\u00fbyer \u00fb kesayetiy\u00ean di dema xwe de p\u00ea\u015f me dike.<\/span><br \/>\n<span style=\"color: #000000;\">Di berhema bi nav\u00ea \u201cHat\u0131ralar\u0131m\u201d de, ji Dadgeh\u00ean \u00cest\u00eeklal\u00ea bigire heta b\u00fbyera Cem\u00eel\u00ea \u00c7eto, Sey\u00eed Riza, Ser\u00eehildana \u015e\u00eax Se\u00eed, Partiya Xoyb\u00fbn\u00ea, Ser\u00eehildana Agiriy\u00ea, cemilpa\u015fayan Haco Axa, Hec\u00ee Bedir beg, behsa gelek b\u00fbyer \u00fb kesayetiy\u00ean gir\u00eeng kiriye \u00fb bi awayek\u00ee b\u00eaal\u00ee \u015f\u00eerove kiriye. L\u00ea hin heval\u00ean w\u00ee y\u00ean doza wel\u00eat ji \u015f\u00eerovey\u00ean w\u00ee y\u00ean di derbar\u00ea xwe de tengij\u00eene \u00fb be\u015fa v\u00ea berhema ku Osman sebr\u00ee rasipartiye wan a behsa sala 1931\u2019\u00ea pi\u015ft\u00ee v\u00ea sal\u00ea dike \u201cwenda\u201d kiriye<\/span><br \/>\n<span style=\"color: #000000;\">Hat\u0131ralar\u0131m, <\/span><br \/>\n<span style=\"color: #000000;\">Osman Sebr\u00ee, <\/span><br \/>\n<span style=\"color: #000000;\">Wergera ji Kurd\u00ee: Abdullah Ko\u00e7al, <\/span><br \/>\n<span style=\"color: #000000;\">B\u00eeran\u00een, 166 r\u00fbpel <\/span><br \/>\n<span style=\"color: #000000;\">Gulan 2012.<\/span><br \/>\n<span style=\"color: #000000;\">We\u015fanxaneya L\u00ees\u00ea, Amed<\/span><\/p>\n<\/div>\n","protected":false},"excerpt":{"rendered":"<p>Osman Sebr\u00ee\u2019nin Hat\u0131ralar\u0131 T\u00fcrk\u00e7ede! Lis Yay\u0131nevi, 20. y\u00fczy\u0131l\u0131n \u00f6nde gelen K\u00fcrt edebiyat\u00e7\u0131 ve siyaset adamlar\u0131ndan Osman Sebr\u00ee\u2019nin Hat\u0131ralar\u0131m adl\u0131 eserini, T\u00fcrk\u00e7e olarak yay\u0131nlad\u0131! \u0130nsanl\u0131k tarihinde \u00f6yle \u015fahsiyetler vard\u0131r ki nefes ald\u0131klar\u0131 s\u00fcrece ger\u00e7ek olan\u0131 dile getirmi\u015fler; do\u011fruyu\/hakikati, ki\u015fisel kayg\u0131lar\u0131 i\u00e7in feda etmeme onurunu g\u00f6stermi\u015flerdir. Bu asil duru\u015fu hapis, i\u015fkence, s\u00fcrg\u00fcn ve idam gibi pek \u00e7ok &hellip;<\/p>\n","protected":false},"author":2,"featured_media":0,"comment_status":"open","ping_status":"open","sticky":false,"template":"","format":"standard","meta":{"footnotes":""},"categories":[1746],"tags":[92,141,1570,88,1571,5416,1340],"class_list":["post-3882","post","type-post","status-publish","format-standard","","category-kitapcilik","tag-kitap","tag-kurtce","tag-osman-sebri","tag-pirtuk","tag-sebri","tag-tanitim","tag-turkce"],"_links":{"self":[{"href":"https:\/\/candname.com\/tr\/index.php?rest_route=\/wp\/v2\/posts\/3882","targetHints":{"allow":["GET"]}}],"collection":[{"href":"https:\/\/candname.com\/tr\/index.php?rest_route=\/wp\/v2\/posts"}],"about":[{"href":"https:\/\/candname.com\/tr\/index.php?rest_route=\/wp\/v2\/types\/post"}],"author":[{"embeddable":true,"href":"https:\/\/candname.com\/tr\/index.php?rest_route=\/wp\/v2\/users\/2"}],"replies":[{"embeddable":true,"href":"https:\/\/candname.com\/tr\/index.php?rest_route=%2Fwp%2Fv2%2Fcomments&post=3882"}],"version-history":[{"count":0,"href":"https:\/\/candname.com\/tr\/index.php?rest_route=\/wp\/v2\/posts\/3882\/revisions"}],"wp:attachment":[{"href":"https:\/\/candname.com\/tr\/index.php?rest_route=%2Fwp%2Fv2%2Fmedia&parent=3882"}],"wp:term":[{"taxonomy":"category","embeddable":true,"href":"https:\/\/candname.com\/tr\/index.php?rest_route=%2Fwp%2Fv2%2Fcategories&post=3882"},{"taxonomy":"post_tag","embeddable":true,"href":"https:\/\/candname.com\/tr\/index.php?rest_route=%2Fwp%2Fv2%2Ftags&post=3882"}],"curies":[{"name":"wp","href":"https:\/\/api.w.org\/{rel}","templated":true}]}}