{"id":2960,"date":"2016-01-05T08:56:06","date_gmt":"2016-01-05T06:56:06","guid":{"rendered":"http:\/\/candname.com\/?p=2960"},"modified":"2016-01-03T16:29:05","modified_gmt":"2016-01-03T14:29:05","slug":"mahabad-kurdistan-cumhuriyeti-basbakani-haci-baba-seyh","status":"publish","type":"post","link":"https:\/\/candname.com\/tr\/?p=2960","title":{"rendered":"Mahabad K\u00fcrdistan Cumhuriyeti Ba\u015fbakan\u0131 \u2013 Hac\u0131 Baba \u015eeyh"},"content":{"rendered":"<p>Do\u011fu K\u00fcrdistan\u2019da, Bokan\u2019\u0131n hemen d\u0131\u015f\u0131ndaki bir k\u00f6y olan Zembil\u2019de 1882 y\u0131l\u0131nda do\u011fdu ve Turcan\u2019da 1959 y\u0131l\u0131nda vefat etti. Hac\u0131 Baba \u015eeyh, 1946 y\u0131l\u0131nda Mahabad K\u00fcrdistan Cumhuriyeti\u2019nin Ba\u015fbakan\u0131 olmas\u0131 ile bilinir, ancak o \u00e7ok daha fazlas\u0131n\u0131 yapm\u0131\u015ft\u0131r.<\/p>\n<p>1900\u2019lerin ba\u015f\u0131ndaki Rus sald\u0131r\u0131lar\u0131na kar\u015f\u0131 sava\u015farak hem islami cemaatler aras\u0131nda, hem de K\u00fcrdler aras\u0131nda \u00e7ok sayg\u0131n ve \u00fcnl\u00fc bir subay oldu.<\/p>\n<p>Daha sonra, Xoybun K\u00fcrd \u00d6rg\u00fct\u00fc kurucular\u0131 ile g\u00f6r\u00fc\u015fmek ve \u00f6rg\u00fct\u00fcn kurulu\u015funda yer almak i\u00e7in 1920\u2019de Van, Diyarbekir ve \u0130stanbul\u2019a giderek, \u0130hsan Nuri Pa\u015fa, Mir Celadet Ali Bedirxan ve \u015eeyh Said ile g\u00f6r\u00fc\u015fmelerde bulundu.<\/p>\n<p>1945\u2019de \u0130ran K\u00fcrdistan\u2019\u0131 Demokrat Partisi PDK-\u0130\u2019yi kurdu.<\/p>\n<p><strong>\u0130ran \u015fah\u0131 ile g\u00f6r\u00fc\u015fmeden \u00e7\u0131karken<\/strong><\/p>\n<p><a href=\"http:\/\/bitlisname.com\/wp-content\/uploads\/2015\/11\/mahabad1.jpg\"><img loading=\"lazy\" decoding=\"async\" class=\"size-full wp-image-792 aligncenter\" src=\"http:\/\/bitlisname.com\/wp-content\/uploads\/2015\/11\/mahabad1.jpg\" alt=\"mahabad1\" width=\"600\" height=\"344\" \/><\/a><\/p>\n<p>1946\u2019daki Mahabad K\u00fcrd Cumhuriyeti\u2019nin ilan\u0131nda Qazi Muhammed Cumhurba\u015fkan\u0131 \u00fcnvan\u0131n\u0131 al\u0131rken, Hac\u0131 Baba \u015eeyh Ba\u015fbakan \u00fcnvan\u0131n\u0131 ald\u0131. \u015eeyh Mahmud Berzenci\u2019nin ayn\u0131 d\u00f6nemde \u0130ran\u2019a \u2018 e\u011fer Hac\u0131 Baba \u015eeyh\u2019e herhangi bir \u015fey olursa kar\u015f\u0131n\u0131zda beni bulursunuz\u2019 diye bir mektup g\u00f6nderdi\u011fi de bilinmekte. Hac\u0131 Baba \u015eeyh\u2019in bir islam alimi oldu\u011fu kadar matematik ve Yunan felsefesiyle de u\u011fra\u015ft\u0131\u011f\u0131 ve yazm\u0131\u015f oldu\u011fu iki kitab\u0131nda varl\u0131\u011f\u0131 teyid edilmekte. Kitaplar halen torunlar\u0131n\u0131n torunlar\u0131nda bulunmaktad\u0131r.<\/p>\n<p>K\u00fcrdler ad\u0131na \u0130ran devleti ile otonomi anla\u015fmas\u0131 imzalarken<\/p>\n<p>\u00d6lmeden \u00f6nce bir sohbette \u015fu c\u00fcmleleri sarf etti\u011fi aktar\u0131l\u0131r: \u2018 Herkes benim bir \u015eeyh oldu\u011fumu bilir, ki do\u011frudur, ancak ben hayat\u0131m\u0131 hep K\u00fcrdler i\u00e7in ve K\u00fcrdl\u00fc\u011fe adad\u0131m\u2019..<\/p>\n<p><span style=\"color: #ff0000;\"><strong>Kaynak: bitlisname.com<\/strong><\/span><\/p>\n","protected":false},"excerpt":{"rendered":"<p>Do\u011fu K\u00fcrdistan\u2019da, Bokan\u2019\u0131n hemen d\u0131\u015f\u0131ndaki bir k\u00f6y olan Zembil\u2019de 1882 y\u0131l\u0131nda do\u011fdu ve Turcan\u2019da 1959 y\u0131l\u0131nda vefat etti. Hac\u0131 Baba \u015eeyh, 1946 y\u0131l\u0131nda Mahabad K\u00fcrdistan Cumhuriyeti\u2019nin Ba\u015fbakan\u0131 olmas\u0131 ile bilinir, ancak o \u00e7ok daha fazlas\u0131n\u0131 yapm\u0131\u015ft\u0131r. 1900\u2019lerin ba\u015f\u0131ndaki Rus sald\u0131r\u0131lar\u0131na kar\u015f\u0131 sava\u015farak hem islami cemaatler aras\u0131nda, hem de K\u00fcrdler aras\u0131nda \u00e7ok sayg\u0131n ve \u00fcnl\u00fc bir &hellip;<\/p>\n","protected":false},"author":2,"featured_media":0,"comment_status":"open","ping_status":"open","sticky":false,"template":"","format":"standard","meta":{"footnotes":""},"categories":[25,299],"tags":[1187,963,117,1226,17],"class_list":["post-2960","post","type-post","status-publish","format-standard","","category-tarih","category-turkce","tag-iran","tag-kurt-tarihi","tag-kurtler","tag-mahabad","tag-slide"],"_links":{"self":[{"href":"https:\/\/candname.com\/tr\/index.php?rest_route=\/wp\/v2\/posts\/2960","targetHints":{"allow":["GET"]}}],"collection":[{"href":"https:\/\/candname.com\/tr\/index.php?rest_route=\/wp\/v2\/posts"}],"about":[{"href":"https:\/\/candname.com\/tr\/index.php?rest_route=\/wp\/v2\/types\/post"}],"author":[{"embeddable":true,"href":"https:\/\/candname.com\/tr\/index.php?rest_route=\/wp\/v2\/users\/2"}],"replies":[{"embeddable":true,"href":"https:\/\/candname.com\/tr\/index.php?rest_route=%2Fwp%2Fv2%2Fcomments&post=2960"}],"version-history":[{"count":0,"href":"https:\/\/candname.com\/tr\/index.php?rest_route=\/wp\/v2\/posts\/2960\/revisions"}],"wp:attachment":[{"href":"https:\/\/candname.com\/tr\/index.php?rest_route=%2Fwp%2Fv2%2Fmedia&parent=2960"}],"wp:term":[{"taxonomy":"category","embeddable":true,"href":"https:\/\/candname.com\/tr\/index.php?rest_route=%2Fwp%2Fv2%2Fcategories&post=2960"},{"taxonomy":"post_tag","embeddable":true,"href":"https:\/\/candname.com\/tr\/index.php?rest_route=%2Fwp%2Fv2%2Ftags&post=2960"}],"curies":[{"name":"wp","href":"https:\/\/api.w.org\/{rel}","templated":true}]}}