{"id":2946,"date":"2016-01-02T18:03:00","date_gmt":"2016-01-02T16:03:00","guid":{"rendered":"http:\/\/candname.com\/?p=2946"},"modified":"2018-10-10T23:29:35","modified_gmt":"2018-10-10T20:29:35","slug":"diyarbakir-kent-muzesi-aciliyor","status":"publish","type":"post","link":"https:\/\/candname.com\/tr\/?p=2946","title":{"rendered":"Diyarbak\u0131r Kent M\u00fczesi a\u00e7\u0131l\u0131yor"},"content":{"rendered":"<p><span style=\"text-decoration: underline;\"><\/span>Diyarbak\u0131r B\u00fcy\u00fck\u015fehir Belediyesi \u00f6nc\u00fcl\u00fc\u011f\u00fcnde \u00fc\u00e7 y\u0131l \u00f6nce restore edilen tarihi Cemil Pa\u015fa Kona\u011f\u0131 27 May\u0131s, saat 19:00\u2019da Kent M\u00fczesi olarak hizmete a\u00e7\u0131lacak. Sivil mimarinin en g\u00fczel \u00f6rneklerinden olan konakta 18 farkl\u0131 temadan olu\u015fan envanterler sergilenecek<span id=\"more-3226\"><\/span><\/p>\n<div id=\"gallery-1\" class=\"gallery galleryid-3226 gallery-columns-3 gallery-size-medium\">\n<figure class=\"gallery-item\">\n<div class=\"gallery-icon landscape\"><a href=\"http:\/\/www.kurdishmagazin.com\/km\/wp-content\/uploads\/kent_muzesi21.jpg\"><img loading=\"lazy\" decoding=\"async\" class=\"attachment-medium\" src=\"http:\/\/www.kurdishmagazin.com\/km\/wp-content\/uploads\/kent_muzesi21-300x225.jpg\" alt=\"kent_muzesi2\" width=\"300\" height=\"225\" \/><\/a><\/div>\n<\/figure>\n<figure class=\"gallery-item\">\n<div class=\"gallery-icon landscape\"><a href=\"http:\/\/www.kurdishmagazin.com\/km\/wp-content\/uploads\/kent_muzesi.jpg\"><img loading=\"lazy\" decoding=\"async\" class=\"attachment-medium\" src=\"http:\/\/www.kurdishmagazin.com\/km\/wp-content\/uploads\/kent_muzesi-300x225.jpg\" alt=\"kent_muzesi\" width=\"300\" height=\"225\" \/><\/a><\/div>\n<\/figure>\n<figure class=\"gallery-item\">\n<div class=\"gallery-icon landscape\"><a href=\"http:\/\/www.kurdishmagazin.com\/km\/wp-content\/uploads\/kent_muzesi12.jpg\"><img loading=\"lazy\" decoding=\"async\" class=\"attachment-medium\" src=\"http:\/\/www.kurdishmagazin.com\/km\/wp-content\/uploads\/kent_muzesi12-300x200.jpg\" alt=\"kent_muzesi1\" width=\"300\" height=\"200\" \/><\/a><\/div>\n<\/figure>\n<\/div>\n<p>Diyarbak\u0131r B\u00fcy\u00fck\u015fehir Belediyesi taraf\u0131ndan asl\u0131na uygun olarak r\u00f6leve, restit\u00fcsyon ve restorasyon \u00e7al\u0131\u015fmas\u0131 yap\u0131larak 2013 y\u0131l\u0131nda hizmete a\u00e7\u0131lan Cemilpa\u015fa Kona\u011f\u0131 kent m\u00fczesi olarak a\u00e7\u0131l\u0131yor. 17. y\u00fczy\u0131lda Diyarbak\u0131r\u2019da konut olarak yap\u0131lm\u0131\u015f mimari yap\u0131lar\u0131ndan biri olan Cemilpa\u015fa Kona\u011f\u0131 1880-1887 y\u0131llar\u0131 aras\u0131nda son \u015feklini ald\u0131. Konak, Diyarbak\u0131r konut mimarisinin \u00f6zelliklerini en iyi \u015fekilde temsil eden bir yap\u0131 olarak, 2 bin metrekare \u00fczerine kurulu. Haremlik, selaml\u0131k ile m\u00fc\u015ftemilat\u0131n oldu\u011fu 3 b\u00f6l\u00fcm ve 60 odadan olu\u015fan bu konakta Cemil Pa\u015fa ailesi 1927 s\u00fcrg\u00fcn\u00fcne kadar ya\u015fad\u0131. Konak daha sonra ilk\u00f6\u011fretim okulu, ipek b\u00f6cek\u00e7ili\u011fi ve dokumac\u0131l\u0131\u011f\u0131n yap\u0131ld\u0131\u011f\u0131 bir alana d\u00f6n\u00fc\u015ft\u00fcr\u00fcld\u00fc. 1970\u2019lerden sonra birka\u00e7 ailenin ya\u015fad\u0131\u011f\u0131 bir alan olarak terk edilmi\u015f durumdayd\u0131. 1998 y\u0131l\u0131nda Cemilpa\u015fa ailesinin talebi \u00fczerine \u00c7ek\u00fcl Vakf\u0131 taraf\u0131ndan ilk r\u00f6leve \u00e7al\u0131\u015fmas\u0131 ba\u015flat\u0131ld\u0131 ancak sonu\u00e7lanmadan kesintiye u\u011frad\u0131. Diyarbak\u0131r B\u00fcy\u00fck\u015fehir Belediyesi 2011 y\u0131l\u0131nda konak varisleriyle anla\u015farak a\u00e7t\u0131\u011f\u0131 kamula\u015ft\u0131rma davas\u0131 sonucunda kona\u011f\u0131 kent m\u00fczesi olarak haz\u0131rlamaya ba\u015flad\u0131. 2013 y\u0131l\u0131nda r\u00f6leve, restit\u00fcsyon ve restorasyan s\u00fcreci tamamlanan mekan ziyaret\u00e7ilere a\u00e7\u0131ld\u0131.<\/p>\n<p>12 Nisan 2013\u2019de yap\u0131lan ve 3 g\u00fcn s\u00fcren arama konferans\u0131 sonucunda Kona\u011f\u0131n Diyarbak\u0131r Kent M\u00fczesine d\u00f6n\u00fc\u015ft\u00fcr\u00fclmesi kararla\u015ft\u0131r\u0131ld\u0131. Konferans sonucunda kent m\u00fczesinin konsepti belirlendi. Konsepti belirleyen Tetrazon firmas\u0131n\u0131n te\u015fhir, tanzim ve k\u00fcrat\u00f6rl\u00fck tasar\u0131m\u0131yla \u00e7al\u0131\u015fmay\u0131 ba\u015flatt\u0131.<\/p>\n<p>B\u00fcy\u00fck\u015fehir Belediyesi K\u00fclt\u00fcr ve Turizm Daire Ba\u015fkanl\u0131\u011f\u0131 \u00f6nc\u00fcl\u00fc\u011f\u00fcnde Ara\u015ft\u0131rmac\u0131 Zeynep Ya\u015f, Arkeolog Ercan Alpay ve Antropolog Nejat Keskin\u2019den olu\u015fan \u00fc\u00e7 ki\u015filik bir ekiple \u00e7al\u0131\u015fma ba\u015flat\u0131ld\u0131. S\u0131f\u0131r malzemeyle ba\u015flat\u0131lan \u00e7al\u0131\u015fmada hibe, ge\u00e7ici ve emanet olarak 1500 kay\u0131tl\u0131 envantere ula\u015f\u0131ld\u0131. Binlerce foto\u011fraf ar\u015fivi ve dijital ar\u015fiv olu\u015fturuldu. Tasnif edilen bu eserler m\u00fcze b\u00fcnyesindeki kiosklarda, panolarda te\u015fhir edilecek.<\/p>\n<p>18 temadan olu\u015fuyor<\/p>\n<p>M\u00fcze; \u201c\u0130nan\u00e7lar \u0130nan\u0131\u015flar\u201d, \u201cDiyarbak\u0131r Halklar\u0131 ve K\u00fclt\u00fcrleri\u201d, \u201cDiyarbak\u0131r\u2019da Yemek ve Mutfak K\u00fclt\u00fcr\u00fc\u201d, \u201cSu ve Ya\u015fam\u201d, \u201cCemilpa\u015fa Ailesi \u00d6zel Koleksiyon\u201d, \u201cDiyarbak\u0131r\u2019da E\u011fitim\u201d, \u201cDiyarbak\u0131r M\u00fczi\u011fi ve Halk Danslar\u0131\u201d, \u201cDiyarbak\u0131r\u2019da S\u00f6zl\u00fc K\u00fclt\u00fcr\u201d, \u201c\u00c7a\u011fda\u015f Sanatlar\u201d, \u201cDil ve Yaz\u0131l\u0131 K\u00fclt\u00fcr\u201d, \u201cDiyarbak\u0131r\u2019da Kent Ya\u015fam\u0131\u201d, \u201cDiyarbak\u0131r\u2019da \u00dcretim ve Ticaret\u201d, \u201cDiyarbak\u0131r\u2019da Tar\u0131m K\u00fclt\u00fcr\u00fc\u201d, \u201cDiyarbak\u0131r\u2019da Hayvanc\u0131l\u0131k K\u00fclt\u00fcr\u00fc\u201d, \u201cDiyarbak\u0131r\u2019da Olaylar ve \u0130nsanlar\u201d, \u201cDiyarbak\u0131r\u2019da Kent Geli\u015fimi\u201d, \u201cKentin Panoramas\u0131\u201d, \u201cE\u011fitim ve Proje Geli\u015ftirme Alan\u0131\u201d \u015feklinde 18 ba\u015fl\u0131ktan olu\u015facak. M\u00fczede ayr\u0131ca ara\u015ft\u0131rmac\u0131lar i\u00e7in haf\u0131za merkezi olacak.<\/p>\n<p>\u00c7ok dilli ve engelsiz m\u00fcze<\/p>\n<p>\u00c7ok dilli olarak haz\u0131rlanan m\u00fczede panolar K\u00fcrt\u00e7e ve T\u00fcrk\u00e7e, kiosklar T\u00fcrk\u00e7e, K\u00fcrt\u00e7e, \u0130ngilizce olacak. QR okuyucular ile minimum 7 dilde sesli \u00e7eviriler yap\u0131lacak. M\u00fczeden g\u00f6rme, i\u015fitme ve bedensel engellilerin rahatl\u0131kla yararlanmas\u0131 i\u00e7in asans\u00f6r, baril alfabesi gibi gerekli sistemler olu\u015fturuldu.<\/p>\n<p>Ara\u015ft\u0131rmac\u0131 Zeynep Ya\u015f, s\u0131f\u0131r malzemeyle ba\u015flatt\u0131klar\u0131 kent m\u00fczesinde te\u015fhir, tanzim, dijital tamamen yenilik\u00e7i ve \u00e7a\u011fda\u015f m\u00fczecili\u011fin kendisini ifade edece\u011fi bir m\u00fcze olu\u015fturma \u00e7abas\u0131n\u0131 verdiklerini s\u00f6yledi. Kentlilerin kat\u0131l\u0131m\u0131 sonucunda malzeme toplamaya ba\u015flad\u0131klar\u0131n\u0131 ifade eden Ya\u015f, \u201c\u00c7\u00fcnk\u00fc biz buray\u0131 ba\u015f\u0131ndan bug\u00fcne kadar halk m\u00fczesi olarak planlad\u0131k. Verdikleri materyallerin te\u015fhir ve tanzimini yapmaya \u00e7al\u0131\u015ft\u0131k. Bu konseptle kent m\u00fczesini olu\u015fturuyoruz\u201d dedi.<\/p>\n<p>Haf\u0131za Merkezi olu\u015fturuldu<\/p>\n<p>Diyarbak\u0131r\u2019\u0131n b\u00fct\u00fcn k\u00fclt\u00fcrlerin bir arada ya\u015fad\u0131\u011f\u0131 ortak bir alan oldu\u011funu an\u0131msatan Ya\u015f, tema ba\u015fl\u0131klar\u0131n\u0131 da buna g\u00f6re se\u00e7tiklerini ifade etti. Koleksiyon malzemesi, dijital malzemeler, foto\u011fraflar vb materyallerden olu\u015fan malzemeleri bir b\u00fct\u00fcn olarak g\u00f6rd\u00fcklerini s\u00f6yleyen Ya\u015f, m\u00fczede ayn\u0131 zamanda ara\u015ft\u0131rmac\u0131lara hizmet vermek amac\u0131yla bir haf\u0131za merkezi olu\u015fturduklar\u0131n\u0131 belirtti. Ge\u00e7mi\u015ften bug\u00fcne kadar kent belle\u011fini derleyip toparlamaya y\u00f6nelik bir \u00e7al\u0131\u015fma yapt\u0131klar\u0131n\u0131 ifade eden Ya\u015f, \u201cBurada ya\u015fayan b\u00fct\u00fcn halklar\u0131n kendisinden geriye b\u0131rakt\u0131\u011f\u0131 bir olay, insan ili\u015fkisi, hikaye, eser ne varsa biz burada onlar\u0131 derleyip toparlamaya \u00e7al\u0131\u015ft\u0131k\u201d dedi. Kentin belle\u011finin daha \u00e7ok s\u00f6zl\u00fc anlat\u0131m \u00fczerine oldu\u011fu i\u00e7in eser bulmakta zorland\u0131klar\u0131n\u0131 aktaran Ya\u015f, \u201cBiz bu kente g\u00fcvenerek ba\u015flad\u0131k. 8 bin y\u0131ll\u0131k ge\u00e7mi\u015f varsa derlenip toparlanacak \u00e7ok \u015fey vard\u0131r dedik. Buras\u0131 ayn\u0131 zamanda bir talan \u00fclkesi 30\u2019dan fazla medeniyetin ya da k\u00fclt\u00fcr\u00fcn kurulup bozuldu\u011fu bir memleket olmas\u0131ndan kaynakl\u0131. O de\u011fi\u015fimler sonucunda burada talanlar\u0131n olu\u015ftu\u011fu ve geriye kalan \u015feylerin \u00e7ok tahrip edildi\u011fini s\u00f6ylemek m\u00fcmk\u00fcn\u201d<\/p>\n<p>Kenti hikayeleriyle anlataca\u011f\u0131z<\/p>\n<p>Kent m\u00fczelerinin arkeolojik m\u00fczeler niteli\u011finde olmad\u0131\u011f\u0131 i\u00e7in 1853 sonras\u0131n\u0131 kullanabildiklerini anlatan Ya\u015f, \u201cmalzemeleri hikayeleriyle birlikte buraya ta\u015f\u0131yarak, nas\u0131l bir ge\u00e7mi\u015f ya\u015fand\u0131\u011f\u0131n\u0131 ziyaret\u00e7ilere sunaca\u011f\u0131z\u201d dedi. Kent m\u00fczesi kapsam\u0131n\u0131n kendini s\u00fcrekli yenileyebilen ve fark\u0131ndal\u0131k yaratan bir alan oldu\u011funu ifade eden Ya\u015f, \u201cKentte bulunan b\u00fct\u00fcn arg\u00fcmanlarla birlikte derli toplu bir hikaye olu\u015fturma var burada. D\u0131\u015far\u0131dan gelen biri bu m\u00fczeyi gezdikten sonra bu kenti daha ba\u015fka tan\u0131m\u0131\u015f olarak \u00e7\u0131kacak. Kurulu\u015fundan bug\u00fcne kadar bir b\u00fct\u00fcn olarak burada ya\u015fayan halklar\u0131 g\u00f6rebilecek, burada inan\u0131lm\u0131\u015f inan\u00e7lar\u0131, buradaki \u00e7ocuklar\u0131n nas\u0131l b\u00fcy\u00fcd\u00fc\u011f\u00fcn\u00fc, k\u00fclt\u00fcr\u00fcn birbiriyle al\u0131p verirken bunlar aras\u0131nda dayan\u0131\u015fmay\u0131 g\u00f6rebilecek. Kom\u015fulu\u011fu, k\u00f6yl\u00fcl\u00fc\u011f\u00fc, kentlili\u011fi g\u00f6rebilecek. Melodisini hissedebilecek. Bir b\u00fct\u00fcn olarak ge\u00e7mi\u015fi bug\u00fcnle, bug\u00fcn\u00fc ge\u00e7mi\u015fle bulu\u015fturma alan\u0131 olarak planl\u0131yoruz \u201d<\/p>\n<p>Kent M\u00fczesi Pazartesi hari\u00e7 saat 09:00-19:00 saatleri aras\u0131nda ziyaret\u00e7ilere a\u00e7\u0131k olacak.<\/p>\n<p>&nbsp;<\/p>\n<p>Bircan De\u011firmenci<\/p>\n","protected":false},"excerpt":{"rendered":"<p>Diyarbak\u0131r B\u00fcy\u00fck\u015fehir Belediyesi \u00f6nc\u00fcl\u00fc\u011f\u00fcnde \u00fc\u00e7 y\u0131l \u00f6nce restore edilen tarihi Cemil Pa\u015fa Kona\u011f\u0131 27 May\u0131s, saat 19:00\u2019da Kent M\u00fczesi olarak hizmete a\u00e7\u0131lacak. Sivil mimarinin en g\u00fczel \u00f6rneklerinden olan konakta 18 farkl\u0131 temadan olu\u015fan envanterler sergilenecek Diyarbak\u0131r B\u00fcy\u00fck\u015fehir Belediyesi taraf\u0131ndan asl\u0131na uygun olarak r\u00f6leve, restit\u00fcsyon ve restorasyon \u00e7al\u0131\u015fmas\u0131 yap\u0131larak 2013 y\u0131l\u0131nda hizmete a\u00e7\u0131lan Cemilpa\u015fa Kona\u011f\u0131 kent &hellip;<\/p>\n","protected":false},"author":2,"featured_media":0,"comment_status":"open","ping_status":"open","sticky":false,"template":"","format":"standard","meta":{"footnotes":""},"categories":[3],"tags":[573,1217,17],"class_list":["post-2946","post","type-post","status-publish","format-standard","","category-haber","tag-diyarbakir","tag-muze","tag-slide"],"_links":{"self":[{"href":"https:\/\/candname.com\/tr\/index.php?rest_route=\/wp\/v2\/posts\/2946","targetHints":{"allow":["GET"]}}],"collection":[{"href":"https:\/\/candname.com\/tr\/index.php?rest_route=\/wp\/v2\/posts"}],"about":[{"href":"https:\/\/candname.com\/tr\/index.php?rest_route=\/wp\/v2\/types\/post"}],"author":[{"embeddable":true,"href":"https:\/\/candname.com\/tr\/index.php?rest_route=\/wp\/v2\/users\/2"}],"replies":[{"embeddable":true,"href":"https:\/\/candname.com\/tr\/index.php?rest_route=%2Fwp%2Fv2%2Fcomments&post=2946"}],"version-history":[{"count":0,"href":"https:\/\/candname.com\/tr\/index.php?rest_route=\/wp\/v2\/posts\/2946\/revisions"}],"wp:attachment":[{"href":"https:\/\/candname.com\/tr\/index.php?rest_route=%2Fwp%2Fv2%2Fmedia&parent=2946"}],"wp:term":[{"taxonomy":"category","embeddable":true,"href":"https:\/\/candname.com\/tr\/index.php?rest_route=%2Fwp%2Fv2%2Fcategories&post=2946"},{"taxonomy":"post_tag","embeddable":true,"href":"https:\/\/candname.com\/tr\/index.php?rest_route=%2Fwp%2Fv2%2Ftags&post=2946"}],"curies":[{"name":"wp","href":"https:\/\/api.w.org\/{rel}","templated":true}]}}