{"id":2554,"date":"2015-12-17T09:48:05","date_gmt":"2015-12-17T07:48:05","guid":{"rendered":"http:\/\/candname.com\/?p=2554"},"modified":"2018-10-15T10:46:47","modified_gmt":"2018-10-15T07:46:47","slug":"kurd-milleti-mi-kurd-halki-mi-rosan-lezgin","status":"publish","type":"post","link":"https:\/\/candname.com\/tr\/?p=2554","title":{"rendered":"&#8220;K\u00fcrd Milleti&#8221; mi, &#8220;K\u00fcrd Halk\u0131&#8221; m\u0131?"},"content":{"rendered":"<p>Arap\u00e7a \u201cyaratmak\u201d fiilinden t\u00fcremi\u015f olan \u201chalk\u201d s\u00f6zc\u00fc\u011f\u00fc \u201cinsan toplulu\u011fu\u201d veya \u201cinsanlar\u201d anlam\u0131ndad\u0131r. Diyelim ki \u201cmahalle halk\u0131\u201d, \u201c\u015fehir halk\u0131\u201d, &#8220;b\u00f6lge halk\u0131&#8221; dedi\u011fimiz zaman, s\u00f6z konusu olan mahalle, \u015fehir veya b\u00f6lgede ya\u015fayan her t\u00fcrl\u00fc milletten\/ulustan ve dinden t\u00fcm insanlar\u0131 kastetmi\u015f oluruz.<\/p>\n<p>Oysa \u201cmillet\/ulus\u201d kavram\u0131, \u201c\u00e7o\u011funlukla ayn\u0131 topraklar \u00fczerinde ya\u015fayan; aralar\u0131nda dil, tarih, duygu, \u00fclk\u00fc, gelenek ve g\u00f6renek birli\u011fi olan in<span class=\"text_exposed_show\">san toplulu\u011fu\u201d anlam\u0131ndad\u0131r.<\/span><\/p>\n<div class=\"text_exposed_show\">\n<p>Bir arada olan farkl\u0131 milletlerin t\u00fcm\u00fc \u201chalk\u201d olabilir ama her \u201chalk\u201d bir \u201cmillet\/ulus\u201d topluluk de\u011fildir.<\/p>\n<p>\u0130\u015fte bundan dolay\u0131, &#8220;K\u00fcrd milleti&#8221; veya &#8220;K\u00fcrd ulusu&#8221; kavramlar\u0131n\u0131 kullanmaktan sak\u0131narak \u0131srarla &#8220;K\u00fcrd halk\u0131&#8221; kavram\u0131n\u0131 kullananlar\u0131n, K\u00fcrdlerin &#8220;milli&#8221; bir \u015fuura, &#8220;ulus&#8221; bilincine ula\u015fmas\u0131n\u0131 istemeyenler oldu\u011funu d\u00fc\u015f\u00fcn\u00fcyorum. \u00c7\u00fcnk\u00fc K\u00fcrtler i\u00e7in \u0131srarla &#8220;K\u00fcrt halk\u0131&#8221; diyenler, T\u00fcrkler i\u00e7in &#8220;T\u00fcrk milleti&#8221;, &#8220;Y\u00fcce T\u00fcrk milleti&#8221; veya &#8220;T\u00fcrk ulusu&#8221; kavramlar\u0131n\u0131 kullan\u0131yorlar.<\/p>\n<p>Bunlar\u0131n d\u0131\u015f\u0131nda, meselenin derinlikli olarak fark\u0131nda olmadan bu kavram\u0131 b\u00f6yle duydu\u011fu i\u00e7in kullananlara ise, anlatmak gerekir.<\/p>\n<p>\u201cHalk\u201d ve \u201cmillet\/ulus\u201d tan\u0131mlar\u0131 \u00e7er\u00e7evesinde K\u00fcrtlere bakt\u0131\u011f\u0131m\u0131zda, K\u00fcrdlerin \u201cmillet\/ulus\u201d olduklar\u0131, yani \u201cayn\u0131 topraklar \u00fczerinde ya\u015fayan; aralar\u0131nda dil, tarih, duygu, \u00fclk\u00fc, gelenek ve g\u00f6renek birli\u011fi\u201d oldu\u011fu \u00e7ok a\u00e7\u0131kt\u0131r.<\/p>\n<p>Do\u011fru olan, bizlerin de kendimizi tan\u0131mlarken, kendimizden s\u00f6z ederken &#8220;K\u00fcrd halk\u0131&#8221; yerine \u0131srarla &#8220;K\u00fcrd milleti&#8221; kavram\u0131n\u0131 kullanmakt\u0131r.<\/p>\n<p>&#8220;K\u00fcrd halk\u0131&#8221; kavram\u0131n\u0131n K\u00fcrt\u00e7e kar\u015f\u0131l\u0131\u011f\u0131 &#8220;Gel\u00ea Kurd, Gel\u00ee Kurd; \u015ear\u00ea Kurd; Xelk\u00ea Kurd&#8221; iken, &#8220;K\u00fcrd milleti&#8221; kavram\u0131n\u0131n K\u00fcrt\u00e7e kar\u015f\u0131l\u0131\u011f\u0131 &#8220;Milet\u00ea Kurd; Neteweya Kurd&#8221;d\u00fcr.<\/p>\n<p style=\"text-align: right;\"><em>Ro\u015fan Lezgin<\/em><\/p>\n<\/div>\n","protected":false},"excerpt":{"rendered":"<p>Arap\u00e7a \u201cyaratmak\u201d fiilinden t\u00fcremi\u015f olan \u201chalk\u201d s\u00f6zc\u00fc\u011f\u00fc \u201cinsan toplulu\u011fu\u201d veya \u201cinsanlar\u201d anlam\u0131ndad\u0131r. Diyelim ki \u201cmahalle halk\u0131\u201d, \u201c\u015fehir halk\u0131\u201d, &#8220;b\u00f6lge halk\u0131&#8221; dedi\u011fimiz zaman, s\u00f6z konusu olan mahalle, \u015fehir veya b\u00f6lgede ya\u015fayan her t\u00fcrl\u00fc milletten\/ulustan ve dinden t\u00fcm insanlar\u0131 kastetmi\u015f oluruz. Oysa \u201cmillet\/ulus\u201d kavram\u0131, \u201c\u00e7o\u011funlukla ayn\u0131 topraklar \u00fczerinde ya\u015fayan; aralar\u0131nda dil, tarih, duygu, \u00fclk\u00fc, gelenek ve g\u00f6renek &hellip;<\/p>\n","protected":false},"author":2,"featured_media":0,"comment_status":"open","ping_status":"open","sticky":false,"template":"","format":"standard","meta":{"footnotes":""},"categories":[5371],"tags":[967,966,968,139,2816],"class_list":["post-2554","post","type-post","status-publish","format-standard","","category-alinti-yazilar","tag-kurt-halki","tag-kurt-milleti","tag-lezgin","tag-rosan","tag-rosan-lezgin"],"_links":{"self":[{"href":"https:\/\/candname.com\/tr\/index.php?rest_route=\/wp\/v2\/posts\/2554","targetHints":{"allow":["GET"]}}],"collection":[{"href":"https:\/\/candname.com\/tr\/index.php?rest_route=\/wp\/v2\/posts"}],"about":[{"href":"https:\/\/candname.com\/tr\/index.php?rest_route=\/wp\/v2\/types\/post"}],"author":[{"embeddable":true,"href":"https:\/\/candname.com\/tr\/index.php?rest_route=\/wp\/v2\/users\/2"}],"replies":[{"embeddable":true,"href":"https:\/\/candname.com\/tr\/index.php?rest_route=%2Fwp%2Fv2%2Fcomments&post=2554"}],"version-history":[{"count":0,"href":"https:\/\/candname.com\/tr\/index.php?rest_route=\/wp\/v2\/posts\/2554\/revisions"}],"wp:attachment":[{"href":"https:\/\/candname.com\/tr\/index.php?rest_route=%2Fwp%2Fv2%2Fmedia&parent=2554"}],"wp:term":[{"taxonomy":"category","embeddable":true,"href":"https:\/\/candname.com\/tr\/index.php?rest_route=%2Fwp%2Fv2%2Fcategories&post=2554"},{"taxonomy":"post_tag","embeddable":true,"href":"https:\/\/candname.com\/tr\/index.php?rest_route=%2Fwp%2Fv2%2Ftags&post=2554"}],"curies":[{"name":"wp","href":"https:\/\/api.w.org\/{rel}","templated":true}]}}