{"id":2545,"date":"2015-12-17T09:12:19","date_gmt":"2015-12-17T07:12:19","guid":{"rendered":"http:\/\/candname.com\/?p=2545"},"modified":"2018-10-15T02:25:40","modified_gmt":"2018-10-14T23:25:40","slug":"kurd-ve-kurdistan-unluleri-mesahire-kurd-u-kurdistan","status":"publish","type":"post","link":"https:\/\/candname.com\/tr\/?p=2545","title":{"rendered":"K\u00fcrd ve K\u00fcrdistan \u00dcnl\u00fcleri &#8211; Me\u015fahir\u00ea Kurd \u00fb Kurdistan"},"content":{"rendered":"<p><strong>K\u00fcrd ve K\u00fcrdistan \u00dcnl\u00fcleri &#8211; Me\u015fahir\u00ea Kurd \u00fb Kurdistan<\/strong><\/p>\n<p>Mehmet Emin Zeki Bey, tan\u0131nm\u0131\u015f bir subay ve K\u00fcrdologdur. 1880 y\u0131l\u0131nda G\u00fcney K\u00fcrdistan`\u0131n S\u00fcleymaniye \u015fehrinde do\u011fan M. E. Zeki Bey, babas\u0131n\u0131n yak\u0131n ilgisiyle g\u00f6rd\u00fc\u011f\u00fc \u00f6zel e\u011fitimin ard\u0131ndan S\u00fcleymaniye`de Askeri R\u00fc\u015ftiye`yi, Ba\u011fdat`ta Askeri \u0130dadi`yi, \u0130stanbul`da Harp Akademisi`ni ve daha sonra birincilikle Y\u00fcksek Harp Akademisi`ni bitirmi\u015f.<\/p>\n<p>Osmanl\u0131 Ordusu`nda bir\u00e7ok \u00f6nemli g\u00f6revlerde bulunmu\u015f ve \u00e7e\u015fitli sava\u015flara kat\u0131larak madalyalar alm\u0131\u015f. M. E. Zeki Beyin Osmanl\u0131 Devleti`ndeki son g\u00f6rev yeri, \u0130stanbul`da Harp Tarihi Dairesi. 23 Temmuz 1923`te bu g\u00f6revden ayr\u0131larak Ba\u011fdat`a gitmi\u015f.1924`ten itibaren Ba\u011fdat Harp Okulu`nda ders vermeye ba\u015flam\u0131\u015f; 1925`ten sonra Irak H\u00fck\u00fcmeti`nde \u0130skan ve Ula\u015ft\u0131rma Bakanl\u0131\u011f\u0131 ve E\u011fitim Bakanl\u0131\u011f\u0131 g\u00f6revlerinde bulunmu\u015f. Daha sonra Milli Savunma Bakanl\u0131\u011f\u0131 yapm\u0131\u015f. Nuri Said Pa\u015fa H\u00fck\u00fcmetlerinde de Ula\u015ft\u0131rma ve Ekonomi Bakanl\u0131klar\u0131 yapm\u0131\u015f.<\/p>\n","protected":false},"excerpt":{"rendered":"<p>Mehmet Emin Zeki Bey, tan\u0131nm\u0131\u015f bir subay ve K\u00fcrdologdur. 1880 y\u0131l\u0131nda G\u00fcney K\u00fcrdistan`\u0131n S\u00fcleymaniye \u015fehrinde do\u011fan M. E. Zeki Bey, babas\u0131n\u0131n yak\u0131n ilgisiyle g\u00f6rd\u00fc\u011f\u00fc \u00f6zel e\u011fitimin ard\u0131ndan S\u00fcleymaniye`de Askeri R\u00fc\u015ftiye`yi, Ba\u011fdat`ta Askeri \u0130dadi`yi, \u0130stanbul`da Harp Akademisi`ni ve daha sonra birincilikle Y\u00fcksek Harp Akademisi`ni bitirmi\u015f.<\/p>\n","protected":false},"author":2,"featured_media":0,"comment_status":"open","ping_status":"open","sticky":false,"template":"","format":"standard","meta":{"footnotes":""},"categories":[1746],"tags":[108,137,961,88,5416,960],"class_list":["post-2545","post","type-post","status-publish","format-standard","","category-kitapcilik","tag-kurdistan","tag-kurt","tag-mehmet-emin-zeki-bey","tag-pirtuk","tag-tanitim","tag-unluler"],"_links":{"self":[{"href":"https:\/\/candname.com\/tr\/index.php?rest_route=\/wp\/v2\/posts\/2545","targetHints":{"allow":["GET"]}}],"collection":[{"href":"https:\/\/candname.com\/tr\/index.php?rest_route=\/wp\/v2\/posts"}],"about":[{"href":"https:\/\/candname.com\/tr\/index.php?rest_route=\/wp\/v2\/types\/post"}],"author":[{"embeddable":true,"href":"https:\/\/candname.com\/tr\/index.php?rest_route=\/wp\/v2\/users\/2"}],"replies":[{"embeddable":true,"href":"https:\/\/candname.com\/tr\/index.php?rest_route=%2Fwp%2Fv2%2Fcomments&post=2545"}],"version-history":[{"count":0,"href":"https:\/\/candname.com\/tr\/index.php?rest_route=\/wp\/v2\/posts\/2545\/revisions"}],"wp:attachment":[{"href":"https:\/\/candname.com\/tr\/index.php?rest_route=%2Fwp%2Fv2%2Fmedia&parent=2545"}],"wp:term":[{"taxonomy":"category","embeddable":true,"href":"https:\/\/candname.com\/tr\/index.php?rest_route=%2Fwp%2Fv2%2Fcategories&post=2545"},{"taxonomy":"post_tag","embeddable":true,"href":"https:\/\/candname.com\/tr\/index.php?rest_route=%2Fwp%2Fv2%2Ftags&post=2545"}],"curies":[{"name":"wp","href":"https:\/\/api.w.org\/{rel}","templated":true}]}}