{"id":2529,"date":"2015-12-19T09:42:42","date_gmt":"2015-12-19T07:42:42","guid":{"rendered":"http:\/\/candname.com\/?p=2529"},"modified":"2018-10-15T02:18:56","modified_gmt":"2018-10-14T23:18:56","slug":"mehmed-uzunu-taniyalim-kurmanci-zazaki-ve-turkce","status":"publish","type":"post","link":"https:\/\/candname.com\/tr\/?p=2529","title":{"rendered":"Mehmed Uzun&#8217;u Tan\u0131yal\u0131m (Kurmanci-Zazak\u00ee ve T\u00fcrk\u00e7e)"},"content":{"rendered":"<p><span style=\"color: #ff0000;\"><strong> MEHMED UZUN- KURD\u0130 (Kurmanci , Kirdasi)<\/strong><\/span><\/p>\n<p style=\"text-align: justify;\">\nMehmed Uzun ( 1&#8217;\u00ea r\u00eabendan\u00ea 1953[1] li Siw\u00earek\u00ea (Riha), 11&#8217;\u00ea kew\u00e7\u00ear\u00ea 2007 li Amed\u00ea) niv\u00eeskarek\u00ee Kurd b\u00fb.<br \/>\nHeft roman \u00fb gelek ceribandin, l\u00eakol\u00een \u00fb helbest niv\u00ees\u00eene \u00fb we\u015fandine. Helbesteka w\u00ee ya dir\u00eaj bi nav\u00ea Destana Eg\u00eedek\u00ee ji lay\u00ea hunermend Ciwan Hacoy\u00ee ve hatiye strandin. Mehmet Uzun ten\u00ea bi Kurd\u00ee naniv\u00eese, gelek berhem\u00ean bi ziman\u00ean Tirk\u00ee \u00fb Sw\u00ead\u00ee j\u00ee niv\u00ees\u00eene.<br \/>\n\u00cero hinek kes w\u00ee wek\u00ee serk\u00ea\u015f\u00ea romana kurd\u00ee ya modern dipejir\u00eenin, her \u00e7iqas ev cih\u00ea n\u00eeqa\u015f\u00ea be j\u00ee, l\u00ea rast\u00ee ew e ko ew ji wan kesan e ko berhem\u00ean w\u00ee her\u00ee z\u00eade dih\u00ean xwendin \u00fb hezkirin. Bi taybet\u00ee h\u00eajayiya romana Siya ev\u00een\u00ea \u00fb Ron\u00ee m\u00eena ev\u00een\u00ea tar\u00ee m\u00eena mirin\u00ea gelek ber\u00e7avtir e. Ji xwe ev herd\u00fb berhem bo ziman\u00ean b\u00eeyan\u00ee j\u00ee hatine wergerandin.<br \/>\nMehmed Uzun li sala 1953\u00ea li gund\u00ea Siw\u00eareka ser bi Rihay\u00ea ( hat dinyay\u00ea. Ji ber xebata w\u00ee ya niv\u00ees\u00eena bi ziman\u00ea dayik\u00ea \u00e7end caran ji aliy\u00ea desthelata tirkan ve hat z\u00eendankirin. Her ji ber wan gef\u00ean li ser jiyana xwe, li hav\u00eena sala 1977\u00ea ji Tirkiy\u00ea derket \u00fb heyameke dir\u00eaj li Sw\u00ead\u00ea ma.<br \/>\nEw endamek\u00ee \u00e7eleng \u00ea PEN \u00ea \u00fb Yek\u00eetiya Niv\u00eeskar\u00ean Swed\u00ea ye. W\u00ee li sala 2001\u00ea xelata Torgny Segerstedt wergirt.<br \/>\nEw li sala 2005\u00ea vegeriya Tirkiy\u00ea \u00fb li Stenbol\u00ea ma. Li dawiya w\u00ea sal\u00ea (2005\u00ea) ji aliy\u00ea wezareta rew\u015fenb\u00eeriy\u00ea a hukmeta Her\u00eama Kurdistan\u00ea ve li Hewl\u00eara paytext hat xelatkirin.<br \/>\nL\u00ea mixabin ko li 29\u00ea meha gulana 2006\u00ea hat zan\u00een ko t\u00fb\u015f\u00ee nesaxiya giran a \u015f\u00earpencey\u00ea b\u00fbye. Li destp\u00eak\u00ea, ew li nexwe\u015fxaneya zan\u00eengeha Karol\u00eenskay\u00ea li Stokholma Sw\u00ead\u00ea hat nivandin. Ew ji bo \u00e7areser\u00ea ber bi Amerikay\u00ea j\u00ee hat \u015fandin.<br \/>\nBer\u00ee nesaxkevtin\u00ea, Mehmed Uzun mij\u00fbl\u00ee niv\u00ees\u00eena romaneka n\u00fb bi nav\u00ea &#8220;H\u00eaviya Auerbauch&#8221;\u00ee b\u00fb.<br \/>\nMehmed Uzun di 11&#8217;\u00ea cotmeh\u00ea sala 2007an di saet dora 11.00an li Amed\u00ea ji ber nexwe\u015fiya xwe \u00e7\u00fb ser dilovaniya xwe.<br \/>\n<span style=\"color: #ff0000;\"><strong>MEHMED UZUN &#8211; KURD\u0130 (Zazaki,Dimilki,Kirmancki,Kirdki)\u00a0<\/strong><\/span><br \/>\nMehmed Uzun(1953 Siw\u00eareg &#8211; 2007 Amed) nu\u015ftox\u00eako Kurd o.<br \/>\nHewt roman \u00fb gelek ceribnay\u00ee\u015f, cig\u00earay\u00ee\u015f \u00fb helbest\u00ee nu\u015ft\u00ee \u00fb we\u015fanay. Helbest\u00eaka ey ya derge bi namey\u00ea Destana Eg\u00eedek\u00ee (Destana Eg\u00eed\u00eak) het\u00ea hunermend Ciwan Hacoy\u00ee ra hameya vati\u015f. Mehmed Uzun tena bi kurdk\u00ee n\u00eanu\u015ft, bi ziwan\u00ea Tirk\u00ee \u00fb Sw\u00eadk\u00ee z\u00ee gelek berheman nu\u015ft. Ewro tay\u00ea kes\u00ee ey sey serk\u00ea\u015f\u00ea romana Kurd\u00ee ya moderne hesebnen\u00ee.<br \/>\nMehmed Uzun serra 1953 de dewa Siw\u00earega ser bi Rihay\u00ee (Urfa) ame dinya. Seba ke bi ziwan\u00ea dayika xo nu\u015ft\u00eane, \u00e7end reyan het\u00ea desthelata tirkan ra erz\u00eeya zindan. O z\u00ee no rid ra hamnan\u00ea serra 1977\u00ee de Tirk\u00eeya ra vej\u00eeya \u00fb deme\u00eako derg Sw\u00ead de mend.<br \/>\nEndam\u00ea PEN\u00ee \u00fb Yek\u00eetiya Niv\u00eeskar\u00ean Swed\u00ea yo. Ey serra 2001\u00ee de xelata Torgny Segerstedt girewte.<br \/>\nSerra 2005 de ag\u00eara Tirkiya \u00fb Stenbol de mend. Peyniya na serre (2005) het\u00ea wezareta rew\u015fenb\u00eeriy\u00ea ya hukmeta Her\u00eama Kurdistan\u00ee ra Hewl\u00ear de xellat d\u00eeya ci.<br \/>\nLa 29\u00ea menga gulana 2006\u00ea ame zanay\u00ee\u015f ke n\u00eawe\u015f\u00eeya \u015f\u00earpencey\u00ea b\u00eeyo. Destp\u00eak de, o n\u00eawe\u015fxaneya zan\u00eengeha Karol\u00eenskay\u00ea Stokholm\u00ea Sw\u00ead\u00ee de rakewt. Dima z\u00ee hame Amed, 11 Ti\u015fr\u00eena Ver\u00eana (Oktobre) 2007 de uca de \u015fi rahmet.<br \/>\n<span style=\"color: #ff0000;\"><strong>MEHMED UZUN\u00a0<\/strong><\/span><br \/>\nMehmet Uzun (1953, Siverek &#8211; 11 Ekim 2007, Diyarbekir), K\u00fcrt yazar.<br \/>\n1977 y\u0131l\u0131ndan beri \u0130sve\u00e7&#8217;te ya\u015fayan Uzun; K\u00fcrt\u00e7e &#8216; nin Kurmanci leh\u00e7esi , T\u00fcrk\u00e7e ve \u0130sve\u00e7\u00e7e yazd\u0131\u011f\u0131 kitaplar\u0131 yirmiye yak\u0131n dilde yay\u0131nland\u0131. 1985 y\u0131l\u0131ndan bu yana romanlar\u0131n\u0131 kaleme alan Uzun hakk\u0131nda, T\u00fcrkiye&#8217;de \u00e7ok say\u0131da dava a\u00e7\u0131ld\u0131. 1981&#8217;de T\u00fcrk vatanda\u015fl\u0131\u011f\u0131ndan at\u0131ld\u0131 ve 1992 y\u0131l\u0131na kadar T\u00fcrkiye&#8217;ye gelemedi.<br \/>\nUzun y\u0131llar \u0130sve\u00e7 Yazarlar Birli\u011fi y\u00f6netim kurulu \u00fcyeli\u011fi yapt\u0131. Ayr\u0131ca \u0130sve\u00e7 Pen Kul\u00fcb\u00fc ve Uluslararas\u0131 Pen Kul\u00fcp&#8217;te aktif \u00e7al\u0131\u015ft\u0131. \u0130sve\u00e7 ve D\u00fcnya Gazeteciler Birli\u011fi&#8217;nin de \u00fcyesi olan Uzun&#8217;un bug\u00fcne kadar \u00e7ok say\u0131da K\u00fcrt\u00e7e roman yazd\u0131.<br \/>\nMehmed Uzun, &#8220;A\u015fk Gibi Ayd\u0131nl\u0131k \u00d6l\u00fcm Gibi Karanl\u0131k&#8221; roman\u0131 ve &#8220;Nar \u00c7i\u00e7ekleri&#8221; adl\u0131 deneme kitab\u0131 ile ilgili olarak 2001 bahar\u0131nda yarg\u0131land\u0131.<br \/>\nYakaland\u0131\u011f\u0131 mide kanseri nedeniyle uzun s\u00fcre tedavi g\u00f6ren \u00fcnl\u00fc edebiyat\u00e7\u0131, 11 Ekim 2007 g\u00fcn\u00fc Diyarbekir&#8217;da ya\u015fam\u0131n\u0131 yitirdi.<\/p>\n","protected":false},"excerpt":{"rendered":"<p>MEHMED UZUN- KURD\u0130 (Kurmanci , Kirdasi) Mehmed Uzun ( 1&#8217;\u00ea r\u00eabendan\u00ea 1953[1] li Siw\u00earek\u00ea (Riha), 11&#8217;\u00ea kew\u00e7\u00ear\u00ea 2007 li Amed\u00ea) niv\u00eeskarek\u00ee Kurd b\u00fb. Heft roman \u00fb gelek ceribandin, l\u00eakol\u00een \u00fb helbest niv\u00ees\u00eene \u00fb we\u015fandine. Helbesteka w\u00ee ya dir\u00eaj bi nav\u00ea Destana Eg\u00eedek\u00ee ji lay\u00ea hunermend Ciwan Hacoy\u00ee ve hatiye strandin. Mehmet Uzun ten\u00ea bi Kurd\u00ee &hellip;<\/p>\n","protected":false},"author":2,"featured_media":0,"comment_status":"open","ping_status":"open","sticky":false,"template":"","format":"standard","meta":{"footnotes":""},"categories":[118,299],"tags":[849,3557,952,418,955,17,954,953,244],"class_list":["post-2529","post","type-post","status-publish","format-standard","","category-biyografi","category-turkce","tag-dimili","tag-kurmancki","tag-mehmet","tag-riha","tag-siwerek","tag-slide","tag-taniyalim","tag-uzun","tag-zazaki"],"_links":{"self":[{"href":"https:\/\/candname.com\/tr\/index.php?rest_route=\/wp\/v2\/posts\/2529","targetHints":{"allow":["GET"]}}],"collection":[{"href":"https:\/\/candname.com\/tr\/index.php?rest_route=\/wp\/v2\/posts"}],"about":[{"href":"https:\/\/candname.com\/tr\/index.php?rest_route=\/wp\/v2\/types\/post"}],"author":[{"embeddable":true,"href":"https:\/\/candname.com\/tr\/index.php?rest_route=\/wp\/v2\/users\/2"}],"replies":[{"embeddable":true,"href":"https:\/\/candname.com\/tr\/index.php?rest_route=%2Fwp%2Fv2%2Fcomments&post=2529"}],"version-history":[{"count":0,"href":"https:\/\/candname.com\/tr\/index.php?rest_route=\/wp\/v2\/posts\/2529\/revisions"}],"wp:attachment":[{"href":"https:\/\/candname.com\/tr\/index.php?rest_route=%2Fwp%2Fv2%2Fmedia&parent=2529"}],"wp:term":[{"taxonomy":"category","embeddable":true,"href":"https:\/\/candname.com\/tr\/index.php?rest_route=%2Fwp%2Fv2%2Fcategories&post=2529"},{"taxonomy":"post_tag","embeddable":true,"href":"https:\/\/candname.com\/tr\/index.php?rest_route=%2Fwp%2Fv2%2Ftags&post=2529"}],"curies":[{"name":"wp","href":"https:\/\/api.w.org\/{rel}","templated":true}]}}