{"id":2501,"date":"2015-12-19T14:57:59","date_gmt":"2015-12-19T12:57:59","guid":{"rendered":"http:\/\/candname.com\/?p=2501"},"modified":"2018-10-10T23:31:14","modified_gmt":"2018-10-10T20:31:14","slug":"en-yasli-insan-kurt-zaro-aga","status":"publish","type":"post","link":"https:\/\/candname.com\/tr\/?p=2501","title":{"rendered":"En Ya\u015fl\u0131 \u0130nsan K\u00fcrt- Zaro A\u011fa"},"content":{"rendered":"<p>Bitlisli bir K\u00fcrt olan d\u00fcnyan\u0131n en ya\u015fl\u0131 adam\u0131 Zaro A\u011fa\u2019n\u0131n \u00f6yk\u00fcs\u00fc ilk kez kitap olarak yay\u0131mlan\u0131yor. <img loading=\"lazy\" decoding=\"async\" class=\"alignright\" src=\"http:\/\/www.zazaki.net\/images\/other\/5.20151004103004..jpg\" alt=\"\" width=\"175\" height=\"217\" \/>Rohat Alakom Zaro A\u011fa\u2019n\u0131n \u015fahs\u0131nda \u0130stanbul\u2019daki K\u00fcrtlerin izini s\u00fcr\u00fcyor. Kitapta ayr\u0131ca Zaro A\u011fa\u2019ya ili\u015fkin k\u00fc\u00e7\u00fck bir alb\u00fcm de yer al\u0131yor. Zaro A\u011fa\u2019n\u0131n renkli ve ilgin\u00e7 ya\u015fam\u0131ndan kesitler i\u00e7eren 50\u2019ye yak\u0131n g\u00f6rsel malzeme aras\u0131nda foto\u011fraflar, karikat\u00fcrler, kartpostal, gazete kup\u00fcrleri ve ba\u015fka materyallerden \u00f6rnekler bulunuyor.<\/p>\n<p><span style=\"color: #ff0000;\"><strong>\u0130stanbul Ansiklopedisi\u2019nde, (cild 8, 1995) Zaro A\u011fa\u2019ya ili\u015fkin \u015fu bilgiler yer al\u0131yor:<\/strong><\/span><\/p>\n<p><img loading=\"lazy\" decoding=\"async\" class=\"alignleft\" src=\"http:\/\/www.zazaki.net\/images\/other\/basliksiz-3.20151004103031..jpg\" alt=\"\" width=\"305\" height=\"315\" \/>Zaro A\u011fa (1777 Bitlis \/ 1934, \u0130stanbul). D\u00fcnyan\u0131n en uzun ya\u015fayan insanlar\u0131ndan. Gen\u00e7 ya\u015fta \u0130stanbul\u00b4a geldi. Hamall\u0131k, amelelik gibi i\u015fler yapt\u0131. Selimiye K\u0131\u015flas\u0131\u00b4n\u0131n (1800-1805?); 1825-1827 ve Ortak\u00f6y Camii\u00b4nin (1853) in\u015faat\u0131nda \u00e7al\u0131\u015ft\u0131\u011f\u0131n\u0131 s\u00f6ylemi\u015ftir. Bir d\u00f6nem de \u0130stanbul Belediyesi\u00b4nde hademelik yapm\u0131\u015ft\u0131. Uzun ya\u015faman\u0131n s\u0131rr\u0131n\u0131 \u00e7\u00f6zmek amac\u0131yla Avrupa\u00b4da ve Amerika\u00b4da hekimlere muayeneden ge\u00e7irilen Zaro A\u011fa ya\u015fam\u0131n\u0131n sonuna kadar beden ve aklen sa\u011fl\u0131kl\u0131 kalmay\u0131 ba\u015farm\u0131\u015ft\u0131.<\/p>\n<p>Jiyana Zaro Axay\u00ea ku zilam\u00ea her\u00ee temendir\u00eaj \u00ea dinyay\u00ea b\u00fb, cara yekem dibe mijara kit\u00eabek\u00ea. Her\u00e7iqas gelek ti\u015ft li ser hatibin niv\u00eesandin \u00fb di ans\u00eeklopediyan de wek maddeyek derbas b\u00fbbe j\u00ee, li ser jiyana w\u00ee xebatek bi r\u00eak\u00fbp\u00eak neb\u00fb. L\u00eakol\u00eener\u00ea kurd Rohat Alakom pi\u015ft\u00ee xebateke d\u00fbdir\u00eaj, v\u00ee kurd\u00ea ku bi esl\u00ea xwe ji Bedl\u00ees\u00ea ye, dike mijara kit\u00eaba xwe ya n\u00fb. Kit\u00eab bi gi\u015ft\u00ee bi ziman\u00ea tirk\u00ee ye l\u00ea be\u015fek j\u00ea j\u00ee bi kurd\u00ee ye. Di dawiya kit\u00eab\u00ea de alb\u00fbmeke dewlemend a Zaro Axa j\u00ee heye.<\/p>\n<p><img decoding=\"async\" src=\"http:\/\/www.zazaki.net\/images\/other\/basliksiz-1.20151004103202..jpg\" alt=\"\" \/><\/p>\n<p><img decoding=\"async\" src=\"http:\/\/www.zazaki.net\/images\/other\/1.20151004103620..jpg\" alt=\"\" \/><\/p>\n","protected":false},"excerpt":{"rendered":"<p>Bitlisli bir K\u00fcrt olan d\u00fcnyan\u0131n en ya\u015fl\u0131 adam\u0131 Zaro A\u011fa\u2019n\u0131n \u00f6yk\u00fcs\u00fc ilk kez kitap olarak yay\u0131mlan\u0131yor. Rohat Alakom Zaro A\u011fa\u2019n\u0131n \u015fahs\u0131nda \u0130stanbul\u2019daki K\u00fcrtlerin izini s\u00fcr\u00fcyor. Kitapta ayr\u0131ca Zaro A\u011fa\u2019ya ili\u015fkin k\u00fc\u00e7\u00fck bir alb\u00fcm de yer al\u0131yor. Zaro A\u011fa\u2019n\u0131n renkli ve ilgin\u00e7 ya\u015fam\u0131ndan kesitler i\u00e7eren 50\u2019ye yak\u0131n g\u00f6rsel malzeme aras\u0131nda foto\u011fraflar, karikat\u00fcrler, kartpostal, gazete kup\u00fcrleri ve &hellip;<\/p>\n","protected":false},"author":2,"featured_media":0,"comment_status":"open","ping_status":"open","sticky":false,"template":"","format":"standard","meta":{"footnotes":""},"categories":[1084,118,25],"tags":[941,942,943,137,17,940],"class_list":["post-2501","post","type-post","status-publish","format-standard","","category-arastirma","category-biyografi","category-tarih","tag-aga","tag-axa","tag-en-uzun-yasayan-adam","tag-kurt","tag-slide","tag-zaro"],"_links":{"self":[{"href":"https:\/\/candname.com\/tr\/index.php?rest_route=\/wp\/v2\/posts\/2501","targetHints":{"allow":["GET"]}}],"collection":[{"href":"https:\/\/candname.com\/tr\/index.php?rest_route=\/wp\/v2\/posts"}],"about":[{"href":"https:\/\/candname.com\/tr\/index.php?rest_route=\/wp\/v2\/types\/post"}],"author":[{"embeddable":true,"href":"https:\/\/candname.com\/tr\/index.php?rest_route=\/wp\/v2\/users\/2"}],"replies":[{"embeddable":true,"href":"https:\/\/candname.com\/tr\/index.php?rest_route=%2Fwp%2Fv2%2Fcomments&post=2501"}],"version-history":[{"count":0,"href":"https:\/\/candname.com\/tr\/index.php?rest_route=\/wp\/v2\/posts\/2501\/revisions"}],"wp:attachment":[{"href":"https:\/\/candname.com\/tr\/index.php?rest_route=%2Fwp%2Fv2%2Fmedia&parent=2501"}],"wp:term":[{"taxonomy":"category","embeddable":true,"href":"https:\/\/candname.com\/tr\/index.php?rest_route=%2Fwp%2Fv2%2Fcategories&post=2501"},{"taxonomy":"post_tag","embeddable":true,"href":"https:\/\/candname.com\/tr\/index.php?rest_route=%2Fwp%2Fv2%2Ftags&post=2501"}],"curies":[{"name":"wp","href":"https:\/\/api.w.org\/{rel}","templated":true}]}}