{"id":24133,"date":"2025-12-07T17:04:19","date_gmt":"2025-12-07T14:04:19","guid":{"rendered":"https:\/\/candname.com\/tr\/?p=24133"},"modified":"2025-12-06T17:09:33","modified_gmt":"2025-12-06T14:09:33","slug":"kadiriyye-tarikati-halisiyye-subesi-silsilesi-ve-seyh-abdurrahman-halis-et-talebani","status":"publish","type":"post","link":"https:\/\/candname.com\/tr\/?p=24133","title":{"rendered":"K\u00e2diriyye Tarikat\u0131 H\u00e2lisiyye \u015eubesi Silsilesi Ve \u015eeyh Abdurrahman H\u00e2lis Et-T\u00e2leb\u00e2n\u00ee"},"content":{"rendered":"<p><span style=\"font-weight: 600;\">K\u00e2diriyye Tarikat\u0131 H\u00e2lisiyye \u015eubesi Silsilesi<\/span><\/p>\n<p><span style=\"font-weight: 600;\">Fahr-i K\u00e2in\u00e2t Seyyidu\u2019l-Mursel\u00een Hazret-i Muhammed Mustafa (S.A.V)<\/span><\/p>\n<p>Hz. \u0130mam Ali Bin Eb\u00ee T\u00e2lib (R.A)<\/p>\n<p>Hasan El-Basr\u00ee Ebu Sa\u00eed Bin Yesar (Rh.A)<\/p>\n<p>\u015eeyh Hab\u00eeb El-Acem\u00ee (K.S)<\/p>\n<p>\u015eeyh D\u00e2vud Et-T\u00e2\u00ee (K.S)<\/p>\n<p>\u015eeyh Ma\u2019r\u00fbf El-Kerh\u00ee (K.S)<\/p>\n<p>\u015eeyh Seriyyu\u2019s-Sakat\u00ee (K.S)<\/p>\n<p>\u015eeyh C\u00fcneyd El-Ba\u011fd\u00e2d\u00ee (K.S)<\/p>\n<p>\u015eeyh Ebubekr Dulef Bin Ca\u2019fer E\u015f-\u015eibl\u00ee (K.S)<\/p>\n<p>\u015eeyh Ebu\u2019l-Fazl Abdulv\u00e2h\u00eed Bin Abdulaz\u00eez Et-Temim\u00ee (K.S)<\/p>\n<p>\u015eeyh Ebu\u2019l-Ferec Yusuf Et-Tars\u00fbs\u00ee (K.S)<\/p>\n<p>\u015eeyh Ebu\u2019l-Hasan Ali Bin Muhammed Bin Yusuf El-Kurey\u015f\u00ee El-Hakk\u00e2r\u00ee (K.S)<\/p>\n<p>\u015eeyh K\u00e2diyu\u2019l-Kuz\u00e2t Ebu Sa\u00eed El-Mubarek Bin Ali El-Mahzum\u00ee<\/p>\n<p><span style=\"font-weight: 600;\">P\u00eer-i Tarikat \u015eeyh Seyyid Ebu Muhammed Muhyidd\u00een Abdulk\u00e2dir Bin Musa El-Hasen\u00ee El-Cil\u00e2n\u00ee-Gil\u00e2n\u00ee (K.S) (Vefat\u0131: H. 561)<\/span><\/p>\n<p>\u015eeyh Seyyid Abdurrezzak Cem\u00e2lu\u2019l-Ir\u00e2k El-C\u00eel\u00ee (K.S)<\/p>\n<p>\u015eeyh Osman El-C\u00eel\u00ee (Gil\u00e2n\u00ee) (K.S)<\/p>\n<p>\u015eeyh Yahya El-Basr\u00ee (K.S)<\/p>\n<p>\u015eeyh Nureddin E\u015f-\u015f\u00e2m\u00ee (K.S)<\/p>\n<p>\u015eeyh Abdurrahman El-Hasen\u00ee (K.S)<\/p>\n<p>\u015eeyh Burh\u00e2nuddin Ez-Zencer\u00ee (K.S)<\/p>\n<p>\u015eeyh Seyyid Muhammed Ma\u2019sum El-Meden\u00ee (K.S)<\/p>\n<p>\u015eeyh Abdurrezz\u00e2k El-Hamev\u00ee (K.S)<\/p>\n<p>\u015eeyh Muhammed Huseyin El-\u0130zmir\u00e2n\u00ee (K.S)<\/p>\n<p>\u015eeyh Ahmed El-Hind\u00ee El-Lahor\u00ee (K.S)<\/p>\n<p>\u015eeyh Mahmud Ez-Zengen\u00ee Et-T\u00e2leb\u00e2n\u00ee (K.S)<\/p>\n<p>\u015eeyh Ahmed Ez-Zengen\u00ee Et-T\u00e2leb\u00e2n\u00ee (K.S)<\/p>\n<p><span style=\"font-weight: 600;\">\u015eeyh Ziyauddin Abdurrahman H\u00e2lis Ez-Zengen\u00ee Et-T\u00e2leb\u00e2n\u00ee (K.S)<\/span><\/p>\n<p>\u015eeyh Seyyid Hac\u0131 Osman Dede Er-Ruhav\u00ee (Urfal\u0131) (K.S)[1]\n<p>\u015eeyh Hac\u0131 \u00d6mer H\u00fcd\u00e2y\u00ee[2]\n<p>\u015eeyh Harputlu Hac\u0131 Muharrem Hilm\u00ee Efendi[3]\n<p><span style=\"font-weight: 600;\">H\u00e2lisiyye \u015eubesinin Kurucusu \u015eeyh Abdurrahman Halis Et-T\u00e2leb\u00e2n\u00ee Kimdir<\/span><\/p>\n<p>Abdurrahman H\u00e2lis \u0130bn e\u015f-\u015eeyh Ahmed Bin e\u015f-\u015eeyh Molla Mahmud ez-Zengen\u00ee. Kadiriyye\u2019nin H\u00e2lisiyye \u015fubesinin kurucusu olup, \u015eeyh Ahmed et-Taleban\u00ee\u2019nin o\u011fludur. Kerk\u00fck\u2019\u00fcn T\u00e2leb\u00e2n k\u00f6y\u00fcnden ve K\u00fcrtlerin Zengene a\u015firetindendir.<\/p>\n<p>&#8220;\u015eerefn\u00e2me&#8221; adl\u0131 eserde, Zengene a\u015fireti ile ilgili b\u00f6l\u00fcm:<\/p>\n<p>Terc\u00fcmesi:<\/p>\n<p>\u00dc\u00e7\u00fcnc\u00fc \u015eube: Zengene \u00dcmer\u00e2s\u0131 Hakk\u0131nda. Bu t\u00e2ife de \u015eah \u0130smail-i Safevi zaman\u0131nda y\u00fcksek mertebelere\/mevkilere ula\u015ft\u0131lar. Ve akranlar\u0131n\u0131n haset etti\u011fi mertebe ve mevkiler kazand\u0131lar. \u00dcmer\u00e2s\u0131ndan\/mirlerinden kimse kalmad\u0131\u011f\u0131nda ise k\u0131sa zamanda f\u0131rka f\u0131rka K\u0131z\u0131lba\u015f \u00fcmer\u00e2s\u0131n\u0131n hizmetlerinde yer ald\u0131lar. Irak ve Horasan\u2019da istihdam edildiler. Ve baz\u0131lar\u0131 da Korucular z\u00fcmresinin ileri gelenleri aras\u0131nda yer buldular.\u00a0 &#8221;<\/p>\n<p>1212\/1797 tarihinde T\u00e2leb\u00e2n k\u00f6y\u00fcnde do\u011fmu\u015ftur. Kuvvetli bir medrese e\u011fitimi alm\u0131\u015ft\u0131r. K\u00fcrt\u00e7e ve Arap\u00e7a\u2019n\u0131n yan\u0131s\u0131ra Fars\u00e7a ve T\u00fcrk\u00e7e\u2019yi de \u00e7ok iyi \u00f6\u011frenmi\u015ftir. Kadir\u00ee \u015feyhlik ic\u00e2zetini pederinden alm\u0131\u015ft\u0131r. Pederi \u015eeyh Ahmed Efendi de ic\u00e2zetini ceddi \u015eeyh Mahmud\u2019dan alm\u0131\u015f, o ise \u015eeyh Ahmed el-Hind\u00ee el-Lahor\u00ee\u2019nin halifesidir. Bu \u015fekilde silsile \u015eeyh Abd\u00fclkadir-i Geyl\u00e2n\u00ee\u2019ye vas\u0131l olur. Her d\u00f6rt lisanda d\u00eev\u00e2n\u0131 vard\u0131r. Mesnev\u00ee\u2019nin ilk 18 beytine Fars\u00e7a manzum bir \u015ferh yazm\u0131\u015ft\u0131r ki, matbudur. (Kit\u00e2bu\u2019l-Ma\u2019\u00e2rif Fi \u015ferhi Mesnevi-yi \u015eer\u00eef, R\u0131z\u00e2 Efendi Basmahanesi, 1284. Ba\u011fdat). T\u00fcrk\u00e7e ve Fars\u00e7a gazelleri ile \u015f\u00f6hret bulmu\u015ftur. Bu gazellerin bir b\u00f6l\u00fcm\u00fc ayn\u0131 kitab\u0131n ikinci k\u0131sm\u0131 olarak bas\u0131lm\u0131\u015ft\u0131r. \u015eiirlerinde H\u00e2lis mahlas\u0131n\u0131 kullanm\u0131\u015flard\u0131r.<\/p>\n<p>Abdurrahman H\u00e2lis\u2019in T\u00fcrk\u00e7e bir muhammesi \u015fu \u015fekildedir:<\/p>\n<p>\u0645\u062e\u0645\u0651\u0633 \u0645\u0646 \u0643\u0644\u0627\u0645 \u062e\u0627\u0644\u0635<\/p>\n<p>\u0639\u062c\u0628\u0627 \u062f\u0647\u0631\u0647 \u0635\u0627\u0644\u0627\u0646 \u0634\u0648\u0631\u0642\u06cc\u0627\u0645\u062a \u0628\u0648\u0645\u06cc\u062f\u0631<\/p>\n<p>\u0639\u0627\u0644\u0645\u0647 \u0634\u0639\u0644\u0647 \u0648\u06cc\u0631\u0646 \u0639\u0627\u0631\u0636 \u0648\u0642\u0627\u0645\u062a \u0628\u0648\u0645\u06cc\u062f\u0631<\/p>\n<p>\u0645\u0633\u062a \u0627\u06cc\u062f\u0648\u0628 \u062c\u0627\u0630\u0628 \u0623\u0631\u0628\u0627\u0628 \u0643\u0631\u0627\u0645\u062a \u0628\u0648\u0645\u06cc\u062f\u0631<\/p>\n<p>\u0639\u062c\u0628\u0627 \u06af\u0648\u06ad\u0644\u0645\u06cc \u0635\u06cc\u062f \u0627\u06cc\u0644\u06cc\u0646 \u0622\u0641\u062a \u0628\u0648\u0645\u06cc\u062f\u0631<\/p>\n<p>\u0628\u0646\u06cc \u0645\u062c\u0631\u0648\u062d \u0648 \u062b\u0631\u06cc\u0634\u0627\u0646 \u0627\u06cc\u062f\u0646 \u0622\u0641\u062a \u0628\u0648\u0645\u06cc\u062f\u0631<\/p>\n<p>Acab\u00e2 dehre salan \u015f\u00fbr-\u0131 k\u0131y\u00e2met bu mudur<\/p>\n<p>\u00c2leme \u015fu\u2019le veren \u00e2r\u0131z u k\u00e2met bu mudur<\/p>\n<p>Mest ed\u00fcb c\u00e2zib-i erb\u00e2b-\u0131 ker\u00e2met bu mudur<\/p>\n<p>Acab\u00e2 g\u00f6nl\u00fcm\u00fc sayd eyleyen \u00e2fet bu mudur<\/p>\n<p>Beni mecr\u00fbh u per\u00ee\u015fan eyleyen \u00e2fet bu mudur<\/p>\n<p>(\u015eeyh Abdurrahman H\u00e2lis Et-T\u00e2leb\u00e2n\u00ee, 1284:57)<\/p>\n<p>Abd\u00fclkadir-i Geyl\u00e2n\u00ee\u2019nin men\u00e2k\u0131b\u0131 olan\u00a0<em>Behcetu\u2019l-Esrar<\/em>\u00a0kitab\u0131n\u0131 T\u00fcrk\u00e7e\u2019ye terc\u00fcme etmi\u015ftir.<\/p>\n<p>&nbsp;<\/p>\n<p>1275\/1859 tarihinde vefat etmi\u015f olup, Kerk\u00fck\u2019teki hank\u00e2h\u0131nda medfundur. Bir\u00e7ok halifesi olup o\u011fullar\u0131, \u015eeyh Ali, \u015eeyh Abd\u00fclkadir ve \u015eeyh R\u0131za Taleb\u00e2n\u00ee ve Abdulv\u00e2hid T\u00e2leb\u00e2n\u00ee\u2019dir.[4] Anadolu\u2019daki en \u00f6nemli halifelerinden biri Urfal\u0131 Seyyid Hac\u0131 Osman Dede Efendi\u2019dir.<\/p>\n<p>Di\u011fer bir halifesi de Urfal\u0131 \u015eeyh Abd\u00fclk\u00e2dir S\u0131dd\u00eek\u00ee Efendidir ki, Urfa Meb\u2019usu \u015eeyh Mustafa Safvet Efendi\u2019nin kay\u0131npederidir.[5] 1315\/1897 tarihinde 91 ya\u015f\u0131nda vefat etmi\u015ftir. \u015eeyh Abdurrahman H\u00e2lis et-Taleb\u00e2n\u00ee\u2019nin O\u011fullar\u0131ndan \u015eeyh Ebu\u2019l-Muhsin Ali et-Taleb\u00e2n\u00ee pederinin makam\u0131na postni\u015f\u00een olmu\u015ftur. Kuvvetli bir medrese e\u011fitimine sahipti. F\u0131khi konuda bas\u0131lmam\u0131\u015f bir hayli eseri vard\u0131r. 1330 tarihinde vefat etmi\u015f olup, Kerk\u00fck\u2019te babas\u0131n\u0131n yan\u0131na defnedilmi\u015ftir. Onun da bir \u00e7ok halifesi olmu\u015ftur.<\/p>\n<p>K\u00e2diriyye&#8217;nin H\u00e2lisiyye \u015f\u00fbbesinin kurucusu \u015eeyh Abdurrahman H\u00e2lis Et-T\u00e2leb\u00e2n\u00ee Ez-Zengen\u00ee&#8217;nin o\u011flu \u015eeyh Ali Et-T\u00e2leb\u00e2n\u00ee&#8217;nin, \u015eeyh Abdullah El-H\u0131dr\u00ee El-Kerk\u00fck\u00ee El-K\u00fcrd\u00eenin te&#8217;lif etti\u011fi Gavs-\u0131 A&#8217;zam \u015eeyh Abd\u00fclk\u00e2dir Geyl\u00e2n\u00ee&#8217;nin Mektub\u00e2t\u0131 \u015eerhine yazd\u0131\u011f\u0131 kendi el yaz\u0131s\u0131 ve m\u00fchr\u00fc ile bir takrizi.<\/p>\n<p>Urfa mebusu \u015eeyh Mustafa Safvet (Yetkin) (Vefat\u0131:1950) bu z\u00e2t\u0131n hulefas\u0131ndand\u0131r.[6] Bunun yan\u0131s\u0131ra Harputlu Hac\u0131 Muharrem Hilm\u00ee Efendi (Vefat\u0131:1384\/1964) , Besnili Hal\u00eel Baba ile Malatyal\u0131 Mustafa Hayr\u00ee Baba (Vefat\u0131: \u0130stanbul 1979)[7] bu silsileye ba\u011fl\u0131d\u0131r. \u00dc\u00e7\u00fcnc\u00fc o\u011flu \u015eeyh R\u0131za Efendi (tevell\u00fcd\u00fc: 1253) ise babas\u0131 gibi g\u00fc\u00e7l\u00fc bir \u015fairdi. Ayn\u0131 zamanda kuvvetli bir medrese tahsiline sahipti. K\u00fcrt\u00e7e, Arap\u00e7a, Fars\u00e7a ve T\u00fcrk\u00e7e \u015fiirlerini i\u00e7eren div\u00e2n\u0131 1946 y\u0131l\u0131nda ye\u011feni Ali et-Taleb\u00e2n\u00ee taraf\u0131ndan Ba\u011fdat\u2019ta bas\u0131lm\u0131\u015ft\u0131r. Bu div\u00e2n\u2019da\u00a0<span style=\"font-weight: 600;\">Sultan Abd\u00fclaz\u00eez<\/span>\u00a0<span style=\"font-weight: 600;\">Sultan ve II. Abd\u00fclhamid Han<\/span>\u00a0ile ilgili medhiyeler bulundu\u011fu gibi, d\u00f6nemin Sadrazam vs.di\u011fer devlet ricaline ili\u015fkin medhiye ve hicviyeleri vard\u0131r. Hicivlerinde bazen a\u011f\u0131r ifadeler g\u00f6ze \u00e7arpmaktad\u0131r. \u015eeyh R\u0131za\u2019n\u0131n Sultan Abd\u00fclaz\u00eez\u2019e Fars\u00e7a medhiyesi \u015fu \u015fekildedir:<\/p>\n<p>\u062f\u0631\u0645\u062f\u062d \u0633\u0644\u0637\u0627\u0646 \u0639\u0628\u062f\u0627\u0644\u0639\u0632\u06cc\u0632\u062e\u0627\u0646<\/p>\n<p>\u0643\u0631\u062f\u0645 \u0628\u0643\u0627\u0631\u0646\u0627\u0645\u06c0 \u0634\u0627\u0647\u0627\u0646 \u0628\u0633\u06cc \u0646\u06af\u0627\u0647<\/p>\n<p>\u0628\u0631\u0647\u0645\u0632\u062f\u0645 \u062c\u0631\u06cc\u062f\u06c0 \u0627\u06cc\u0646 \u0643\u0647\u0646\u0647 \u0643\u0627\u0631\u06af\u0627\u0647<\/p>\n<p>\u0627\u0631\u062d\u0627\u0644 \u062e\u0633\u0631\u0648\u0627\u0646 \u0632\u0645\u0627\u0646 \u062c\u0633\u062a\u0645 \u0622\u06af\u0647\u06cc<\/p>\n<p>\u0622\u0646\u0627\u0646 \u0643\u0647 \u0628\u0648\u062f\u0647 \u0627\u0646\u062f \u062e\u062f\u0627\u0648\u0646\u062f \u062f\u0633\u062a \u06af\u0627\u0647<\/p>\n<p>\u0633\u0627\u0633\u0627\u0646\u06cc\u0627\u0646 \u0628\u062d\u0643\u0645\u062a \u0648 \u0633\u0627\u0645\u0627\u0646\u06cc\u0627\u0646 \u0628\u0645\u0644\u0643<\/p>\n<p>\u0639\u0628\u0651\u0627\u0633\u06cc\u0627\u0646 \u0628\u062f\u0648\u0644\u062a , \u0633\u0644\u062c\u0648\u0642\u06cc\u0627\u0646 \u0628\u062c\u0627\u0647<\/p>\n<p>\u0647\u0631\u0686\u0646\u062f \u062e\u0648\u0627\u0633\u062a\u0645 \u0643\u0647 \u0628\u06cc\u0627\u06cc\u0645 \u0646\u0647 \u0646\u06cc\u0627\u0641\u062a\u0645<\/p>\n<p>\u0634\u0627\u0647\u06cc \u0628\u0641\u0631\u0648\u062f\u0648\u0644\u062a (\u0639\u0628\u062f\u0627\u0644\u0639\u0632\u06cc\u0632\u0634\u0627\u0647)<\/p>\n<p>\u0686\u0634\u0645 \u0648\u0633\u067e\u0647\u0631\u0648\u062f\u06cc\u062f\u06c0 \u062f\u0648\u0631\u0627\u0646 \u0646\u062f\u06cc\u062f\u0647 \u0627\u0633\u062a<\/p>\n<p>\u0634\u0627\u0647\u0646\u0634\u0647 \u0628\u062f\u06cc\u0646 \u062d\u0634\u0645 \u0648\u0644\u0634\u0643\u0631\u0648\u0633\u067e\u0627\u0647<\/p>\n<p>\u0627\u06cc\u0646 \u062a\u062e\u062a \u0627\u06cc\u0646 \u0623\u0633\u0627\u0633 \u0648\u0627\u06cc\u0646 \u06af\u0646\u062c \u0648\u0627\u06cc\u0646 \u06af\u0647\u0631<\/p>\n<p>\u0648\u06cc\u0646 \u062a\u0627\u062c \u0648\u062a\u062e\u062a \u0648\u0627\u06cc\u0646 \u0639\u0644\u0645 \u0648\u0686\u062a\u0631\u0648\u0628\u0627\u0631\u06af\u0627\u0647<\/p>\n<p>\u0627\u06cc\u0646 \u0644\u0634\u0643\u0631\u0646\u0638\u0627\u0645 \u0643\u0647 \u0643\u0631\u0643\u0631\u062f\u0647 \u06af\u0648\u0634 \u0686\u0631\u062e<\/p>\n<p>\u0623\u0632\u0646\u0627\u0644\u06c0 \u0646\u0641\u06cc\u0631\u0628\u0647\u0631\u0634\u0627\u0645 \u0648\u0635\u0628\u062d\u06af\u0627\u0647<\/p>\n<p>\u062e\u0631\u0634\u06cc\u062f \u0633\u0627\u06cc\u0647 \u06af\u0633\u062a\u0631\u0648\u062c\u0645\u0634\u06cc\u062f \u062a\u0627\u062c\u0648\u0631<\/p>\n<p>\u062f\u0627\u0631\u0627\u064a \u0628\u0646\u062f\u0647 \u067e\u0631\u0648\u0631\u0648\u0633\u0644\u0637\u0627\u0646 \u062f\u06cc\u0646 \u067e\u0646\u0627\u0647<\/p>\n<p>\u0641\u062e\u0631\u062f\u0648\u0644 \u0645\u0644\u0627\u0630 \u0645\u0644\u0644 \u0645\u0627\u06cc\u06c0 \u0623\u0645\u0644<\/p>\n<p>\u0638\u0644 \u062e\u062f\u0627 \u0627\u0645\u0627\u0645 \u0647\u062f\u0627 \u0633\u0627\u06cc\u06c0 \u0627\u0644\u0627\u0621<\/p>\n<p>\u0645\u06cc\u06af\u0641\u062a\u0645 \u0623\u0632\u0633\u062a\u0627\u06cc\u0634 \u0627\u0648\u0634\u0645\u0651\u06c0 \u0648\u0644\u06cc<\/p>\n<p>\u06cc\u0627\u0631\u0627\u064a \u0647\u0631\u0643\u0633\u06cc \u0646\u0628\u0648\u062f \u0645\u062f\u062d \u067e\u0627\u062f\u0634\u0627\u0647<\/p>\n<p>\u0643\u064a \u062f\u0627\u0631\u062f \u0627\u062d\u062a\u06cc\u0627\u062c \u0628\u062a\u0639\u0631\u06cc\u0641 \u0686\u0648\u0646 \u0645\u0646\u06cc<\/p>\n<p>\u0628\u0633\u0637 \u062c\u0644\u0627\u0644 \u0634\u0647 \u0643\u0647 \u0632\u0645\u0627\u0647\u06cc\u0633\u062a \u062a\u0627 \u0628\u0645\u0627\u0647<\/p>\n<p>\u062e\u0648\u0627\u0647\u0645 \u06cc\u0643\u06cc \u0645\u0633\u0627\u0639\u062f\u0647 \u0627\u0632\u0637\u0628\u0639 \u062a\u0627\u062f\u0647\u0645<\/p>\n<p>\u062f\u0627\u062f \u0633\u062e\u0646 \u0628\u0645\u062f\u062d\u062a \u0648\u062f\u0633\u062a\u0648\u0631\u067e\u0627\u062f\u0634\u0627\u0647<\/p>\n<p>\u0635\u062f\u0631\u06cc \u0643\u0647 \u06af\u0631\u062a\u0644\u0627\u0641\u06cc \u0648\u0627\u0641\u06cc \u0646\u0645\u06cc\u0634\u0648\u062f<\/p>\n<p>\u062f\u0648\u0644\u062a \u062e\u0631\u0627\u0628 \u06af\u0634\u062a\u06cc \u0648\u0645\u0644\u0651\u062a \u0634\u062f\u06cc \u067e\u0646\u0627\u0647<\/p>\n<p>\u0645\u062d\u0645\u0648\u062f \u0646\u062f\u06cc\u0645 \u067e\u0627\u0634\u0627 \u0635\u062f\u0631\u06cc \u0643\u0647 \u0628\u0631\u062f\u0631\u0634<\/p>\n<p>\u0643\u0631\u062f\u0627\u0633\u062a \u0686\u0631\u062e \u0642\u0627\u0645\u062a \u062a\u0639\u0638\u06cc\u0645\u0631\u0627 \u062f\u0648\u062a\u0627<\/p>\n<p>\u06cc\u0643 \u06cc\u0643 \u0628\u062f\u0633\u062a \u0628\u0627\u0632\u0648\u062f \u0631\u0623\u06cc\u064a \u0631\u0632\u06cc\u0646 \u0628\u06cc\u0633\u062a<\/p>\n<p>\u0647\u0631\u0631\u062e\u0646\u0647 \u0643\u0647 \u06cc\u0627\u0641\u062a\u0647 \u0628\u0646\u06cc\u0627\u062f \u0645\u0644\u0643 \u0631\u0627\u0647<\/p>\n<p>\u062f\u0645 \u062f\u0631\u0643\u0634 \u0627\u064a (\u0631\u0636\u0627) \u0643\u0647 \u0646\u062f\u0627\u0631\u0646\u062f \u0646\u0633\u0628\u062a\u06cc<\/p>\n<p>\u062f\u0631\u06cc\u0627\u0624\u0642\u0637\u0631\u0647 \u0630\u0631\u0648\u062e\u0631\u0634\u06cc\u062f\u0648\u0643\u0648\u0647 \u06af\u0627\u0647<\/p>\n<p>(\u015eeyh R\u0131z\u00e2-y\u0131 T\u00e2leb\u00e2n\u00ee, Div\u00e2n, 1946:161-162)<\/p>\n<p>Sultan II. Abd\u00fclham\u00eed\u2019e ise iki T\u00fcrk\u00e7e medhiyesi mevcuttur:<\/p>\n<p>I.<\/p>\n<p>Sult\u00e2n Abd\u00fclham\u00eed<\/p>\n<p>Ser\u00eer-i saltanat-\u0131 meliku\u2019l-Y\u00fcmn-i \u00c2l-i Osmand\u0131r<\/p>\n<p>Hil\u00e2fet-i h\u00e2nedan-perverde-i Abd\u00fclham\u00eed H\u00e2nd\u0131r<\/p>\n<p>Vek\u00eel-i Fahr-i \u00c2lem z\u00fcbde-i z\u00fcrriyet-i \u00c2dem<\/p>\n<p>Em\u00eeru\u2019l-M\u00fc\u2019min\u00een Z\u0131ll-\u0131 Hud\u00e2 mahb\u00fbb-\u0131 Yezd\u00e2nd\u0131r<\/p>\n<p>Bilinmez hey\u2019et-i \u015f\u00e2h\u00e2nesi aks-i tecell\u00e2dan<\/p>\n<p>Melikdir y\u00e2 melik-i \u015f\u00e2h-\u0131 cih\u00e2n y\u00e2 m\u00e2h-\u0131 t\u00e2b\u00e2nd\u0131r<\/p>\n<p>Hired-i meyd\u00e2n \u00e2ciz akl-\u0131 k\u00fcll-i k\u00e2s\u0131r<\/p>\n<p>Reh-i end\u00ee\u015fe ba\u011fl\u0131 kuvve-i idr\u00e2ke hayrand\u0131r<\/p>\n<p>Elde k\u00e2se-i \u015fems u kamer derg\u00e2h\u0131na kar\u015f\u0131<\/p>\n<p>B\u00fck\u00fclm\u00fc\u015f s\u00e2nki gerd\u00fbn bir ged\u00e2-y\u0131 k\u00e2se-gerd\u00e2nd\u0131r<\/p>\n<p>Bas\u0131p n\u00e2f-\u0131 zem\u00eene \u2018Ar\u015fa \u00e7\u0131km\u0131\u015f taht-\u0131 icl\u00e2li<\/p>\n<p>De\u011fil b\u00e2d \u00fczre devr\u00e2n eyleyen taht-\u0131 S\u00fcleymand\u0131r<\/p>\n<p>Bulunmaz g\u00fcl\u015fen-i \u2018asr\u0131nda gamdan d\u00eede-i giry\u00e2n<\/p>\n<p>Nes\u00eem-i re\u2019fetinden g\u00fcl gibi b\u00fclb\u00fcl de hand\u00e2nd\u0131r<\/p>\n<p>O g\u00fcnden kim i\u015fitmi\u015f s\u0131yt-\u0131 \u2018adlin \u00e7arh-\u0131 d\u00fbn-perver<\/p>\n<p>Benimle etdi\u011fi cevr u cef\u00e2lardan pe\u015fim\u00e2nd\u0131r<\/p>\n<p>Yaka kurtarmak ister pen\u00e7e-i kan\u00fbn-\u0131 \u2018adlinden<\/p>\n<p>An\u0131n\u00e7un g\u00e2h yer alt\u0131nda g\u00e2h ebr i\u00e7re p\u00fcnh\u00e2nd\u0131r<\/p>\n<p>Yine \u00e7\u0131kmaz o \u015f\u00e2h\u0131n uhde-i medh u sen\u00e2s\u0131ndan<\/p>\n<p>R\u0131z\u00e2 ger fi\u2019l-Misl fenn-i suhend\u00e2n\u00eede Hass\u00e2nd\u0131r<\/p>\n<p>Hem\u00ee\u015fe t\u00e2 kamer revnak-fez\u00e2y-\u0131 t\u00e2rem-\u0131 hadr\u00e2<\/p>\n<p>Hem\u00ee\u015fe t\u00e2 Z\u00fchal \u00e2r\u00e2yi\u015f-i eyv\u00e2n-\u0131 keyv\u00e2nd\u0131r<\/p>\n<p>\u0130l\u00e2h\u00ee berkar\u00e2r olsun \u00e2fiyet \u00fczre<\/p>\n<p>V\u00fccud-\u0131 p\u00e2di\u015f\u00e2h-\u0131 \u2018asr\u0131m\u0131z kim c\u00fbd u ihs\u00e2nd\u0131r<\/p>\n<p>(\u015eeyh R\u0131z\u00e2 Taleb\u00e2n\u00ee, D\u00eev\u00e2n, 1946:210-211)<\/p>\n<p>II.<\/p>\n<p>\u0642\u0644 \u0647\u0648\u0627\u0644\u0644\u0647 \u0623\u062d\u062f \u00a0H\u0131rz-\u0131 m\u00e2h-\u0131 efserin<\/p>\n<p>Mest-i sahb\u00e2-y\u0131 \u0627\u0644\u0645 \u0646\u0634\u0631\u062d dil-i d\u00e2ni\u015fverin<\/p>\n<p>M\u00fcste\u015f\u00e2r\u0131n \u2018akl-\u0131 evvel hemdemin \u0631\u0648\u062d \u0627\u0644\u0623\u0645\u06cc\u0646<\/p>\n<p>Destg\u00eerin feyz-i akdes \u0130sm-i A\u2019zam y\u00e2verin<\/p>\n<p>T\u00e2c u taht\u0131n t\u00e2 ebed mahf\u00fbz \u0627\u0644\u0644\u0647 \u0627\u0644\u0635\u0645\u062f<\/p>\n<p>Ayetu\u2019l-Kurs\u00ee meded \u0627\u0646\u0651\u0627 \u0641\u062a\u062d\u0646\u0627 rehberin<\/p>\n<p>R\u00eezesinin \u00e2sit\u00e2n\u0131n durretu\u2019t-T\u00e2ci\u2019l-Mul\u00fbk<\/p>\n<p>Kurratu\u2019l-\u2018Ayn-\u0131 sal\u00e2t\u00een h\u00e2k-\u0131 p\u00e2y-\u0131 enverin<\/p>\n<p>Bir cih\u00e2n k\u00fcffara kar\u015f\u0131 gamze-i h\u00fbb\u00e2n gibi<\/p>\n<p>Saf \u00e7ek\u00fcb \u00e2m\u00e2de-i hic\u00e2-\u0131(?) sip\u00e2h-\u0131 safderin<\/p>\n<p>T\u00e2c u taht-\u0131 devlet-i Yunan dil-i \u00e2\u015f\u0131k gibi<\/p>\n<p>S\u00eene-\u00e7\u00e2k nahun s\u00fcmm-i semend-i askerin<\/p>\n<p>Cevher-i ferdin v\u00fccudu yok diye c\u00e2hil de\u011fil<\/p>\n<p>Nass-\u0131 k\u00e2t\u0131\u2019d\u0131r bu d\u00e2va \u00fczre nuk-i hancerin<\/p>\n<p>\u2018Ar\u015fa asma korkar\u0131m \u2018Ar\u015f\u0131 da ets\u00fcn rahned\u00e2r<\/p>\n<p>Cevher-i ferdikyan t\u00ee\u011f-i S\u00fcreyya cevherin<\/p>\n<p>H\u00fcdh\u00fcd \u015f\u00e2hid Sebe\u2019 u s\u00e2ye-i b\u00e2l-\u0131 h\u00fcma<\/p>\n<p>Yadem b\u00e2d-\u0131 sab\u00e2d\u0131r rah\u015f-\u0131 \u00e2hu-peykerin<\/p>\n<p>C\u00e2ni\u015f\u00een-i Fahr-\u0131 \u00e2lemsin \u2018aceb mi olsalar<\/p>\n<p>Hayy-\u0131 k\u00e2imle hes\u00e2b\u0131 bir gel\u00fcr Abd\u00fclham\u00eed<\/p>\n<p>Cem kulun Key bende Hak\u00e2n k\u00f6le Kisra \u00e7\u00e2kerin<\/p>\n<p>\u00c7ok devam ets\u00fcn gerek z\u00e2t-\u0131 ad\u00e2let-g\u00fcsterin<\/p>\n<p>Merhamet-k\u00e2ra S\u00fcleyman-ha\u015fmeta \u015e\u00e2hin\u015feha<\/p>\n<p>Ey R\u0131z\u00e2 leb-te\u015fne-i ihs\u00e2n-\u0131 \u00e2lem-perverin<\/p>\n<p>\u015eefkat-\u0131 millet-nev\u00e2z\u0131n sorsa kimdir bu R\u0131z\u00e2<\/p>\n<p>T\u00e2leb\u00e2n\u00ee Abdurrahman-z\u00e2de muri-yi ahkar\u0131n<\/p>\n<p>Mihr-i m\u00e2h olduk\u00e7a r\u00fbz u \u015feb t\u00e2b\u00e2n ola<\/p>\n<p>Evc-i burc-\u0131 saltanat\u0131nda \u00e2fit\u00e2b\u00ee manzar\u0131n<\/p>\n<p>(\u015eeyh R\u0131z\u00e2 Taleb\u00e2n\u00ee, D\u00eev\u00e2n, 1946:225-226)<\/p>\n<p>\u015eeyh R\u0131za Efendi \u00e7ok kere \u0130stanbul ve Kahire\u2019de bulunmu\u015ftur. Bu ziyaretleri s\u0131ras\u0131nda, Y\u0131ld\u0131z saray\u0131nda da misafir edilmi\u015f,\u00a0<span style=\"font-weight: 600;\">Sultan II. Abd\u00fclhamid<\/span>\u00a0<span style=\"font-weight: 600;\">Han<\/span>\u2019\u0131n iltifat\u0131n\u0131 g\u00f6rm\u00fc\u015ft\u00fcr. Hatta Sultan\u2019\u0131n emriyle hazineden kendisine maa\u015f da ba\u011flat\u0131lm\u0131\u015ft\u0131r. Son senelerinde Ba\u011fdat\u2019ta ikamet etmi\u015f olup, babas\u0131n\u0131n orada Muradiye Camii biti\u015fi\u011finde kurdu\u011fu tekkede postni\u015f\u00een olmu\u015ftur. 1327\/1909 tarihinde orada dizanteri hastal\u0131\u011f\u0131ndan vefat ederek \u015eeyh Abd\u00fclkadir-i Geyl\u00e2n\u00ee\u2019nin camii biti\u015fi\u011findeki hazirede defnedilmi\u015ftir. Bu s\u00fclaleden Kerk\u00fck\u2019teki Kadir\u00ee-Halis\u00ee hank\u00e2h\u0131n\u0131n son postni\u015f\u00eeni 1992\u2019de vefat eden \u015eeyh H\u00fcsamuddin el-H\u00e2lis\u00ee et-T\u00e2leb\u00e2n\u00ee idi. \u015eeyh H\u00fcsamuddin et-T\u00e2leb\u00e2n\u00ee\u2019nin o\u011flu ise Irak K\u00fcrdistan Yurtseverler Birli\u011fi ba\u015fkan\u0131 ve \u015fimdiki Irak cumhurba\u015fkan\u0131 \u00fcnl\u00fc\u00a0<span style=\"font-weight: 600;\">Cel\u00e2l et-T\u00e2leb\u00e2n\u00ee<\/span>\u2019dir. \u00a0Yine bu aileye mensup M\u00fckerrem et-T\u00e2leb\u00e2n\u00ee 1970\u2019li y\u0131llarda Irak h\u00fck\u00fcmetinde bakanl\u0131k yapm\u0131\u015f olup, Irak Kom\u00fcnist Partisi\u2019nin ileri gelenlerindendi. M\u00fckerrem et-T\u00e2leb\u00e2n\u00ee 90\u2019l\u0131 y\u0131llarda ise, \u015eeyh Osman Abd\u00fclaziz\u2019in (Vefat\u0131: 2000) \u00f6nderli\u011findeki Irak K\u00fcrdistan \u0130sl\u00e2m\u00ee Hareketi\u2019ne kat\u0131lm\u0131\u015ft\u0131r.<\/p>\n<p>(Abd\u00fclkerim el-M\u00fcderris, 1403\/1983:206, 271-72, 398-400; \u015eeyh R\u0131za T\u00e2leb\u00e2n\u00ee,\u00a0<em>Div\u00e2n<\/em>, 1946; Haydar\u00eez\u00e2de, \u0130brahim \u2013\u015eeyh\u00fclisl\u00e2m-, 1327:4-5; H\u00fcseyin Vassaf,\u00a0<em>Sef\u00eene<\/em>, 2006:1\/142, 3\/466-467; Tavakkoli, 2000:192; Bursal\u0131 Mehmed Tahir,\u00a0<em>Osmanl\u0131 M\u00fcellifleri<\/em>, 1342:30; Sad\u0131k Vicd\u00e2n\u00ee, 1995:135-143; Bruinessen, 1992:221-222; 1995:17-47; 2000:13-36; Marufo\u011flu,1998:169; Hac\u0131 Muharrem Hilm\u00ee Efendi, 1976: 49-50).<\/p>\n<p><span style=\"font-weight: 600;\">Bibliography<\/span><\/p>\n<p><span style=\"font-weight: 600;\">Abd\u00fclker\u00eem Muhammed El-M\u00fcderris<\/span>,\u00a0<span style=\"font-weight: 600;\">1403\/1983.<\/span>\u00a0\u2018Ulem\u00e2una Fi Hidmeti\u2019l-\u2018\u0130lmi Ve\u2019d-D\u00een, D\u00e2ru\u2019l-Hurriyye, Ba\u011fdat<\/p>\n<p><span style=\"font-weight: 600;\">Abd\u00fclker\u00eem Muhammed El-M\u00fcderris<\/span>,\u00a0<span style=\"font-weight: 600;\">1979-1983.\u00a0<\/span>Y\u00e2d\u00e9 Merd\u00e2n (Tezk\u00e2ru\u2019r-Ric\u00e2l-Remembering The Great Men) , Cilt. 1-2, Mecma\u2019u\u2019l-\u0130lmiyyi\u2019l-Kurd\u00ee, Ba\u011fdat (2005 y\u0131l\u0131 A\u011fustos ay\u0131nda 104 ya\u015f\u0131nda vefat eden \u015eeyh Molla Abd\u00fclkerim El-M\u00fcderris\u2019in iki b\u00fcy\u00fck ciltlik Sorani k\u00fcrt\u00e7esiyle olan bu eseri Mevlana Halid-i Ba\u011fdadi ve Nak\u015fibendi-Halidilik \u00fczerine akademik d\u00fczeyde dahi bug\u00fcne kadar yap\u0131lm\u0131\u015f en m\u00fckemmel \u00e7al\u0131\u015fmad\u0131r. B\u00f6yle bir eserin T\u00fcrk\u00e7e\u2019ye kazand\u0131r\u0131lmas\u0131 \u015fartt\u0131r.)<\/p>\n<p><span style=\"font-weight: 600;\">Albayrak, Sad\u0131k, 1996.\u00a0<\/span>Son Devir Osmanl\u0131 Ulemas\u0131, Cilt. 1-5. \u0130stanbul B\u00fcy\u00fck\u015fehir Belediyesi K\u00fclt\u00fcr \u0130\u015fleri Daire Ba\u015fkanl\u0131\u011f\u0131 Yay\u0131nlar\u0131, \u0130stanbul<\/p>\n<p><span style=\"font-weight: 600;\">Albayrak, Sad\u0131k, 1998.\u00a0<\/span>Son Devrin \u0130sl\u00e2m Akademisi\/ D\u00e2ru\u2019l-Hikmeti\u2019l-\u0130sl\u00e2miye, \u0130z Yay\u0131nc\u0131l\u0131k, \u0130stanbul<\/p>\n<p><span style=\"font-weight: 600;\">Bruinessen, Martin van<\/span>,<span style=\"font-weight: 600;\">1992.<\/span>\u00a0Agha, Shaikh and State: The Social and Political Structures of Kurdistan, Zed Books Ltd. London<\/p>\n<p><span style=\"font-weight: 600;\">Bruinessen, Martin van, 1995.<\/span>\u00a0K\u00fcrdistan \u00dczerine Yaz\u0131lar, \u00c7ev. \u0130leti\u015fim Yay\u0131nlar\u0131, 3. Bask\u0131, \u0130stanbul<\/p>\n<p><span style=\"font-weight: 600;\">Bruinessen, Martin van, 2000.<\/span>\u00a0Mullas, Sufis And Heretics: The Role Of Religion In Kurdish Society, Collected Articles, The Is\u0131s Press, Istanbul<\/p>\n<p><span style=\"font-weight: 600;\">Bursal\u0131 Mehmed Tahir Efendi,<\/span>\u00a0<span style=\"font-weight: 600;\">1342.<\/span>\u00a0Osmanl\u0131 M\u00fcellifleri, 3 Cilt, Maarif Vek\u00e2leti Ne\u015friyat\u0131, Matba\u2019a-i \u2018Amire, \u0130stanbul<\/p>\n<p><span style=\"font-weight: 600;\">Hac\u0131 Muharrem Hilm\u00ee Efendi<\/span>,\u00a0<span style=\"font-weight: 600;\">1976.<\/span>\u00a0K\u00e2dir\u00ee Yolu s\u00e2liklerinin Zikir Makamlar\u0131, Notlarla Ne\u015freden: S\u00fcleyman Ate\u015f, Pars Matbaas\u0131, Ankara<\/p>\n<p><span style=\"font-weight: 600;\">Haydar\u00eez\u00e2de, \u0130brahim Efendi (\u015eeyh\u00fclisl\u00e2m),1327\/1329.<\/span>\u00a0Ter\u00e2cim-i Ahv\u00e2l-i Sufiyye, Tasavvuf Mecmuas\u0131 \u0130\u00e7inde, No: 4-5<\/p>\n<p><span style=\"font-weight: 600;\">H\u00fcseyin Vassaf, 2006<\/span>. Sef\u00eene-i Evliy\u00e2, Cilt.1-5. Haz. Prof. Dr. Mehmet Akku\u015f- Prof. Dr. Ali Y\u0131lmaz, Kitabevi, \u0130stanbul<\/p>\n<p><span style=\"font-weight: 600;\">Marufo\u011flu, Dr. Sinan, 1998.<\/span>\u00a0Osmanl\u0131 D\u00f6neminde Kuzey Irak, Eren Yay\u0131nc\u0131l\u0131k, \u0130stanbul<\/p>\n<p><span style=\"font-weight: 600;\">S\u00e2d\u0131k Vicd\u00e2n\u00ee, 1995.<\/span>\u00a0Tarikatler Ve Silsileleri (Tom\u00e2r-\u0131 Tur\u00fbk-\u0131 \u2018Aliyye), Yay. Haz. \u0130rfan G\u00fcnd\u00fcz, Enderun Kitabevi, \u0130stanbul<\/p>\n<p><span style=\"font-weight: 600;\">\u015eeyh Abdurrahman Halis Et-T\u00e2leban\u00ee, 1284.<\/span>\u00a0Kit\u00e2bu\u2019l-Ma\u2019\u00e2rif Fi \u015eerhi Mesnev\u00ee-yi \u015eer\u00eef Ve Min Kel\u00e2mi E\u015f-\u015eeyh Abdurrahman (Fars\u00e7a-T\u00fcrk\u00e7e Gazeller), R\u0131za Efendi Basmah\u00e2nesi, Ba\u011fdat<\/p>\n<p><span style=\"font-weight: 600;\">\u015eeyh R\u0131za T\u00e2leb\u00e2n\u00ee, 1946.<\/span>\u00a0D\u00eev\u00e2n-\u0131 \u015eeyh R\u0131za-y\u0131 Taleb\u00e2n\u00ee, K\u00fcrd\u00e7e, Fars\u00e7a, T\u00fcrk\u00e7e; Ne\u015freden: Ali Et-Taleb\u00e2n\u00ee, \u00c7aph\u00e2ne-i Ma\u2019\u00e2rif, Ba\u011fd\u00e2t<\/p>\n<p><span style=\"font-weight: 600;\">Tavakkoli, Mohammad Raouf<\/span>,\u00a0<span style=\"font-weight: 600;\">2000.<\/span>\u00a0The History Of Mysticism In Kurdistan (Tar\u00eeh-i Tasavvuf Der Kurdistan), \u0130nti\u015far\u00e2t-\u0131 Tevekkuli, Tahran-\u0130ran<\/p>\n<p><span style=\"font-weight: 600;\">Haz\u0131rlayan: M\u00fcfid Y\u00fcksel<\/span><\/p>\n<p><span style=\"font-weight: 600;\">Notlar:\u00a0<\/span><\/p>\n[1] Urfal\u0131 Hac\u0131 Osman Dede\u2019nin Hac\u0131 \u00d6mer Efendi\u2019den ba\u015fka bir\u00e7ok hulefas\u0131 meyan\u0131nda H\u0131sn-\u0131 Mansurlu (Ad\u0131yamanl\u0131) Sar\u0131 \u015eeyh Mustafa Efendi adl\u0131 bir halifesi de vard\u0131r. Sar\u0131 \u015eeyh Mustafa Efendi\u2019nin halifelerinden biri de Besnili \u00fcnl\u00fc Halil Baba\u2019d\u0131r. Halil Baba ayn\u0131 zamanda Prof. Dr. Bekir Karl\u0131\u011fa\u2019n\u0131n da \u015feyhidir.<\/p>\n[2]Hac\u0131 \u00d6mer H\u00fcd\u00e2y\u00ee Baba aslen Harput\u2019un M\u00fcr\u00fc k\u00f6y\u00fcndendir. 19. y\u00fczy\u0131l\u0131n ilk \u00e7eyre\u011finde d\u00fcnyaya geldi\u011fi tahmin edilmektedir. \u00d6nceden, Nak\u015fibendi-H\u00e2lid\u00ee me\u015f\u00e2yinden ve \u015eeyh Abdullah Mekk\u00ee\u2019nin hulefas\u0131ndan Erzincanl\u0131 \u00fcnl\u00fc Hayyat Vehb\u00ee (Terzi Baba) \u2018ye ba\u011flanm\u0131\u015f, ancak ondan seyr u s\u00fclukunu tamamlayamam\u0131\u015f, Terzi Baba\u2019n\u0131n iste\u011fiyle onun halifelerinden Arapgirli \u015eeyh \u00d6mer Ruhan\u00ee Baba\u2019ya ba\u011flanarak Nak\u015fibendi-Halidi ic\u00e2zetini ondan alm\u0131\u015ft\u0131r. Bir s\u00fcre sonra, Arapgirli \u015eeyh \u00d6mer Baba, \u00d6mer H\u00fcd\u00e2y\u00ee\u2019yi K\u00e2dir\u00ee ic\u00e2zeti almas\u0131 i\u00e7in, Abdurrahman H\u00e2lis Et-T\u00e2leb\u00e2n\u00ee\u2019nin hulefas\u0131ndan Urfal\u0131 Hac\u0131 Osman Dede Efendi\u2019ye g\u00f6nderir,. Hac\u0131 Osman Dede Efendi\u2019nin yan\u0131nda karar k\u0131lan \u00d6mer H\u00fcd\u00e2y\u00ee Efendi ondan K\u00e2dir\u00ee-H\u00e2lis\u00ee ic\u00e2zetini al\u0131r. Hac\u0131 \u00d6mer H\u00fcd\u00e2y\u00ee Efendi daha sonra Harput\u2019a d\u00f6nerek K\u00f6venk k\u00f6y\u00fcnde yerle\u015fir. Bir\u00e7ok halifesi olup en ba\u015fta geleni Hac\u0131 Muharrem Hilm\u00ee Efendi\u2019dir. \u00a0Hac\u0131 \u00d6mer H\u00fcd\u00e2y\u00ee\u2019nin halifelerinden biri de, Malatyal\u0131 Mustafa Hayri Baba\u2019n\u0131n \u015feyhi K\u00fcrkl\u00fc Hac\u0131 Muhammed Baba\u2019d\u0131r. \u00d6nemli halifelerinden biri de G\u00f6ll\u00fc \u015eeyh Mustafa Efendi\u2019dir. .G\u00f6ll\u00fc \u015eeyh Mustafa Efendi\u2019nin halifesi ise Elaz\u0131\u011fl\u0131 K\u00fcrt-Zaza \u015feyhi\u00a0 Cefar Tayyar \u015ea\u015fmazd\u0131r.1323\/1907 y\u0131l\u0131nda vefat eden Hac\u0131 \u00d6mer H\u00fcd\u00e2y\u00ee Efendi\u2019nin t\u00fcrbesi halen Elaz\u0131\u011f merkeze ba\u011fl\u0131 K\u00f6venk k\u00f6y\u00fcnde bulunmaktad\u0131r.<\/p>\n[3] Hac\u0131 Muharrem Hilm\u00ee Efendi, Harput\u2019un Sar\u0131l\u0131 k\u00f6y\u00fcndendir. Hicri 1290\u2019l\u0131 y\u0131llarda burada do\u011fmu\u015ftur. Ailesi ile \u00e7e\u015fitli k\u00f6yleri dola\u015ft\u0131ktan sonra 1321\/1905 tarihinde Harput\u2019a yerle\u015fir. Arap\u00e7a \u0130slami ilimler tedris eder. Ve ic\u00e2zet al\u0131r. Tasavvuf\u2019ta Kadiri ve H\u00e2lid\u00ee me\u015fayihinden Hac\u0131 \u00d6mer Baba\u2019ya intisap edip ondan tarikat ic\u00e2zeti al\u0131r. Hac\u0131 \u00d6mer Baba Urfal\u0131 Hac\u0131 Osman Dede\u2019nin yan\u0131s\u0131ra, Nak\u015f\u00ee-H\u00e2lid\u00ee me\u015f\u00e2yihinden\u00a0 Erzincanl\u0131 \u00fcnl\u00fc Terzi Baba (Hayyat Vehb\u00ee)\u2019n\u0131n halifelerinden \u015eeyh \u00d6mer Ruh\u00e2n\u00ee Arapgir\u00ee\u2019den\u00a0 de ic\u00e2zetlidir. Hac\u0131 Muharrem Hilm\u00ee Efendi yine K\u00fcrd Nak\u015f\u00ee-Halid\u00ee me\u015f\u00e2yihinin \u00fcnl\u00fclerinden ve t\u00fcrbesi Bitlis \u015fehir merkezinde bulunan \u015eeyh Muhammed K\u00fcfrev\u00ee\u2019den de el alm\u0131\u015ft\u0131r. Hac\u0131 Muharrem Hilm\u00ee Efendi 6 \u015e\u00e2b\u00e2n 1384\/9 Aral\u0131k 1964 tarihinde Elaz\u0131\u011f\u2019da vefat etmi\u015ftir. Buradaki M\u00fcstakil t\u00fcrbesinde medfundur. M\u00fcretteb Div\u00e2n\u0131 olup, bundan ba\u015fka Mev\u2019ize-i Hilmiyye, Ezk\u00e2r-\u0131 \u0130l\u00e2hiyye Lis\u00e2liki\u2019t-Tar\u00eekati\u2019l-K\u00e2diriyye, Nak\u015fibendilik \u00dczerine Risale gibi eserleri vard\u0131r. Hac\u0131 Muharrem Hilm\u00ee Efendi Prof. Dr. S\u00fcleyman Ate\u015f\u2019in de \u015feyhidir. (Hac\u0131 Muharrem Hilm\u00ee Efendi, 1976). .<\/p>\n[4] Bu aile ile ilgili olarak Ba\u015fbakanl\u0131k Osmanl\u0131 Ar\u015fivlerinde bir hayli belge bulunmaktad\u0131r.<\/p>\n[5] \u015eeyh Abdurrahman H\u00e2lis Et-T\u00e2leb\u00e2n\u00ee\u2019nin H\u00e2lisiyye silsilesine tarikat olarak ba\u011fl\u0131 olanlardan biri de Elaz\u0131\u011f\u2019daki \u00fcnl\u00fc \u015ea\u015fmaz ailesidir. K\u00fcrt-Zaza as\u0131ll\u0131 bu ailenin \u015feyhlerinden Cafer Tayyar \u015ea\u015fmaz (1902-1973) bu silsileye ba\u011fl\u0131yd\u0131. Tarikat ic\u00e2zeti yukar\u0131da ad\u0131 ge\u00e7en \u00d6mer H\u00fcd\u00e2y\u00ee Efendinin halifelerinden G\u00f6ll\u00fc \u015eeyh Mustafa Efendi\u2019dendir.. Bu z\u00e2t\u0131n o\u011fullar\u0131ndan M. Tahir \u015ea\u015fmaz \u0130stanbul Y\u00fcksek \u0130slam Enstit\u00fcs\u00fc mezunlar\u0131ndan olup, bu\u00a0 d\u00f6nemde rahmetli pederimin de talebesi olmu\u015ftu. Aile Milliyet\u00e7i bir \u00e7izgiye kayd\u0131\u011f\u0131ndan M. Tahir \u015ea\u015fmaz 1977\u2019de MHP\u2019den Elaz\u0131\u011f Milletvekili olmu\u015ftu. 1987\u2019de ise DYP\u2019den Milletvekili se\u00e7ilmi\u015fti. Onun karde\u015fi ve yine \u0130stanbul Y\u00fcksek \u0130slam Enstit\u00fcs\u00fc mezunu olan Abd\u00fclkadir halen babas\u0131n\u0131n yerine postni\u015finlik yapmaktad\u0131r. Abd\u00fclkadir \u015ea\u015fmaz\u2019\u0131n o\u011fullar\u0131 Raci ve Necati \u015ea\u015fmaz ise g\u00fcndemde olan Kurtlar Vadisi dizi ve filminin y\u00f6netmen ve ba\u015foyuncular\u0131d\u0131r. Ailenin Kadiriyye-Halisiiye tarikat\u0131 ile olan ili\u015fkisi Kurtlar Vadisi-Irak filmine de yans\u0131m\u0131\u015ft\u0131. Filmdeki K\u00fcrt Kadir\u00ee \u015feyhinin ad\u0131n\u0131n Abdurrahman H\u00e2lis Kerk\u00fck\u00ee olmas\u0131 bu ba\u011f\u0131n filme yans\u0131mas\u0131yd\u0131.<\/p>\n[6] \u015eeyh Mustafa Safvet Efendi, K\u00fcrt as\u0131ll\u0131 olup 1282\/1866 senesinde Urfa\u2019da do\u011fmu\u015ftur. Urfal\u0131 Kemaleddin Abd\u00fclk\u00e2dir Efendi\u2019nin o\u011fludur. \u0130lk tahsilini Urfa\u2019da yapm\u0131\u015ft\u0131r. M\u0131s\u0131r-Kahire\u2019ye gidip Ezher\u2019de d\u00f6rt y\u0131l okuyarak oradan mezun olmu\u015ftur. M\u0131s\u0131r\u2019dan avdetinin akabinde s\u00e2b\u0131k Urfa m\u00fcft\u00fcs\u00fc Abd\u00fcllat\u00eef Efendi\u2019nin ders halkas\u0131na dahil olarak ondan ic\u00e2zet alm\u0131\u015ft\u0131r. Memuriyet hayat\u0131na 1318\u2019de Urfa Mekteb-i \u0130\u2019d\u00e2disinde Fars\u00e7a ve ahlak dersleri muallimli\u011fi ile ba\u015flam\u0131\u015ft\u0131r. 1324 y\u0131l\u0131nda bir ara Urfa bid\u00e2yet mahkemesi \u00e2z\u00e2l\u0131\u011f\u0131 vazifesinde de bulunmu\u015ftur. Hem ulema hem de me\u015f\u00e2yih silkine intisap etmi\u015ftir. Tarikat ic\u00e2zeti yukar\u0131da zikretti\u011fimiz \u015eeyh Ali Et-T\u00e2leb\u00e2n\u00ee\u2019dendir. 22 Te\u015frin-i 1324 Tarihinde Me\u015frutiyet meclisinde \u0130ttihad-Terakki listesinden Urfa meb\u2019usu se\u00e7ilmi\u015ftir. (Albayrak, 1996:4\/120;1998:198-199) Meb\u2019uslu\u011fu, Meclis-i Me\u015f\u00e2yih Reisli\u011fine getirildi\u011fi 21 Temmuz 1334 tarihine kadar f\u00e2s\u0131lal\u0131 olarak devam etmi\u015ftir. Bu d\u00f6nemde meb\u2019uslu\u011fu iki kez meclis feshedildi\u011finden d\u00fc\u015fm\u00fc\u015ft\u00fcr. Yine Me\u015frutiyet d\u00f6neminde (1327\/1911) senesinde yay\u0131nlad\u0131\u011f\u0131 haftal\u0131k Tasavvuf Mecmu\u00e2s\u0131 ile \u015f\u00f6hret bulmu\u015ftur. Bu mecmu\u00e2da \u00e7ok \u00f6nemli belge ve bilgiler mevcuttur. Bu mecmuan\u0131n \u015eeyh\u00fclisl\u00e2m Haydar\u00eez\u00e2de \u0130brahim Efendi ve Erbilli \u015eeyh Es\u2019ad Efendi gibi \u00fcnl\u00fc yazarlar\u0131 vard\u0131. 21 Temmuz 1334 Tarihinde ba\u015flad\u0131\u011f\u0131 Meclis-i Me\u015f\u00e2yih Reisli\u011fi vazifesinden 9 Mart 1335 Tarihinde infisal etmi\u015ftir. 12 Te\u015frin-i S\u00e2n\u00ee 1335 tarihinde Meclis-i Tedk\u00eek-i Mes\u00e2hif-i \u015eer\u00eefe\u00a0 ve M\u00fcellef\u00e2t-\u0131 \u015eer\u2019iyye reisli\u011fine t\u00e2yin edilmi\u015ftir. Fas\u0131lal\u0131 olarak s\u00fcrd\u00fcrd\u00fc\u011f\u00fc bu vazifeden ayr\u0131larak, 23 Temmuz 1338\u2019de \u015eeyh\u00fclisl\u00e2ml\u0131k b\u00fcnyesindeki D\u00e2ru\u2019l-Hikmeti\u2019l-\u0130sl\u00e2miye \u00e2z\u00e2l\u0131\u011f\u0131na getirilmi\u015ftir. Bu te\u015fkil\u00e2t\u0131n 1 Te\u015frin-i S\u00e2n\u00ee 1338 Tarihinde la\u011fvedilmesi \u00fczerine memuriyet hayat\u0131 sona erip a\u00e7\u0131kta kalm\u0131\u015ft\u0131r.TBMM h\u00fck\u00fcmeti d\u00f6neminde bu sefer Ankara\u2019ya giderek 11 A\u011fustos 1339\/1923\u2019te yine Urfa meb\u2019usu olmu\u015f, Me\u015frutiyet d\u00f6neminde kendisine bir tekke tahsis edilmedi\u011fi i\u00e7in hanedana ve me\u015f\u00e2yihe olan \u00f6fkesinden\u00a0\u00a0 hil\u00e2fetin kald\u0131r\u0131lmas\u0131nda, tekke ve z\u00e2viyelerin kapat\u0131lmas\u0131 hususunda TBMM\u2019de \u00f6nemli rol oynam\u0131\u015ft\u0131r. Hil\u00e2fetin kald\u0131r\u0131lmas\u0131 ve Osmanl\u0131 hanedan ailesinin yurt d\u0131\u015f\u0131na \u00e7\u0131kar\u0131lmas\u0131 kanunu 3 Mart 1924\u2019te \u015eeyh Safvet Efendi ve elli arkada\u015f\u0131n\u0131n teklifi ile kanunla\u015fm\u0131\u015ft\u0131r. (Albayrak, 1996:4\/121; 1998:199) Hatta bu y\u00fczden tarikat mensubu iki \u015f\u00e2ir onu hicveden \u015fu rub\u00e2\u00eeyi yazm\u0131\u015flard\u0131r:<\/p>\n<p>An\u0131 Y\u00e2 Rabbi \u00e2te\u015finde kavur<\/p>\n<p>K\u00fcl\u00fcn\u00fc \u00e2sm\u00e2n-\u0131 kahra savur<\/p>\n<p>Uyarak en \u015fen\u00ee\u2019ine k\u00fcfr\u00fcn<\/p>\n<p>\u015eeyh Safvet Efendi oldu gavur ( H\u00fcseyin Vassaf,\u00a0 Sef\u00eene, 2006:1\/142, 3\/466-467)<\/p>\n<p>Yine H\u00fcseyin Vassaf\u2019\u0131n kayd\u0131na g\u00f6re i\u015frete de m\u00fcbtel\u00e2 imi\u015f. (H\u00fcseyin Vassaf, 2006:1\/142)<\/p>\n<p>Bedi\u00fczzaman Said-i Nurs\u00ee hazretlerinin Arab\u00ee Mesnev\u00ee-i N\u00fbriye\u2019sinin (Katre) ilk bask\u0131s\u0131nda arap\u00e7a\u00a0 bir takrizi vard\u0131r.Takriz metni aynen \u015fu \u015fekildedir:<\/p>\n<p><span style=\"font-weight: 600;\">\u062a\u0642\u0631\u06cc\u0638 \u0627\u0644\u0634\u06cc\u062e \u0635\u0641\u0648\u062a \u0623\u0641\u0646\u062f\u06cc\u00a0\u00a0\u00a0\u00a0\u00a0\u00a0\u00a0\u00a0\u00a0\u00a0\u00a0\u00a0\u00a0\u00a0\u00a0\u00a0\u00a0\u00a0\u00a0\u00a0\u00a0\u00a0\u00a0\u00a0\u00a0\u00a0\u00a0\u00a0\u00a0\u00a0\u00a0\u00a0\u00a0\u00a0\u00a0\u00a0\u00a0\u00a0\u00a0\u00a0\u00a0\u00a0\u00a0\u00a0\u00a0 \u00a0<\/span><\/p>\n<p><span style=\"font-weight: 600;\">\u0631\u06c0\u06cc\u0633 \u0645\u062c\u0644\u0633 \u062a\u062f\u0642\u06cc\u0642 \u0627\u0644\u0645\u0635\u0627\u062d\u0641 \u0627\u0644\u0634\u0631\u06cc\u0641\u0629 \u0648\u0627\u0644\u0645\u0624\u0644\u0641\u0627\u062a \u0627\u0644\u0634\u0631\u0639\u06cc\u0629\u00a0\u00a0\u00a0\u00a0\u00a0\u00a0\u00a0\u00a0\u00a0\u00a0\u00a0\u00a0\u00a0\u00a0\u00a0\u00a0\u00a0\u00a0\u00a0\u00a0\u00a0\u00a0\u00a0\u00a0\u00a0\u00a0\u00a0\u00a0<\/span><span style=\"font-weight: 600;\">\u00a0<\/span><\/p>\n<p><span style=\"font-weight: 600;\">\u0628\u0633\u0645 \u0627\u0644\u0631\u062d\u0645\u0646 \u0627\u0644\u0631\u062d\u06cc\u0645\u00a0\u00a0\u00a0\u00a0\u00a0\u00a0\u00a0\u00a0\u00a0\u00a0\u00a0\u00a0\u00a0\u00a0\u00a0\u00a0\u00a0\u00a0\u00a0\u00a0\u00a0\u00a0\u00a0\u00a0\u00a0\u00a0\u00a0\u00a0\u00a0\u00a0\u00a0\u00a0\u00a0\u00a0\u00a0\u00a0\u00a0\u00a0\u00a0\u00a0\u00a0\u00a0\u00a0\u00a0\u00a0\u00a0\u00a0\u00a0\u00a0\u00a0\u00a0\u00a0 \u00a0\u00a0<\/span><\/p>\n<p><span style=\"font-weight: 600;\">\u0648 \u0628\u0647 \u062b\u0642\u062a\u064a\u00a0\u00a0\u00a0\u00a0\u00a0\u00a0\u00a0\u00a0\u00a0\u00a0\u00a0\u00a0\u00a0\u00a0\u00a0\u00a0\u00a0\u00a0\u00a0\u00a0\u00a0\u00a0\u00a0\u00a0\u00a0\u00a0\u00a0\u00a0\u00a0\u00a0\u00a0\u00a0\u00a0\u00a0\u00a0\u00a0\u00a0\u00a0\u00a0\u00a0\u00a0\u00a0\u00a0\u00a0\u00a0\u00a0\u00a0\u00a0\u00a0\u00a0\u00a0\u00a0\u00a0\u00a0\u00a0\u00a0\u00a0\u00a0\u00a0\u00a0<\/span><\/p>\n<p>\u0623\u062d\u0645\u062f \u0627\u0644\u0644\u0647 \u0633\u0628\u062d\u0627\u0646\u0647 \u0648\u0623\u0635\u0644\u064a \u0648\u0623\u0633\u0644\u0651\u0645 \u0639\u0644\u06cc \u0646\u0628\u06cc\u0651\u0647 \u0627\u0644\u0630\u06cc \u0623\u0646\u0632\u0644 \u0639\u0644\u06cc\u0647 \u0642\u0631\u0622\u0646\u0647 \u0648 \u0639\u0644\u06cc \u0622\u0644\u0647 \u0648\u0623\u0635\u062d\u0627\u0628\u0647 \u0627\u0644\u0630\u06cc\u0646 \u0634\u06cc\u0651\u062f\u0648\u0627 \u0645\u0639\u0627\u0644\u0645 \u0627\u0644\u062f\u06cc\u0646 \u0648 \u0645\u0647\u0651\u062f\u0648\u0627 \u0628\u0646\u06cc\u0627\u0646\u0647<\/p>\n<p>\u0648 \u0628\u0639\u062f. \u0641\u0642\u062f \u062a\u062c\u0644\u06cc \u0644\u0639\u06cc\u0646\u064a \u0647\u0630\u0647 \u00ab \u0627\u0644\u0642\u0637\u0631\u0629 \u0645\u0646 \u0628\u062d\u0631\u0627\u0644\u062a\u0648\u062d\u06cc\u062f \u00bb \u0641\u0631\u0623\u06cc\u062a \u0644\u0627 \u0641\u0631\u0642\u064e \u0628\u06cc\u0646\u0647\u0627 \u0648 \u0628\u06cc\u0646\u0647 \u060c \u0644\u0623\u0646\u0647\u0627 \u0623\u0638\u0647\u0631\u062a \u0648\u0623\u0641\u0627\u0636\u062a \u0641\u06cc \u062f\u06cc\u0646 \u0627\u0644\u0625\u0633\u0644\u0627\u0645\u00a0 \u0639\u06cc\u0646\u064e\u0647 \u060c \u0626\u0641\u064a \u0627\u0644\u062d\u0642\u06cc\u0642\u0629 \u0645\u0646\u0647 \u0628\u062f\u062a \u0648 \u0627\u0644\u06cc\u0647 \u062a\u0639\u0648\u062f \u060c \u0641\u0634\u064e\u0643\u0631\u064e \u0627\u0644\u0644\u0647 \u062a\u0639\u0627\u0644\u06cc \u0633\u0639\u064a\u064e \u0623\u062e\u06cc\u0646\u0627 \u0641\u064a \u0631\u0636\u0627\u0639\u0629 \u062b\u062f\u064a \u0627\u0644\u0625\u0633\u0644\u0627\u0645 \u0627\u0644\u0645\u063a\u062a\u0631\u0641 \u0645\u0646 \u0628\u062d\u0627\u0631\u0627\u0644\u062a\u0626\u062d\u06cc\u062f<\/p>\n<p>\u00ab \u0628\u062f\u06cc\u0639 \u0627\u0644\u0631\u0645\u0627\u0646 \u0627\u0644\u0639\u0644\u0627\u0645\u0629 \u0633\u0639\u06cc\u062f \u00bb \u0648\u0627\u0644\u063a\u0631\u06cc\u0628 \u0641\u064a \u0647\u0630\u0647 \u0627\u0644\u0623\u06cc\u0627\u0645 .. \u0641\u0637\u0648\u0628\u06cc \u0644\u0644\u063a\u0631\u0628\u0627\u0621 .. \u0643\u0645\u0627 \u0642\u0627\u0644 \u0639\u0644\u06cc\u0647 \u0627\u0644\u0635\u0644\u0627\u0629 \u0648\u0627\u0644\u0633\u0644\u0627\u0645 \u0648 \u0639\u0644\u06cc \u0622\u0644\u0647 \u0648\u0635\u062d\u0628\u0647 \u0623\u062c\u0645\u0639\u06cc\u0646 . \u0648\u0627\u0644\u062d\u0645\u062f \u0644\u0644\u0647 \u0631\u0628 \u0627\u0644\u0639\u0627\u0644\u0645\u06cc\u0646.<\/p>\n<p><span style=\"font-weight: 600;\">\u0627\u0644\u0641\u0642\u06cc\u0631 \u0627\u0644\u06cc\u0647 \u0633\u0628\u062d\u0627\u0646\u0647<\/span><\/p>\n<p><span style=\"font-weight: 600;\">\u062a\u0631\u0627\u0628 \u0623\u0642\u062f\u0627\u0645 \u0627\u0644\u0639\u0644\u0645\u0627\u0621<\/span><\/p>\n<p><span style=\"font-weight: 600;\">\u0635\u0641\u0648\u062a\u00a0\u00a0\u00a0\u00a0<\/span><\/p>\n<p>\u015eeyh Safvet Efendi \u015eeyh\u00fclisl\u00e2ml\u0131k b\u00fcnyesinde kurulan D\u00e2rulhikmetilisl\u00e2miyye\u2019de de Bedi\u00fczzaman\u2019la birlikte \u00e2za olmu\u015ftu. Ul\u00fbm-i \u015eer\u2019iyye Ve Asr\u00ee M\u00fcceddidlerimiz (1340), Tasavvufun Zaferleri (1343\/1924) adl\u0131 matbu iki eseri de vard\u0131r. Tasavvufun Zaferleri adl\u0131 eser \u0130zmirli \u0130smail Hakk\u0131\u2019n\u0131n Tasavvuf konusunda yazd\u0131klar\u0131na cevap niteli\u011findedir. Ne\u015fredilmi\u015f \u015fiirleri de mevcuttur\u00a0 \u015eeyh Safvet (Yetkin) Efendi, \u015eihabuddin Maktul S\u00fchreverd\u00ee\u2019nin Hey\u00e2kilu\u2019n-Nur adl\u0131 eseri ile At\u00e2ullah El-\u0130skender\u00ee\u2019nin Hikem\u2019ini ve Fahreddin Irak\u00ee\u2019nin Leme\u00e2t\u2019\u0131n\u0131 t\u00fcrk\u00e7eye terc\u00fcme etmi\u015ftir. T\u00fcm bu terc\u00fcmeler MEB yay\u0131nlar\u0131 aras\u0131nda ne\u015fredilmi\u015ftir.1927\u2019de mebusluktan ayr\u0131larak aktif siyasetten \u00e7ekilmi\u015f, 27 Ekim 1950\u2019de \u0130stanbul\u2019da tek\u00e2\u00fcden \u00f6lm\u00fc\u015ft\u00fcr. (Albayrak, 1996:4\/120-121; 1998:198-199) \u015eeyh Safvet (Yetkin) ayn\u0131 zamanda Prof. Dr. Suud Kemal Yetkin\u2019in (1903-1980) babas\u0131 ve halen hayatta olan Prof. Dr. \u00c7etin Yetkin\u2019in de dedesidir.\u00a0 Prof. \u00c7etin Yetkin\u2019in 2003 y\u0131l\u0131 Haziran\u0131nda Ankara\u2019da bize nakletti\u011fine g\u00f6re \u015eeyh Safvet Efendi hayat\u0131n\u0131n son y\u0131llar\u0131nda dindar bir tutum i\u00e7inde olup \u00e7ocuk ya\u015fta onun yan\u0131nda b\u00fcy\u00fcyen \u00c7etin Yetkin\u2019e \u0130sl\u00e2m\u2019\u0131 \u00f6\u011fretip telkin edermi\u015f.<\/p>\n[7] Mustafa Hayri Baba Malatyal\u0131 K\u00fcrt as\u0131ll\u0131 olup, Y\u00fczba\u015f\u0131 Mustafa Bey\u2019in o\u011fludur. 1311\/1895 tarihinde Malatya\u2019da do\u011fmu\u015f \u0130stanbul\u2019da R\u00fc\u015fdiye mektebi ve Harbiye\u2019de\u00a0 okumu\u015ftur. Birinci D\u00fcnya Harbi\u2019nde Medine\u2019de g\u00f6rev alm\u0131\u015ft\u0131r. Sonra Malatya\u2019ya d\u00f6nm\u00fc\u015ft\u00fcr. Bilahare Tasavvufa intisap edip, Kadir\u00ee-H\u00e2lis\u00ee me\u015f\u00e2yihinden ve ad\u0131 ge\u00e7en \u00d6mer H\u00fcday\u00ee Baba\u2019n\u0131n halifelerinden K\u00fcrkl\u00fc Hac\u0131 Muhammed Baba&#8217;ya\u00a0 ba\u011flanm\u0131\u015f ondan tarikat hil\u00e2feti alm\u0131\u015ft\u0131r. Uzun y\u0131llar \u015feyhlik yapm\u0131\u015f olup 17 Eyl\u00fcl 1979 tarihinde 84 ya\u015f\u0131nda oldu\u011fu halde \u0130stanbul-Su\u00e2diye\u2019deki evinde Hakk\u2019\u0131n rahmetine kavu\u015fmu\u015ftur. T\u00fcrbesi Trabzon Ak\u00e7aabattad\u0131r.10 kadar halifesi vard\u0131r. \u00d6nemli halifelerinden biri halen hayatta olan Abdullah Demircio\u011flu Hocad\u0131r.<\/p>\n<h5>M\u00fcfid Y\u00fcksel<\/h5>\n<p>&nbsp;<\/p>\n<p><em>Yaz\u0131 \u015eu linkten al\u0131nm\u0131\u015ft\u0131r:. Ayr\u0131nt\u0131 kaynak ve yay\u0131n linki: https:\/\/mufity.blogspot.com\/2018\/09\/kadiriyye-tarikat-halisiyye-subesi.html?m=1\u00a0<\/em><\/p>\n<p>&nbsp;<\/p>\n<p>K\u00e2diriyye&#8217;nin H\u00e2lisiyye \u015fubesinin m\u00fcessisi, \u015eeyh Abdurrahman H\u00e2lis Et-T\u00e2leb\u00e2n\u00ee El-Kerkuk\u00ee&#8217;nin (Vefat\u0131: 1275\/1858) &#8220;Kit\u00e2bu&#8217;l-Ma\u00e2rif Fi \u015eerhi Mesnevi-yi \u015eer\u00eef&#8221; adl\u0131 Mesnevi-yi \u015fer\u00eef&#8217;in ilk on sekiz beytine yazd\u0131\u011f\u0131 Fars\u00e7a manzum \u015ferhin 1284\/1867 tarihli matbu n\u00fcshas\u0131.<\/p>\n<p>K\u00e2diriyye&#8217;nin H\u00e2lisiyye \u015fubesinin m\u00fcessisi, \u015eeyh Abdurrahman H\u00e2lis Et-T\u00e2leb\u00e2n\u00ee El-Kerkuk\u00ee&#8217;nin (Vefat\u0131: 1275\/1858) &#8220;Kit\u00e2bu&#8217;l-Ma\u00e2rif Fi \u015eerhi Mesnevi-yi \u015eer\u00eef&#8221; adl\u0131 Mesnevi-yi \u015fer\u00eef&#8217;in ilk on sekiz beytine yazd\u0131\u011f\u0131 Fars\u00e7a manzum \u015ferhin yazma n\u00fcshas\u0131..<\/p>\n","protected":false},"excerpt":{"rendered":"<p>K\u00e2diriyye Tarikat\u0131 H\u00e2lisiyye \u015eubesi Silsilesi Fahr-i K\u00e2in\u00e2t Seyyidu\u2019l-Mursel\u00een Hazret-i Muhammed Mustafa (S.A.V) Hz. \u0130mam Ali Bin Eb\u00ee T\u00e2lib (R.A) Hasan El-Basr\u00ee Ebu Sa\u00eed Bin Yesar (Rh.A) \u015eeyh Hab\u00eeb El-Acem\u00ee (K.S) \u015eeyh D\u00e2vud Et-T\u00e2\u00ee (K.S) \u015eeyh Ma\u2019r\u00fbf El-Kerh\u00ee (K.S) \u015eeyh Seriyyu\u2019s-Sakat\u00ee (K.S) \u015eeyh C\u00fcneyd El-Ba\u011fd\u00e2d\u00ee (K.S) \u015eeyh Ebubekr Dulef Bin Ca\u2019fer E\u015f-\u015eibl\u00ee (K.S) \u015eeyh Ebu\u2019l-Fazl Abdulv\u00e2h\u00eed &hellip;<\/p>\n","protected":false},"author":32,"featured_media":24134,"comment_status":"open","ping_status":"open","sticky":false,"template":"","format":"standard","meta":{"footnotes":""},"categories":[1084],"tags":[1616],"class_list":["post-24133","post","type-post","status-publish","format-standard","has-post-thumbnail","","category-arastirma","tag-manset"],"_links":{"self":[{"href":"https:\/\/candname.com\/tr\/index.php?rest_route=\/wp\/v2\/posts\/24133","targetHints":{"allow":["GET"]}}],"collection":[{"href":"https:\/\/candname.com\/tr\/index.php?rest_route=\/wp\/v2\/posts"}],"about":[{"href":"https:\/\/candname.com\/tr\/index.php?rest_route=\/wp\/v2\/types\/post"}],"author":[{"embeddable":true,"href":"https:\/\/candname.com\/tr\/index.php?rest_route=\/wp\/v2\/users\/32"}],"replies":[{"embeddable":true,"href":"https:\/\/candname.com\/tr\/index.php?rest_route=%2Fwp%2Fv2%2Fcomments&post=24133"}],"version-history":[{"count":1,"href":"https:\/\/candname.com\/tr\/index.php?rest_route=\/wp\/v2\/posts\/24133\/revisions"}],"predecessor-version":[{"id":24135,"href":"https:\/\/candname.com\/tr\/index.php?rest_route=\/wp\/v2\/posts\/24133\/revisions\/24135"}],"wp:featuredmedia":[{"embeddable":true,"href":"https:\/\/candname.com\/tr\/index.php?rest_route=\/wp\/v2\/media\/24134"}],"wp:attachment":[{"href":"https:\/\/candname.com\/tr\/index.php?rest_route=%2Fwp%2Fv2%2Fmedia&parent=24133"}],"wp:term":[{"taxonomy":"category","embeddable":true,"href":"https:\/\/candname.com\/tr\/index.php?rest_route=%2Fwp%2Fv2%2Fcategories&post=24133"},{"taxonomy":"post_tag","embeddable":true,"href":"https:\/\/candname.com\/tr\/index.php?rest_route=%2Fwp%2Fv2%2Ftags&post=24133"}],"curies":[{"name":"wp","href":"https:\/\/api.w.org\/{rel}","templated":true}]}}