{"id":24095,"date":"2025-07-30T15:30:01","date_gmt":"2025-07-30T12:30:01","guid":{"rendered":"https:\/\/candname.com\/tr\/?p=24095"},"modified":"2025-07-30T15:30:01","modified_gmt":"2025-07-30T12:30:01","slug":"pir-aziz-%d9%be%db%8c%d8%b1-%d8%b9%d8%b2%db%8c%d8%b2","status":"publish","type":"post","link":"https:\/\/candname.com\/tr\/?p=24095","title":{"rendered":"P\u00eer Az\u00eez (\u067e\u06cc\u0631 \u0639\u0632\u06cc\u0632)"},"content":{"rendered":"<div class=\"x14z9mp xat24cr x1lziwak x1vvkbs xtlvy1s x126k92a\">\n<div dir=\"auto\">N\u00earib (Han\u00ee\/D\u00eeyarbekir) m\u0131nt\u0131kas\u0131nda, N\u00earib da\u011f\u0131n\u0131n \u00fczerinde Pir Aziz ziyareti var. Burada P\u00eer Aziz isimli bir zat medfun olup, halk aras\u0131nda k\u0131saca P\u00eer &#8216;Ez de de denilmektedir. Bu ziyaret \u00e7evrede \u00e7ok\u00e7a ziyaret edilen, adaklar kesilen bir yerdir.<\/div>\n<\/div>\n<div class=\"x14z9mp xat24cr x1lziwak x1vvkbs xtlvy1s x126k92a\">\n<div dir=\"auto\">P\u00eer Aziz, P\u00eeran&#8217;da (Dicle) medfun olan P\u00eer Mansur&#8217;un halifesidir. Pir Mansur 11. y\u00fczy\u0131lda K\u00fcrd devleti Mervaniler zaman\u0131nda Hakkari&#8217;den Egil&#8217;e ba\u011fl\u0131 P\u00eeran k\u00f6y\u00fcne (\u015fimdi il\u00e7e) gelmi\u015f. O d\u00f6nemde P\u00eeran-Egil taraf\u0131nda bulunan M\u0131rdas\u00ee a\u015fireti i\u00e7inde ir\u015fadda bulunmu\u015f ve bu a\u015firetin lideri olmu\u015f. Daha sonra torunlar\u0131ndan P\u00eer Bedir E\u011fil kalesi ve \u00e7evresini alarak E\u011fil-Mirdasi beyli\u011fini kurmu\u015f. (Palu ve \u00c7ermik beyleri de onlar\u0131n akrabalar\u0131d\u0131r.)<\/div>\n<\/div>\n<div class=\"x14z9mp xat24cr x1lziwak x1vvkbs xtlvy1s x126k92a\">\n<div dir=\"auto\">Pir Mansur \u015feceresine g\u00f6re; Pir Aziz, Pir Mansur&#8217;un halifelerinden biridir. Bu \u015fecere 18. y\u00fczy\u0131lda istinsah edilmi\u015f ve son \u015feklini alm\u0131\u015f. \u015eecere&#8217;de deniliyorki &#8220;Pir Aziz de kadehi \u015eeyh Mansur&#8217;un elinden i\u00e7mi\u015ftir&#8221;. Yan\u00ee Pir Aziz, Pir Mansur&#8217;dan tarikat ve hilafet alm\u0131\u015ft\u0131r. Bu \u015fecereye g\u00f6re, Pir Mansur da Tacu&#8217;l Arifin Ebu&#8217;l Vefa el-Kurd\u00ee&#8217;nin (1026-1107) halifesidir. Ebu&#8217;l Vefa da \u015eeyh Muhammed \u015eenbeki&#8217;nin halifesidir. &#8220;\u015eenbek&#8221; de bir K\u00fcrd a\u015firetidir.<\/div>\n<\/div>\n<div class=\"x14z9mp xat24cr x1lziwak x1vvkbs xtlvy1s x126k92a\">\n<div dir=\"auto\">\u015eenbekiyye, \u0130slami d\u00f6nemdeki ilk tarikatlardan biri olup, Vefaiyye onun devam\u0131 say\u0131lmaktad\u0131r. Vefaili\u011fin etkisi, Irak, K\u00fcrdistan ve Anadolu&#8217;da \u00e7oktur. Baz\u0131 K\u00fcrd Alevi ocaklar\u0131n\u0131n da da yol\/tarikat \u015fecereleri Ebu&#8217;l Vefa&#8217;ya dayanmaktad\u0131r. Vefailik yerden yere alevi veya s\u00fcnni bir karakter arz etmi\u015ftir. Zamanla baz\u0131 kollar\u0131 Bat\u0131ni-Alevi bir \u00e7izgiye evrilirken, baz\u0131s\u0131 ise S\u00fcnni bir \u00e7izgide kalm\u0131\u015ft\u0131r.<\/div>\n<\/div>\n<div class=\"x14z9mp xat24cr x1lziwak x1vvkbs xtlvy1s x126k92a\">\n<div dir=\"auto\">Ebu&#8217;l Vefa, Adiy bin Misafir (\u00cazidi \u015feyhi), Abdulkadir Geylani ve Pir Mansur&#8217;un ayn\u0131 d\u00f6nemlerde ya\u015fad\u0131klar\u0131 anla\u015f\u0131l\u0131yor.<\/div>\n<\/div>\n<div class=\"x14z9mp xat24cr x1lziwak x1vvkbs xtlvy1s x126k92a\">\n<div dir=\"auto\">Pir Aziz&#8217;in hayat\u0131 hakk\u0131nda pek bir \u015fey bilinmiyor. Halk aras\u0131nda, Pir Aziz&#8217;in ayn\u0131 zamanda bir komutan oldu\u011fu ve burada \u015fehid oldu\u011fu veya bir evliya oldu\u011fu \u015feklinde anlat\u0131mlar mevcuttur. Egil beylerinin \u015feceresinden yola \u00e7\u0131karak \u015funu diyebiliriz: Pir Aziz, Pir Mansur taraf\u0131ndan N\u00earib m\u0131nt\u0131kas\u0131nda ir\u015fad ve idare i\u00e7in g\u00f6revlendirilmi\u015f; vefat etti\u011finde de \u015fu an bulundu\u011fu yere defnedilmi\u015ftir.<\/div>\n<div dir=\"auto\"><\/div>\n<div dir=\"auto\"><strong>(Bu yaz\u0131 Bilal Zilan&#8217;\u0131n facebook sayfas\u0131ndan al\u0131nt\u0131d\u0131r.)<\/strong><\/div>\n<\/div>\n","protected":false},"excerpt":{"rendered":"<p>N\u00earib (Han\u00ee\/D\u00eeyarbekir) m\u0131nt\u0131kas\u0131nda, N\u00earib da\u011f\u0131n\u0131n \u00fczerinde Pir Aziz ziyareti var. Burada P\u00eer Aziz isimli bir zat medfun olup, halk aras\u0131nda k\u0131saca P\u00eer &#8216;Ez de de denilmektedir. Bu ziyaret \u00e7evrede \u00e7ok\u00e7a ziyaret edilen, adaklar kesilen bir yerdir. P\u00eer Aziz, P\u00eeran&#8217;da (Dicle) medfun olan P\u00eer Mansur&#8217;un halifesidir. Pir Mansur 11. y\u00fczy\u0131lda K\u00fcrd devleti Mervaniler zaman\u0131nda Hakkari&#8217;den Egil&#8217;e &hellip;<\/p>\n","protected":false},"author":32,"featured_media":24096,"comment_status":"open","ping_status":"open","sticky":false,"template":"","format":"standard","meta":{"footnotes":""},"categories":[5371],"tags":[6844,1616,6840,6841,6842,6843],"class_list":["post-24095","post","type-post","status-publish","format-standard","has-post-thumbnail","","category-alinti-yazilar","tag-ebul-vefa","tag-manset","tag-pir-aziz","tag-piran","tag-ziyaret","tag-ziyaretler"],"_links":{"self":[{"href":"https:\/\/candname.com\/tr\/index.php?rest_route=\/wp\/v2\/posts\/24095","targetHints":{"allow":["GET"]}}],"collection":[{"href":"https:\/\/candname.com\/tr\/index.php?rest_route=\/wp\/v2\/posts"}],"about":[{"href":"https:\/\/candname.com\/tr\/index.php?rest_route=\/wp\/v2\/types\/post"}],"author":[{"embeddable":true,"href":"https:\/\/candname.com\/tr\/index.php?rest_route=\/wp\/v2\/users\/32"}],"replies":[{"embeddable":true,"href":"https:\/\/candname.com\/tr\/index.php?rest_route=%2Fwp%2Fv2%2Fcomments&post=24095"}],"version-history":[{"count":1,"href":"https:\/\/candname.com\/tr\/index.php?rest_route=\/wp\/v2\/posts\/24095\/revisions"}],"predecessor-version":[{"id":24097,"href":"https:\/\/candname.com\/tr\/index.php?rest_route=\/wp\/v2\/posts\/24095\/revisions\/24097"}],"wp:featuredmedia":[{"embeddable":true,"href":"https:\/\/candname.com\/tr\/index.php?rest_route=\/wp\/v2\/media\/24096"}],"wp:attachment":[{"href":"https:\/\/candname.com\/tr\/index.php?rest_route=%2Fwp%2Fv2%2Fmedia&parent=24095"}],"wp:term":[{"taxonomy":"category","embeddable":true,"href":"https:\/\/candname.com\/tr\/index.php?rest_route=%2Fwp%2Fv2%2Fcategories&post=24095"},{"taxonomy":"post_tag","embeddable":true,"href":"https:\/\/candname.com\/tr\/index.php?rest_route=%2Fwp%2Fv2%2Ftags&post=24095"}],"curies":[{"name":"wp","href":"https:\/\/api.w.org\/{rel}","templated":true}]}}