{"id":24091,"date":"2025-07-13T12:07:55","date_gmt":"2025-07-13T09:07:55","guid":{"rendered":"https:\/\/candname.com\/tr\/?p=24091"},"modified":"2025-07-13T12:07:55","modified_gmt":"2025-07-13T09:07:55","slug":"insanlik-siyasal-toplumsal-yasam-acisindan-birkac-donemden-gecmistir","status":"publish","type":"post","link":"https:\/\/candname.com\/tr\/?p=24091","title":{"rendered":"\u0130NSANLIK, S\u0130YASAL TOPLUMSAL YA\u015eAM A\u00c7ISINDAN B\u0130RKA\u00c7 D\u00d6NEMDEN GE\u00c7M\u0130\u015eT\u0130R:"},"content":{"rendered":"<p>D\u00fcnya insanlar\u0131n\u0131n ve tarih\u00e7ilerin bak\u0131\u015f a\u00e7\u0131s\u0131yla, insanl\u0131k tarihine ve toplum ya\u015fam\u0131na bak\u0131ld\u0131\u011f\u0131nda insanl\u0131k, siyasal toplumsal ya\u015fam a\u00e7\u0131s\u0131ndan birka\u00e7 d\u00f6nemden ge\u00e7mi\u015ftir:<\/p>\n<ol>\n<li><strong>Vah\u015fet ve ilkel ya\u015fam d\u00f6nemi<\/strong><\/li>\n<li><strong>K\u00f6lelik d\u00f6nemi<\/strong><\/li>\n<li><strong>Esirlik d\u00f6nemi<\/strong><\/li>\n<li><strong>\u00dccretli i\u015f\u00e7ilik d\u00f6nemi<\/strong><\/li>\n<li><strong>M\u00fclkiyet ve \u00f6zg\u00fcrl\u00fck d\u00f6nemi<\/strong><\/li>\n<\/ol>\n<p>&nbsp;<\/p>\n<p><strong>\u0130LK D\u00d6NEM OLAN VAH\u015eET D\u00d6NEM\u0130:<\/strong> dinler ve devletler arac\u0131l\u0131\u011f\u0131yla sona erdirilmi\u015f ve yar\u0131 meden\u00ee bir d\u00f6nem ba\u015flam\u0131\u015ft\u0131r.<\/p>\n<p><strong>K\u00d6LEL\u0130K DEVR\u0130:<\/strong> Ancak bu d\u00f6nemde, g\u00fc\u00e7l\u00fc ve zeki insanlar, zay\u0131f olanlar\u0131 k\u00f6lele\u015ftirmi\u015f, onlar\u0131 neredeyse hayvan seviyesine indirmi\u015ftir.<\/p>\n<p>&nbsp;<\/p>\n<p><strong>ES\u0130RL\u0130K D\u00d6NEM\u0130:<\/strong> Zamanla bu k\u00f6leler uyanm\u0131\u015f ve \u00f6zg\u00fcrl\u00fck aray\u0131\u015f\u0131na girerek esirlik d\u00f6nemine ge\u00e7ilmi\u015ftir. Ancak h\u00e2l\u00e2 g\u00fc\u00e7l\u00fc olanlar, zay\u0131flar\u0131 ezmeye devam etmi\u015f, yani insanlar aras\u0131nda e\u015fitlik sa\u011flanamam\u0131\u015ft\u0131r.<\/p>\n<p><strong>\u00dcCRETL\u0130 \u0130\u015e\u00c7\u0130L\u0130K D\u00d6NEM\u0130 (Modern K\u00f6lelik)<\/strong>: B\u00fcy\u00fck devrimler sonucu bu d\u00f6nem de sona ermi\u015f ve \u00fccretli i\u015f\u00e7ilik d\u00f6nemi ba\u015flam\u0131\u015ft\u0131r. Bu d\u00f6nemde zenginler, yoksullar\u0131 ve i\u015f\u00e7ileri d\u00fc\u015f\u00fck \u00fccretlerle \u00e7al\u0131\u015ft\u0131rm\u0131\u015flard\u0131r. \u00d6yle ki bir sermaye sahibi hi\u00e7bir emek harcamadan bir g\u00fcnde milyonlar kazan\u0131rken, bir i\u015f\u00e7i yeralt\u0131nda madenlerde sabahtan ak\u015fama kadar \u00e7al\u0131\u015f\u0131p sadece kar\u0131n toklu\u011funa yetecek kadar bir \u00fccret alabilmi\u015ftir.<\/p>\n<p>Bu adaletsizlik, halkta b\u00fcy\u00fck bir \u00f6fke ve kin olu\u015fturmu\u015f ve zenginlere kar\u015f\u0131 isyan etmelerine neden olmu\u015ftur. Bu isyan, sosyalizm ve bol\u015feviklik gibi hareketlerle ortaya \u00e7\u0131km\u0131\u015f, \u00f6nce Rusya\u2019y\u0131 alt\u00fcst etmi\u015f ve ard\u0131ndan her yerde etkisini g\u00f6stermeye ba\u015flam\u0131\u015ft\u0131r.<\/p>\n<p>Bu hareketler, s\u0131radan halk\u0131n zenginlere kar\u015f\u0131 duydu\u011fu kin ve a\u015fa\u011f\u0131lamay\u0131 b\u00fcy\u00fctm\u00fc\u015f, onlar\u0131n sahip oldu\u011fu her t\u00fcrl\u00fc itibar\u0131 y\u0131kmak i\u00e7in halk\u0131 cesaretlendirmi\u015ftir.<\/p>\n<p><strong>Bedi\u00fczzaman Said-i Kurdi<\/strong><\/p>\n<p><strong>Mektubat Sayfa:491 Zehra Yay\u0131nc\u0131l\u0131k<\/strong><\/p>\n","protected":false},"excerpt":{"rendered":"<p>D\u00fcnya insanlar\u0131n\u0131n ve tarih\u00e7ilerin bak\u0131\u015f a\u00e7\u0131s\u0131yla, insanl\u0131k tarihine ve toplum ya\u015fam\u0131na bak\u0131ld\u0131\u011f\u0131nda insanl\u0131k, siyasal toplumsal ya\u015fam a\u00e7\u0131s\u0131ndan birka\u00e7 d\u00f6nemden ge\u00e7mi\u015ftir: Vah\u015fet ve ilkel ya\u015fam d\u00f6nemi K\u00f6lelik d\u00f6nemi Esirlik d\u00f6nemi \u00dccretli i\u015f\u00e7ilik d\u00f6nemi M\u00fclkiyet ve \u00f6zg\u00fcrl\u00fck d\u00f6nemi &nbsp; \u0130LK D\u00d6NEM OLAN VAH\u015eET D\u00d6NEM\u0130: dinler ve devletler arac\u0131l\u0131\u011f\u0131yla sona erdirilmi\u015f ve yar\u0131 meden\u00ee bir d\u00f6nem ba\u015flam\u0131\u015ft\u0131r. K\u00d6LEL\u0130K &hellip;<\/p>\n","protected":false},"author":32,"featured_media":24092,"comment_status":"open","ping_status":"open","sticky":false,"template":"","format":"standard","meta":{"footnotes":""},"categories":[65],"tags":[6835,6837,6831,6838,6832,6834,1616,6833,6115,6839,6836],"class_list":["post-24091","post","type-post","status-publish","format-standard","has-post-thumbnail","","category-forum","tag-asgari-ucretlik","tag-dinler","tag-insanlik","tag-insanlik-devri","tag-kapitalizm","tag-koleler","tag-manset","tag-sosyalizm","tag-sosyoloji","tag-toplumsal","tag-ucretlik"],"_links":{"self":[{"href":"https:\/\/candname.com\/tr\/index.php?rest_route=\/wp\/v2\/posts\/24091","targetHints":{"allow":["GET"]}}],"collection":[{"href":"https:\/\/candname.com\/tr\/index.php?rest_route=\/wp\/v2\/posts"}],"about":[{"href":"https:\/\/candname.com\/tr\/index.php?rest_route=\/wp\/v2\/types\/post"}],"author":[{"embeddable":true,"href":"https:\/\/candname.com\/tr\/index.php?rest_route=\/wp\/v2\/users\/32"}],"replies":[{"embeddable":true,"href":"https:\/\/candname.com\/tr\/index.php?rest_route=%2Fwp%2Fv2%2Fcomments&post=24091"}],"version-history":[{"count":1,"href":"https:\/\/candname.com\/tr\/index.php?rest_route=\/wp\/v2\/posts\/24091\/revisions"}],"predecessor-version":[{"id":24093,"href":"https:\/\/candname.com\/tr\/index.php?rest_route=\/wp\/v2\/posts\/24091\/revisions\/24093"}],"wp:featuredmedia":[{"embeddable":true,"href":"https:\/\/candname.com\/tr\/index.php?rest_route=\/wp\/v2\/media\/24092"}],"wp:attachment":[{"href":"https:\/\/candname.com\/tr\/index.php?rest_route=%2Fwp%2Fv2%2Fmedia&parent=24091"}],"wp:term":[{"taxonomy":"category","embeddable":true,"href":"https:\/\/candname.com\/tr\/index.php?rest_route=%2Fwp%2Fv2%2Fcategories&post=24091"},{"taxonomy":"post_tag","embeddable":true,"href":"https:\/\/candname.com\/tr\/index.php?rest_route=%2Fwp%2Fv2%2Ftags&post=24091"}],"curies":[{"name":"wp","href":"https:\/\/api.w.org\/{rel}","templated":true}]}}