{"id":24029,"date":"2025-03-30T21:46:49","date_gmt":"2025-03-30T18:46:49","guid":{"rendered":"https:\/\/candname.com\/tr\/?p=24029"},"modified":"2025-03-30T21:47:04","modified_gmt":"2025-03-30T18:47:04","slug":"musluman-kurdlerde-milliyetciligin-gelisimi","status":"publish","type":"post","link":"https:\/\/candname.com\/tr\/?p=24029","title":{"rendered":"M\u00fcsl\u00fcman K\u00fcrdlerde Milliyet\u00e7ili\u011fin Geli\u015fimi"},"content":{"rendered":"<p><em>N\u00fbbihar<\/em>\u00a0ve Zehra Vakf\u0131 16 Mart 2025\u2019te, Ba\u015fak\u015fehir\u2019de, \u0130nci D\u00fc\u011f\u00fcn Davet Salonlar\u0131nda, K\u00fcrd toplumunun her kesiminden insanlar\u0131n kat\u0131ld\u0131\u011f\u0131 bir iftar yeme\u011fi verdi. Kan\u0131mca 1000 (bin) ki\u015fiden fazla davetli vard\u0131. Bu yeme\u011fe \u0130BV Ba\u015fkan\u0131 \u0130brahim G\u00fcrb\u00fcz ve Davut \u00d6zalp\u2019la birlikte ben de kat\u0131ld\u0131m. Bug\u00fcn Basra K\u00f6rfezi\u2019nden Fas\u2019a kadar 23 Arap devleti var. Bu devletler genel olarak Arap Birli\u011fi\u2019ne \u00fcyedirler. Ayr\u0131ca, \u0130slam \u0130\u015fbirli\u011fi Konferans\u0131\u2019na \u00fcye 57 \u0130slam devleti var. Arap Birli\u011fi\u2019ne ba\u011fl\u0131 \u00fclkelerin hepsinin ayn\u0131 zamanda \u0130slam \u0130\u015fbirli\u011fi Konferans\u0131\u2019na \u00fcye olduklar\u0131 biliniyor.<\/p>\n<p>Gerek Arap Birli\u011fi\u2019ne \u00fcye devletlerin gerek \u0130slam \u0130\u015fbirli\u011fi Konferans\u0131\u2019na \u00fcye devletlerin hepsi kendi milli \u00e7\u0131karlar\u0131 do\u011frultusunda hareket ederler. Bu devletler, kendi milli \u00e7\u0131karlar\u0131n\u0131 korumak, b\u00fcy\u00fctmek i\u00e7in bazan, \u00fcmmetin birli\u011fini, gelece\u011fini hi\u00e7 d\u00fc\u015f\u00fcnmeden, Arap Birli\u011fi veya \u0130slam \u0130\u015fbirli\u011fi Konferans\u0131\u2019 kararlar\u0131na ayk\u0131r\u0131 hareket ederler. Ama bu devletler, K\u00fcrdler, herhangi bir par\u00e7ada milli haklar m\u00fccadelesine giri\u015ftikleri zaman, ayr\u0131 ayr\u0131 tepki verdikleri gibi, Arap Birli\u011fi veya \u0130slam \u0130\u015fbirli\u011fi Konferans\u0131 olarak da tepki verirler. K\u00fcrdlerin bu m\u00fccadelelerinin \u0130slam \u00fcmmetinin \u00e7\u0131karlar\u0131n\u0131 baltalad\u0131\u011f\u0131n\u0131, \u0130slam \u00fcmmetini b\u00f6ld\u00fc\u011f\u00fcn\u00fc vs. s\u00f6ylerler. Fakat K\u00fcrdlerin s\u0131k s\u0131k kar\u015f\u0131la\u015ft\u0131klar\u0131 soyk\u0131r\u0131mlar\u0131 her zaman g\u00f6rmezlikten, bilmezlikten gelirler. \u00d6rne\u011fin 16 Mart 1988\u2019de, Halep\u00e7e\u2019de kar\u015f\u0131la\u015ft\u0131klar\u0131 soyk\u0131r\u0131m konusunda Arap Birli\u011fine ba\u011fl\u0131 \u00fclkelerin hi\u00e7birinin, bu konuda Saddam H\u00fcseyin\u2019in ele\u015ftirdikleri g\u00f6r\u00fclmemi\u015ftir. Ayn\u0131 \u015fekilde, \u0130slam \u0130\u015fbirli\u011fi Konferans\u0131\u2019na \u00fcye devletlerinde bu konuda Saddam H\u00fcseyin\u2019i ele\u015ftirmedikleri, su\u00e7lamad\u0131klar\u0131 yak\u0131ndan bilinmektedir.<\/p>\n<p>Bu devletlerin, K\u00fcrdleri bask\u0131yla, zul\u00fcmle y\u00f6nettikleri de bilinmektedir. \u00d6rne\u011fin \u0130ran, her g\u00fcn hen\u00fcz yirmili ya\u015flarda olan birka\u00e7 K\u00fcrd\u00fc idam etmektedir. Bu uygulaman\u0131n sistematik oldu\u011fu da anla\u015f\u0131lmaktad\u0131r. Hen\u00fcz yirmili ya\u015flarda olan, evlenip \u00e7ocuklar\u0131 olacak olan K\u00fcrdlerin sistematik idamlar\u0131n\u0131 da bir \u00e7e\u015fit soyk\u0131r\u0131m olarak de\u011ferlendirmek gerekir. \u00c7\u00fcnk\u00fc bu \u015fekilde K\u00fcrd n\u00fcfusunun b\u00fcy\u00fcmesi, \u00e7o\u011falmas\u0131 engellenmektedir. 16 Mart 1988\u2019de, Halep\u00e7e\u2019ye zehirli gaz p\u00fcsk\u00fcrt\u00fclmesi ise tam anlam\u0131yla bir soyk\u0131r\u0131md\u0131r.<\/p>\n<p>***<\/p>\n<p>1960\u2019larda, 1970\u2019lerde ve daha sonralar\u0131, milliyet\u00e7ilik k\u00fc\u00e7\u00fcmsenirdi. Hem sol enternasyonalizm, hem sa\u011f enternasyonalizm, \u2018her t\u00fcrl\u00fc milliyet\u00e7ili\u011fe kar\u015f\u0131y\u0131z\u2019 diyerek, milliyet\u00e7ili\u011fi k\u00fc\u00e7\u00fcmserdi. Halbuki, \u00f6rne\u011fin T\u00fcrk milliyet\u00e7ili\u011fi ile K\u00fcrd milliyet\u00e7ili\u011fi aras\u0131nda \u00e7ok b\u00fcy\u00fck bir fark, da\u011flar kadar b\u00fcy\u00fck bir fark vard\u0131. T\u00fcrk milliyet\u00e7ili\u011fi asimilasyoncudur. K\u00fcrdleri ve az\u0131nl\u0131k halklar\u0131 asimile etmek T\u00fcrk milliyet\u00e7ili\u011finin \u015fa\u015fmaz bir g\u00f6revidir. Halbuki K\u00fcrd milliyet\u00e7ili\u011finin, bask\u0131-zul\u00fcm alt\u0131nda kalan, inkarla, retle, \u00e7e\u015fitli yasaklarla kar\u015f\u0131la\u015fan K\u00fcrdleri, K\u00fcrd de\u011ferlerinin g\u00fcn y\u00fcz\u00fcne \u00e7\u0131karmak gibi bir i\u00e7eri\u011fi vard\u0131r. Bug\u00fcn K\u00fcrdler aras\u0131nda K\u00fcrd milliyet\u00e7ili\u011fine daha olumlu bir yakla\u015f\u0131m var.<\/p>\n<p>Yukar\u0131da s\u00f6z\u00fcn\u00fc etti\u011fimiz iftar yeme\u011fi,<em>\u00a0N\u00fbbihar<\/em>\u00a0Dergisi \u0130mtiyaz Sahibi ve Genel Yay\u0131n Y\u00f6netmeni S\u00fcleyman \u00c7evik\u2019in K\u00fcrt\u00e7e konu\u015fmas\u0131yla ba\u015flad\u0131. S\u00fcleyman \u00c7evik, yemek gecesi Halep\u00e7e soyk\u0131r\u0131m\u0131n\u0131n y\u0131ld\u00f6n\u00fcm\u00fcne denk geldi\u011fi i\u00e7in, Halep\u00e7e\u2019de ya\u015fam\u0131n\u0131 yitirenleri anarak s\u00f6zlerine ba\u015flad\u0131. \u00c7evik, K\u00fcrdler aras\u0131nda birli\u011fin gereklili\u011fine vurgu yapt\u0131ktan sonra, K\u00fcrd dili \u00fczerinde durdu. Dilin insan bedeninin bir par\u00e7as\u0131 oldu\u011funu, kimli\u011fi olu\u015fturan, milli \u015fuuru olu\u015fturan\u0131n dil oldu\u011funu s\u00f6yledi ve dil \u00e7al\u0131\u015fmalar\u0131na, \u00f6zellikle de K\u00fcrt\u00e7e kitap basan t\u00fcm K\u00fcrt yay\u0131nevleri katk\u0131 ve destek istedi.<\/p>\n<p><em>N\u00fbbihar<\/em>\u00a0Dergisi \u0130mtiyaz Sahibi ve Genel Yay\u0131n Y\u00f6netmeni S\u00fcleyman \u00c7evik\u2019ten sonra, Zehra Vakf\u0131 y\u00f6neticisi Abdullah \u015eahin de K\u00fcrt\u00e7e yapt\u0131\u011f\u0131 konu\u015fmada Halep\u00e7e\u2019yi anarak, dilin \u00f6nemine de\u011finen bir konu\u015fma yapt\u0131. S\u00fcleyman \u00c7evik ve Abdullah \u015eahin\u2019den sonra Zehra Vakf\u0131\u2019dan yazar Muhittin Zinar da bir konu\u015fma yapt\u0131. Zinar \u015funlar\u0131 s\u00f6yledi: \u201cKainat\u0131 ve hayat\u0131 ayakta tutan d\u00fcstur yard\u0131mla\u015fma ve dayan\u0131\u015fmad\u0131r. Bu y\u00fczden \u0130lahi yasa, iyilikte ve takvada dayan\u0131\u015fmay\u0131 emrederken, k\u00f6t\u00fcl\u00fckte ve d\u00fc\u015fmanl\u0131kta yard\u0131mla\u015fmay\u0131 reddeder.\u00a0<em>N\u00fbbihar<\/em>, alemdeki bu muazzam ba\u011flant\u0131sall\u0131k yasas\u0131n\u0131n k\u00fclt\u00fcrel, toplumsal ve politik ya\u015famda esas al\u0131nmas\u0131n\u0131 sal\u0131k verir.<\/p>\n<p>Duam\u0131z, K\u00fcrt, T\u00fcrk ve Arap milletlerinin hukuki ve siyasi ili\u015fkilerinin bu anlay\u0131\u015fa uygun olarak \u015fekillenmesi ve ba\u015fkalar\u0131n\u0131 yutmakla beslenen \u0131rk\u00e7\u0131 h\u0131rslara yenik d\u00fc\u015fmemesidir.<\/p>\n<p>N\u00fbbihar, ideolojik dayatmalar yerine, \u00f6nyarg\u0131lar\u0131 beslemek yerine, ahlaki de\u011ferleri \u00f6n plana \u00e7\u0131kar\u0131r. Bu anlay\u0131\u015f\u0131n bize y\u00fckledi\u011fi g\u00f6rev ise, politik korolara e\u015flik etmekten ziyade, bar\u0131\u015f\u0131n temelinde sevginin, hedefinde ise adaletin vesilelerini \u00e7o\u011faltmakt\u0131r.\u201d<\/p>\n<p>Bu yeme\u011fe baz\u0131 ailelerin \u00e7ocuklar\u0131n\u0131 da getirmesi bence \u00e7ok iyi. Ama binden fazla davetli aras\u0131nda kad\u0131nlar\u0131n say\u0131s\u0131 azd\u0131. Bu konunu da konu\u015fulmas\u0131, tart\u0131\u015f\u0131lmas\u0131 \u00f6nemlidir, kan\u0131s\u0131nday\u0131m.<\/p>\n<p>***<\/p>\n<p><em>N\u00fbbihar<\/em>\u00a0Dergisi, Ramazanlarda her y\u0131l iftar yeme\u011fi veriyor. K\u00fcrdlerin bir araya gelmelerine, sohbet etmelerine vesile oldu\u011fu i\u00e7in bunun \u00f6nemli bir gelenek oldu\u011funu d\u00fc\u015f\u00fcn\u00fcyorum.<\/p>\n<p><strong>\u0130smail Be\u015fik\u00e7i- Kovarabir.com<\/strong><\/p>\n","protected":false},"excerpt":{"rendered":"<p>N\u00fbbihar\u00a0ve Zehra Vakf\u0131 16 Mart 2025\u2019te, Ba\u015fak\u015fehir\u2019de, \u0130nci D\u00fc\u011f\u00fcn Davet Salonlar\u0131nda, K\u00fcrd toplumunun her kesiminden insanlar\u0131n kat\u0131ld\u0131\u011f\u0131 bir iftar yeme\u011fi verdi. Kan\u0131mca 1000 (bin) ki\u015fiden fazla davetli vard\u0131. Bu yeme\u011fe \u0130BV Ba\u015fkan\u0131 \u0130brahim G\u00fcrb\u00fcz ve Davut \u00d6zalp\u2019la birlikte ben de kat\u0131ld\u0131m. Bug\u00fcn Basra K\u00f6rfezi\u2019nden Fas\u2019a kadar 23 Arap devleti var. Bu devletler genel olarak Arap &hellip;<\/p>\n","protected":false},"author":32,"featured_media":24030,"comment_status":"open","ping_status":"open","sticky":false,"template":"","format":"standard","meta":{"footnotes":""},"categories":[65],"tags":[731,6811,1616,6812,180,6813],"class_list":["post-24029","post","type-post","status-publish","format-standard","has-post-thumbnail","","category-forum","tag-islam","tag-kurt-islam","tag-manset","tag-mulliyetci-kurtler","tag-nubihar","tag-zehra-vakfi"],"_links":{"self":[{"href":"https:\/\/candname.com\/tr\/index.php?rest_route=\/wp\/v2\/posts\/24029","targetHints":{"allow":["GET"]}}],"collection":[{"href":"https:\/\/candname.com\/tr\/index.php?rest_route=\/wp\/v2\/posts"}],"about":[{"href":"https:\/\/candname.com\/tr\/index.php?rest_route=\/wp\/v2\/types\/post"}],"author":[{"embeddable":true,"href":"https:\/\/candname.com\/tr\/index.php?rest_route=\/wp\/v2\/users\/32"}],"replies":[{"embeddable":true,"href":"https:\/\/candname.com\/tr\/index.php?rest_route=%2Fwp%2Fv2%2Fcomments&post=24029"}],"version-history":[{"count":1,"href":"https:\/\/candname.com\/tr\/index.php?rest_route=\/wp\/v2\/posts\/24029\/revisions"}],"predecessor-version":[{"id":24031,"href":"https:\/\/candname.com\/tr\/index.php?rest_route=\/wp\/v2\/posts\/24029\/revisions\/24031"}],"wp:featuredmedia":[{"embeddable":true,"href":"https:\/\/candname.com\/tr\/index.php?rest_route=\/wp\/v2\/media\/24030"}],"wp:attachment":[{"href":"https:\/\/candname.com\/tr\/index.php?rest_route=%2Fwp%2Fv2%2Fmedia&parent=24029"}],"wp:term":[{"taxonomy":"category","embeddable":true,"href":"https:\/\/candname.com\/tr\/index.php?rest_route=%2Fwp%2Fv2%2Fcategories&post=24029"},{"taxonomy":"post_tag","embeddable":true,"href":"https:\/\/candname.com\/tr\/index.php?rest_route=%2Fwp%2Fv2%2Ftags&post=24029"}],"curies":[{"name":"wp","href":"https:\/\/api.w.org\/{rel}","templated":true}]}}