{"id":24019,"date":"2025-03-30T18:39:55","date_gmt":"2025-03-30T15:39:55","guid":{"rendered":"https:\/\/candname.com\/tr\/?p=24019"},"modified":"2025-03-30T20:58:02","modified_gmt":"2025-03-30T17:58:02","slug":"tarih-ve-guclu-adimlar-gecmisten-gelecege-yolculuk","status":"publish","type":"post","link":"https:\/\/candname.com\/tr\/?p=24019","title":{"rendered":"Tarih ve G\u00fc\u00e7l\u00fc Ad\u0131mlar: Ge\u00e7mi\u015ften Gelece\u011fe Yolculuk"},"content":{"rendered":"<div class=\"x11i5rnm xat24cr x1mh8g0r x1vvkbs xtlvy1s x126k92a\">\n<div dir=\"auto\">\u0130nsanl\u0131k, zaman\u0131n sonsuz d\u00f6ng\u00fcs\u00fcnde varl\u0131\u011f\u0131n\u0131 \u015fekillendiren b\u00fcy\u00fck miraslar\u0131n ta\u015f\u0131y\u0131c\u0131s\u0131d\u0131r. Her nesil, kendisinden \u00f6nce gelenlerin b\u0131rakt\u0131\u011f\u0131 izleri takip eder; kimi zaman bu izler, bir toplumun k\u00f6klerini g\u00fc\u00e7lendirirken, kimi zaman da unutulmu\u015flu\u011fun karanl\u0131klar\u0131na g\u00f6m\u00fcl\u00fcr. Ancak tarih, yaln\u0131zca ge\u00e7mi\u015fi an\u0131msamak i\u00e7in de\u011fil, ayn\u0131 zamanda gelece\u011fi in\u015fa etmek i\u00e7in vard\u0131r.<\/div>\n<div dir=\"auto\"><\/div>\n<\/div>\n<div class=\"x11i5rnm xat24cr x1mh8g0r x1vvkbs xtlvy1s x126k92a\">\n<div dir=\"auto\">Atalar\u0131m\u0131z\u0131n olu\u015fturdu\u011fu tarih, sadece bir zaman \u00e7izgisi de\u011fil, ayn\u0131 zamanda bir bilgelik aynas\u0131d\u0131r. Bu aynaya bakt\u0131k\u00e7a, ge\u00e7mi\u015fin yank\u0131lar\u0131 ruhumuzda derin izler b\u0131rak\u0131r ve bizi \u015fekillendirir. \u0130nsan, k\u00f6klerinden beslendi\u011fi \u00f6l\u00e7\u00fcde gelece\u011fe daha sa\u011flam ad\u0131mlarla y\u00fcr\u00fcyebilir. Tarih, bir milletin yaln\u0131zca an\u0131lar\u0131n\u0131 de\u011fil, ayn\u0131 zamanda kimli\u011fini ve varolu\u015funu da koruyan bir bilin\u00e7 kayna\u011f\u0131d\u0131r.<\/div>\n<div dir=\"auto\"><\/div>\n<\/div>\n<div class=\"x11i5rnm xat24cr x1mh8g0r x1vvkbs xtlvy1s x126k92a\">\n<div dir=\"auto\">Tarih ne kadar g\u00fc\u00e7l\u00fc ve k\u00f6kl\u00fc ise, onun miras\u00e7\u0131lar\u0131 da o denli sa\u011flam ve iradeli bireyler olarak ortaya \u00e7\u0131karlar. Zira ge\u00e7mi\u015f, insan\u0131n yolunu ayd\u0131nlatan bir me\u015faledir. Ge\u00e7mi\u015fini bilmeyen, onu anlamayan ve ondan ders \u00e7\u0131karmayan bir toplum, r\u00fczg\u00e2r\u0131n savurdu\u011fu kuru bir yaprak misali savrulmaya mahk\u00fbmdur. Oysa bilin\u00e7li bir zihin, tarihini yaln\u0131zca bir hik\u00e2ye olarak de\u011fil, bir \u00f6\u011freti, bir k\u0131lavuz ve bir ilham kayna\u011f\u0131 olarak g\u00f6rmelidir.<\/div>\n<div dir=\"auto\"><\/div>\n<\/div>\n<div class=\"x11i5rnm xat24cr x1mh8g0r x1vvkbs xtlvy1s x126k92a\">\n<div dir=\"auto\">\u0130nsan, tarihine ne kadar sahip \u00e7\u0131karsa, ruhu da o kadar \u00f6zg\u00fcrle\u015fir. \u00c7\u00fcnk\u00fc ge\u00e7mi\u015fin fark\u0131nda olmak, gelece\u011fi in\u015fa etmek i\u00e7in gerekli olan en g\u00fc\u00e7l\u00fc temeli olu\u015fturur. Bu nedenle tarih, yaln\u0131zca kitaplarda anlat\u0131lan olaylardan ibaret de\u011fildir; aksine, her bireyin bilin\u00e7alt\u0131nda yank\u0131lanan bir \u00e7a\u011fr\u0131d\u0131r. Bu \u00e7a\u011fr\u0131, bize ait olan\u0131 hat\u0131rlat\u0131r, sorumluluklar\u0131m\u0131z\u0131 hissettirir ve bizi daha donan\u0131ml\u0131 bireyler h\u00e2line getirir.<\/div>\n<\/div>\n<div class=\"x11i5rnm xat24cr x1mh8g0r x1vvkbs xtlvy1s x126k92a\">\n<div dir=\"auto\">Bug\u00fcn att\u0131\u011f\u0131m\u0131z her ad\u0131m, ge\u00e7mi\u015fin derin izleriyle \u015fekillenir ve gelece\u011fe uzanan bir yol olu\u015fturur. E\u011fer bu yolu, atalar\u0131m\u0131z\u0131n bilgelik dolu miras\u0131yla s\u00fcslersek, yaln\u0131zca kendi kimli\u011fimizi de\u011fil, ayn\u0131 zamanda gelecek nesillerin de varl\u0131\u011f\u0131n\u0131 g\u00fcvence alt\u0131na alm\u0131\u015f oluruz. \u00c7\u00fcnk\u00fc g\u00fc\u00e7l\u00fc bireyler, g\u00fc\u00e7l\u00fc toplumlar\u0131 do\u011furur; g\u00fc\u00e7l\u00fc toplumlar ise tarihin ak\u0131\u015f\u0131n\u0131 de\u011fi\u015ftirecek kudrete sahiptir.<\/div>\n<div dir=\"auto\"><\/div>\n<\/div>\n<div class=\"x11i5rnm xat24cr x1mh8g0r x1vvkbs xtlvy1s x126k92a\">\n<div dir=\"auto\">Unutulmamal\u0131d\u0131r ki, tarih yaln\u0131zca hat\u0131rlanmak i\u00e7in de\u011fil, ya\u015fanmak ve ya\u015fat\u0131lmak i\u00e7in vard\u0131r. Onu anlamak, \u00f6z\u00fcmsemek ve gelece\u011fe ta\u015f\u0131mak, her bilin\u00e7li insan\u0131n en b\u00fcy\u00fck sorumlulu\u011fudur. Zira bilin\u00e7, ge\u00e7mi\u015fin g\u00f6lgesinde ye\u015ferir ve gelece\u011fe \u0131\u015f\u0131k olur.<\/div>\n<div dir=\"auto\"><\/div>\n<\/div>\n<div class=\"x11i5rnm xat24cr x1mh8g0r x1vvkbs xtlvy1s x126k92a\">\n<div dir=\"auto\"><strong>Mehmet \u015eeker<\/strong><\/div>\n<\/div>\n","protected":false},"excerpt":{"rendered":"<p>\u0130nsanl\u0131k, zaman\u0131n sonsuz d\u00f6ng\u00fcs\u00fcnde varl\u0131\u011f\u0131n\u0131 \u015fekillendiren b\u00fcy\u00fck miraslar\u0131n ta\u015f\u0131y\u0131c\u0131s\u0131d\u0131r. Her nesil, kendisinden \u00f6nce gelenlerin b\u0131rakt\u0131\u011f\u0131 izleri takip eder; kimi zaman bu izler, bir toplumun k\u00f6klerini g\u00fc\u00e7lendirirken, kimi zaman da unutulmu\u015flu\u011fun karanl\u0131klar\u0131na g\u00f6m\u00fcl\u00fcr. Ancak tarih, yaln\u0131zca ge\u00e7mi\u015fi an\u0131msamak i\u00e7in de\u011fil, ayn\u0131 zamanda gelece\u011fi in\u015fa etmek i\u00e7in vard\u0131r. Atalar\u0131m\u0131z\u0131n olu\u015fturdu\u011fu tarih, sadece bir zaman \u00e7izgisi de\u011fil, ayn\u0131 &hellip;<\/p>\n","protected":false},"author":32,"featured_media":24022,"comment_status":"open","ping_status":"open","sticky":false,"template":"","format":"standard","meta":{"footnotes":""},"categories":[65],"tags":[963,117,1616,733,6806,6807],"class_list":["post-24019","post","type-post","status-publish","format-standard","has-post-thumbnail","","category-forum","tag-kurt-tarihi","tag-kurtler","tag-manset","tag-tarih","tag-tarih-bilinci","tag-tarih-suuru"],"_links":{"self":[{"href":"https:\/\/candname.com\/tr\/index.php?rest_route=\/wp\/v2\/posts\/24019","targetHints":{"allow":["GET"]}}],"collection":[{"href":"https:\/\/candname.com\/tr\/index.php?rest_route=\/wp\/v2\/posts"}],"about":[{"href":"https:\/\/candname.com\/tr\/index.php?rest_route=\/wp\/v2\/types\/post"}],"author":[{"embeddable":true,"href":"https:\/\/candname.com\/tr\/index.php?rest_route=\/wp\/v2\/users\/32"}],"replies":[{"embeddable":true,"href":"https:\/\/candname.com\/tr\/index.php?rest_route=%2Fwp%2Fv2%2Fcomments&post=24019"}],"version-history":[{"count":1,"href":"https:\/\/candname.com\/tr\/index.php?rest_route=\/wp\/v2\/posts\/24019\/revisions"}],"predecessor-version":[{"id":24021,"href":"https:\/\/candname.com\/tr\/index.php?rest_route=\/wp\/v2\/posts\/24019\/revisions\/24021"}],"wp:featuredmedia":[{"embeddable":true,"href":"https:\/\/candname.com\/tr\/index.php?rest_route=\/wp\/v2\/media\/24022"}],"wp:attachment":[{"href":"https:\/\/candname.com\/tr\/index.php?rest_route=%2Fwp%2Fv2%2Fmedia&parent=24019"}],"wp:term":[{"taxonomy":"category","embeddable":true,"href":"https:\/\/candname.com\/tr\/index.php?rest_route=%2Fwp%2Fv2%2Fcategories&post=24019"},{"taxonomy":"post_tag","embeddable":true,"href":"https:\/\/candname.com\/tr\/index.php?rest_route=%2Fwp%2Fv2%2Ftags&post=24019"}],"curies":[{"name":"wp","href":"https:\/\/api.w.org\/{rel}","templated":true}]}}