{"id":24007,"date":"2025-03-29T16:23:41","date_gmt":"2025-03-29T13:23:41","guid":{"rendered":"https:\/\/candname.com\/tr\/?p=24007"},"modified":"2025-03-29T16:23:41","modified_gmt":"2025-03-29T13:23:41","slug":"nubihar-komele-iftar-programina-buyuk-ilgi","status":"publish","type":"post","link":"https:\/\/candname.com\/tr\/?p=24007","title":{"rendered":"N\u00fbbihar Komele \u0130ftar Program\u0131na B\u00fcy\u00fck \u0130lgi"},"content":{"rendered":"<p>N\u00fbbihar E\u011fitim ve K\u00fclt\u00fcr Derne\u011fi 27 Mart Per\u015fembe g\u00fcn\u00fc Diyarbak\u0131r&#8217;da\u00a0 geni\u015f bir misafir kat\u0131l\u0131m\u0131yla\u00a0 iftar program\u0131 d\u00fczenledi. Davetliler aras\u0131nda siyasi parti il ba\u015fkanlar\u0131 Diyarbak\u0131r B\u00fcy\u00fck\u015fehir Belediyesi E\u015f ba\u015fkanlar\u0131 STK temsilcileri, Din adamlar\u0131, i\u015f insanlar\u0131, akademisyenler,\u00a0 yazarlar medya ve yay\u0131nevlerinin temsilcileri ile di\u011fer dost ve g\u00f6n\u00fclda\u015f\u00a0 \u00e7evresi vard\u0131. K\u00fcrt\u00e7e sunumlar\u0131n a\u011f\u0131rl\u0131kl\u0131\u00a0 oldu\u011fu programa geni\u015f bir katilim sa\u011fland\u0131\u00a0 ve\u00a0 b\u00fcy\u00fck bir ilgi g\u00f6rd\u00fc. Kuran-\u0131 Kerim tilaveti ile\u00a0 ba\u015flayan program\u00a0 N\u00fbbihar E\u011fitim ve K\u00fclt\u00fcr\u00a0 Derne\u011fi Ba\u015fkan\u0131 Do\u00e7.Dr. Osman Aslano\u011flu&#8217;nun selamlama , Ramazan i \u015eerifi tebri\u011fi\u00a0 ve dernek \u00e7al\u0131\u015fmalar\u0131na\u00a0 k\u0131saca de\u011findi\u011fi konu\u015fmas\u0131yla devam etti. Program iftar sonras\u0131\u00a0\u00a0 Seyda Molla Seyfettinin okudu\u011fu\u00a0 dua ile devam\u00a0 etti.\u00a0 Akabinde Zehra Vakf\u0131 temsilcilerinden Abdulkadir Kur\u015fun, program\u0131n anlam ve \u00f6nemi \u00fczerine bir konu\u015fma yapt\u0131.<\/p>\n<p><img loading=\"lazy\" decoding=\"async\" class=\"alignnone size-full wp-image-24008\" src=\"https:\/\/candname.com\/tr\/wp-content\/uploads\/2025\/03\/WhatsApp-Image-2025-03-29-at-14.55.50.jpeg\" alt=\"\" width=\"1600\" height=\"1062\" srcset=\"https:\/\/candname.com\/tr\/wp-content\/uploads\/2025\/03\/WhatsApp-Image-2025-03-29-at-14.55.50.jpeg 1600w, https:\/\/candname.com\/tr\/wp-content\/uploads\/2025\/03\/WhatsApp-Image-2025-03-29-at-14.55.50-1536x1020.jpeg 1536w, https:\/\/candname.com\/tr\/wp-content\/uploads\/2025\/03\/WhatsApp-Image-2025-03-29-at-14.55.50-310x205.jpeg 310w\" sizes=\"auto, (max-width: 1600px) 100vw, 1600px\" \/><\/p>\n<p>Zehra Vakf\u0131n temsilcilerinden Abdulkadir Kur\u015fun, Ramazan ve bir \u00f6nceki gece idrak etti\u011fimiz Kadir Gecesi\u2019ni kutlayarak ba\u015flad\u0131\u011f\u0131 konu\u015fmas\u0131nda; programda farkl\u0131 temay\u00fcllerin bir araya gelerek olu\u015fturdu\u011fu renklili\u011fi bahar\u0131n olu\u015fturdu\u011fu g\u00fclistanl\u0131\u011fa benzeterek birlik ve beraberlik a\u00e7\u0131s\u0131ndan ta\u015f\u0131d\u0131\u011f\u0131 anlam\u0131 vurgulad\u0131. Davete kat\u0131lanlar\u0131 bir g\u00fclistana benzeterek bu mekanda olu\u015fan birlik ve b\u00fct\u00fcnle\u015fmenin geni\u015f anlamda da tezah\u00fcr\u00fcn\u00fc Rahmet-i Rahmandan temenni etti.<\/p>\n<p>Kur\u015fun, N\u00fbbihar camias\u0131n\u0131n; \u0130slam milletlerinin birbirine nefret ve d\u00fc\u015fmanl\u0131k ile yabani bakan de\u011fil, yard\u0131mla\u015fma ve dayan\u0131\u015fmay\u0131 esas alan bir bak\u0131\u015f ile her milletin haklar\u0131n\u0131n mahfuz oldu\u011fu, \u00f6zg\u00fcn ve \u00f6zg\u00fcr bir b\u00fct\u00fcnl\u00fc\u011fe vurgu yapt\u0131. N\u00fbbihar \u00e7izgisinin ortak de\u011ferleri sahiplenerek \u00fclke sorunlar\u0131n\u0131n \u00f6zg\u00fcr ve demokratik zeminlerde tart\u0131\u015f\u0131lmas\u0131 gerekti\u011fini savundu\u011funu, \u00c7o\u011fulcu ve ho\u015fg\u00f6r\u00fcl\u00fc bir bak\u0131\u015f a\u00e7\u0131s\u0131n\u0131 benimsedi\u011fini, hukukun \u00fcst\u00fcnl\u00fc\u011f\u00fc ile adaletin tesisini ve tek tiple\u015ftirmeye kar\u015f\u0131 durmay\u0131 hedefledi\u011fini ve siyasi bir \u00e7izgiden ziyade sosyal alanda kalmay\u0131 tercih eden bir yap\u0131 olarak kendini konumland\u0131rd\u0131\u011f\u0131n\u0131 belirtti.<\/p>\n<p>N\u00fbbihar&#8217;\u0131n fikri boyutunun Bedi\u00fczzaman&#8217;dan ilham al\u0131nd\u0131\u011f\u0131n\u0131 ve bu m\u00fccadelesinden K\u00fcrtlerle ilgili gaye-i hayalinin icraata d\u00f6n\u00fc\u015fen M\u00fcnazarat yolculu\u011funa at\u0131fta bulunan Kur\u015fun; M\u00fcnazarat yolculu\u011funun; Cehaletten uzakla\u015farak Marifete yol a\u00e7man\u0131n ad\u0131, \u0130htilaflar\u0131n zararlar\u0131n\u0131 g\u00f6stererek ittifak ve ittihad\u0131n adresi oldu\u011funun alt\u0131n\u0131 \u00e7izdi.\u00a0 Bedi\u00fczzaman&#8217;\u0131n \u201cHukukunuzu cehaletle m\u00fcdafaa etmezseniz ehl-i hamiyeti de ba\u015f\u0131n\u0131zda m\u00fcstebid edersiniz\u201d ifadesiyle K\u00fcrtlere millet olma yolunda kimliklerine sahip \u00e7\u0131kmalar\u0131n\u0131 ve hukuklar\u0131n\u0131 korumalar\u0131n\u0131 sal\u0131k verdi\u011fini ifade eden Kur\u015fun; Asl\u0131nda m\u00fcnazarat yolculu\u011funun, Bedi\u00fczzaman\u2019\u0131n deyimiyle Medreset-\u00fcz-zehra\u2019n\u0131n \u00f6zeti oldu\u011funu,\u00a0 K\u00fcrtlerin ve Ekrad ulemas\u0131n\u0131n istikbalini temin etme \u00e7abas\u0131 ile \u0130ttihad ve Terakki manas\u0131ndaki hisselerinin ilgililerden talebi oldu\u011funu ifade etti.<\/p>\n<p>&nbsp;<\/p>\n<p>Konu\u015fmac\u0131lardan\u00a0 N\u00fbbihar Yay\u0131nevi temsilci Av. Rauf \u00c7i\u00e7ek N\u00fbbihar\u0131n \u00e7al\u0131\u015fmalar\u0131na ve hedeflerine de\u011findi.<\/p>\n<p>&nbsp;<\/p>\n<p>Program\u0131n devam\u0131nda misafirler nezaket konu\u015fmalar\u0131yla\u00a0 katk\u0131 sundular. B\u00fcy\u00fck\u015fehir Belediyesi E\u015f ba\u015fkanlar\u0131ndan Do\u011fan hatun k\u0131sa konu\u015fmas\u0131nda\u00a0 N\u00fbbihar derne\u011fini dil alan\u0131ndaki\u00a0 \u00e7al\u0131\u015fmalar\u0131na\u00a0 de\u011finerek \u00f6nemine vurgu yapt\u0131.<\/p>\n<p>&nbsp;<\/p>\n<p>Ney dinletisi, kat\u0131l\u0131mc\u0131lardan\u00a0 yazar ve \u015fair Perv\u00eez C\u00eehan\u00ee, \u015eair Berken Bereh, \u015eeyh Misbah ve Prof. Dr. Cenap Ekinci&#8217;nin \u015fiir okumalar\u0131na yer verildi.<\/p>\n<p>&nbsp;<\/p>\n<p>Program N\u00fbbihar E\u011fitim ve K\u00fclt\u00fcr Derne\u011fi g\u00f6n\u00fclda\u015flar\u0131n\u0131n , emek\u00e7ilerinin ve farkl\u0131 \u00e7evreden sevenlerinin birlikteliklerini yans\u0131tan mozai\u011fiyle iyi dilek ve temennilerle sona erdi.<\/p>\n<p><img loading=\"lazy\" decoding=\"async\" class=\"alignnone size-full wp-image-24009\" src=\"https:\/\/candname.com\/tr\/wp-content\/uploads\/2025\/03\/WhatsApp-Image-2025-03-29-at-14.54.26.jpeg\" alt=\"\" width=\"1600\" height=\"1062\" srcset=\"https:\/\/candname.com\/tr\/wp-content\/uploads\/2025\/03\/WhatsApp-Image-2025-03-29-at-14.54.26.jpeg 1600w, https:\/\/candname.com\/tr\/wp-content\/uploads\/2025\/03\/WhatsApp-Image-2025-03-29-at-14.54.26-1536x1020.jpeg 1536w, https:\/\/candname.com\/tr\/wp-content\/uploads\/2025\/03\/WhatsApp-Image-2025-03-29-at-14.54.26-310x205.jpeg 310w\" sizes=\"auto, (max-width: 1600px) 100vw, 1600px\" \/> <img loading=\"lazy\" decoding=\"async\" class=\"alignnone size-medium wp-image-24011\" src=\"https:\/\/candname.com\/tr\/wp-content\/uploads\/2025\/03\/WhatsApp-Image-2025-03-29-at-14.55.49.jpeg\" alt=\"\" width=\"1600\" height=\"1062\" srcset=\"https:\/\/candname.com\/tr\/wp-content\/uploads\/2025\/03\/WhatsApp-Image-2025-03-29-at-14.55.49.jpeg 1600w, https:\/\/candname.com\/tr\/wp-content\/uploads\/2025\/03\/WhatsApp-Image-2025-03-29-at-14.55.49-1536x1020.jpeg 1536w, https:\/\/candname.com\/tr\/wp-content\/uploads\/2025\/03\/WhatsApp-Image-2025-03-29-at-14.55.49-310x205.jpeg 310w\" sizes=\"auto, (max-width: 1600px) 100vw, 1600px\" \/> <img loading=\"lazy\" decoding=\"async\" class=\"alignnone size-medium wp-image-24013\" src=\"https:\/\/candname.com\/tr\/wp-content\/uploads\/2025\/03\/WhatsApp-Image-2025-03-29-at-14.56.21.jpeg\" alt=\"\" width=\"1600\" height=\"1062\" srcset=\"https:\/\/candname.com\/tr\/wp-content\/uploads\/2025\/03\/WhatsApp-Image-2025-03-29-at-14.56.21.jpeg 1600w, https:\/\/candname.com\/tr\/wp-content\/uploads\/2025\/03\/WhatsApp-Image-2025-03-29-at-14.56.21-1536x1020.jpeg 1536w, https:\/\/candname.com\/tr\/wp-content\/uploads\/2025\/03\/WhatsApp-Image-2025-03-29-at-14.56.21-310x205.jpeg 310w\" sizes=\"auto, (max-width: 1600px) 100vw, 1600px\" \/> <img loading=\"lazy\" decoding=\"async\" class=\"alignnone size-medium wp-image-24014\" src=\"https:\/\/candname.com\/tr\/wp-content\/uploads\/2025\/03\/WhatsApp-Image-2025-03-29-at-14.56.51.jpeg\" alt=\"\" width=\"1600\" height=\"1062\" srcset=\"https:\/\/candname.com\/tr\/wp-content\/uploads\/2025\/03\/WhatsApp-Image-2025-03-29-at-14.56.51.jpeg 1600w, https:\/\/candname.com\/tr\/wp-content\/uploads\/2025\/03\/WhatsApp-Image-2025-03-29-at-14.56.51-1536x1020.jpeg 1536w, https:\/\/candname.com\/tr\/wp-content\/uploads\/2025\/03\/WhatsApp-Image-2025-03-29-at-14.56.51-310x205.jpeg 310w\" sizes=\"auto, (max-width: 1600px) 100vw, 1600px\" \/> <img loading=\"lazy\" decoding=\"async\" class=\"alignnone size-medium wp-image-24015\" src=\"https:\/\/candname.com\/tr\/wp-content\/uploads\/2025\/03\/WhatsApp-Image-2025-03-29-at-14.57.27.jpeg\" alt=\"\" width=\"1600\" height=\"1062\" srcset=\"https:\/\/candname.com\/tr\/wp-content\/uploads\/2025\/03\/WhatsApp-Image-2025-03-29-at-14.57.27.jpeg 1600w, https:\/\/candname.com\/tr\/wp-content\/uploads\/2025\/03\/WhatsApp-Image-2025-03-29-at-14.57.27-1536x1020.jpeg 1536w, https:\/\/candname.com\/tr\/wp-content\/uploads\/2025\/03\/WhatsApp-Image-2025-03-29-at-14.57.27-310x205.jpeg 310w\" sizes=\"auto, (max-width: 1600px) 100vw, 1600px\" \/><\/p>\n<p><img loading=\"lazy\" decoding=\"async\" class=\"alignnone size-full wp-image-24016\" src=\"https:\/\/candname.com\/tr\/wp-content\/uploads\/2025\/03\/WhatsApp-Image-2025-03-29-at-14.55.02-rotated.jpeg\" alt=\"\" width=\"1062\" height=\"1600\" srcset=\"https:\/\/candname.com\/tr\/wp-content\/uploads\/2025\/03\/WhatsApp-Image-2025-03-29-at-14.55.02-rotated.jpeg 1062w, https:\/\/candname.com\/tr\/wp-content\/uploads\/2025\/03\/WhatsApp-Image-2025-03-29-at-14.55.02-1020x1536.jpeg 1020w\" sizes=\"auto, (max-width: 1062px) 100vw, 1062px\" \/><\/p>\n<p><strong>\u00c7andname<\/strong><\/p>\n","protected":false},"excerpt":{"rendered":"<p>N\u00fbbihar E\u011fitim ve K\u00fclt\u00fcr Derne\u011fi 27 Mart Per\u015fembe g\u00fcn\u00fc Diyarbak\u0131r&#8217;da\u00a0 geni\u015f bir misafir kat\u0131l\u0131m\u0131yla\u00a0 iftar program\u0131 d\u00fczenledi. Davetliler aras\u0131nda siyasi parti il ba\u015fkanlar\u0131 Diyarbak\u0131r B\u00fcy\u00fck\u015fehir Belediyesi E\u015f ba\u015fkanlar\u0131 STK temsilcileri, Din adamlar\u0131, i\u015f insanlar\u0131, akademisyenler,\u00a0 yazarlar medya ve yay\u0131nevlerinin temsilcileri ile di\u011fer dost ve g\u00f6n\u00fclda\u015f\u00a0 \u00e7evresi vard\u0131. K\u00fcrt\u00e7e sunumlar\u0131n a\u011f\u0131rl\u0131kl\u0131\u00a0 oldu\u011fu programa geni\u015f bir katilim &hellip;<\/p>\n","protected":false},"author":32,"featured_media":24017,"comment_status":"open","ping_status":"open","sticky":false,"template":"","format":"standard","meta":{"footnotes":""},"categories":[3],"tags":[396,5365,573,6804,3939,183,2596,4983,1616,5457,6805],"class_list":["post-24007","post","type-post","status-publish","format-standard","has-post-thumbnail","","category-haber","tag-amed","tag-dernek","tag-diyarbakir","tag-diyarbbakir","tag-diyarbekir","tag-komele","tag-komeleya-nubihar","tag-kovara-nubihare","tag-manset","tag-nubihar-dernegi","tag-ramazan-iftari"],"_links":{"self":[{"href":"https:\/\/candname.com\/tr\/index.php?rest_route=\/wp\/v2\/posts\/24007","targetHints":{"allow":["GET"]}}],"collection":[{"href":"https:\/\/candname.com\/tr\/index.php?rest_route=\/wp\/v2\/posts"}],"about":[{"href":"https:\/\/candname.com\/tr\/index.php?rest_route=\/wp\/v2\/types\/post"}],"author":[{"embeddable":true,"href":"https:\/\/candname.com\/tr\/index.php?rest_route=\/wp\/v2\/users\/32"}],"replies":[{"embeddable":true,"href":"https:\/\/candname.com\/tr\/index.php?rest_route=%2Fwp%2Fv2%2Fcomments&post=24007"}],"version-history":[{"count":1,"href":"https:\/\/candname.com\/tr\/index.php?rest_route=\/wp\/v2\/posts\/24007\/revisions"}],"predecessor-version":[{"id":24018,"href":"https:\/\/candname.com\/tr\/index.php?rest_route=\/wp\/v2\/posts\/24007\/revisions\/24018"}],"wp:featuredmedia":[{"embeddable":true,"href":"https:\/\/candname.com\/tr\/index.php?rest_route=\/wp\/v2\/media\/24017"}],"wp:attachment":[{"href":"https:\/\/candname.com\/tr\/index.php?rest_route=%2Fwp%2Fv2%2Fmedia&parent=24007"}],"wp:term":[{"taxonomy":"category","embeddable":true,"href":"https:\/\/candname.com\/tr\/index.php?rest_route=%2Fwp%2Fv2%2Fcategories&post=24007"},{"taxonomy":"post_tag","embeddable":true,"href":"https:\/\/candname.com\/tr\/index.php?rest_route=%2Fwp%2Fv2%2Ftags&post=24007"}],"curies":[{"name":"wp","href":"https:\/\/api.w.org\/{rel}","templated":true}]}}