{"id":23948,"date":"2025-02-17T13:03:52","date_gmt":"2025-02-17T10:03:52","guid":{"rendered":"https:\/\/candname.com\/tr\/?p=23948"},"modified":"2025-02-17T13:03:52","modified_gmt":"2025-02-17T10:03:52","slug":"said-nursiden-abdulhamide-kurdistanda-boyle-egitim-verin","status":"publish","type":"post","link":"https:\/\/candname.com\/tr\/?p=23948","title":{"rendered":"Said Nursi&#8217;den Abd\u00fclhamid&#8217;e: K\u00fcrdistan&#8217;da b\u00f6yle e\u011fitim verin"},"content":{"rendered":"<p>Ara\u015ft\u0131rmac\u0131-yazar M\u00fcfid Y\u00fcksel <strong>&#8220;Bedi\u00fczzaman&#8217;\u0131n K\u00fcrdistan&#8217;da Yeni Medrese (Medresetuzzehr\u00e2) A\u00e7mak \u0130\u00e7in Y\u0131ld\u0131z saray\u0131na Sundu\u011fu Layiha&#8221;<\/strong>y\u0131 yay\u0131nlad\u0131.<\/p>\n<p>Y\u00fcksel, Bedi\u00fczzaman Hazretlerinin 1907 y\u0131l\u0131nda haz\u0131rlad\u0131\u011f\u0131 layihay\u0131 (tasar\u0131-\u00f6neri) <strong>Sultan II. Abd\u00fclhamid&#8217;e sunulmak \u00fczere<\/strong> Y\u0131ld\u0131z Saray\u0131nda Mabeyne arzetti\u011fini ifade etti. Y\u00fcksel, ayn\u0131 layihan\u0131n <strong>19 Kas\u0131m1908<\/strong>\/23 \u015eevval 1326 tarihinde <strong>&#8220;\u015eark Ve K\u00fcrdistan\u201d<\/strong> gazetesinde de <strong>\u201cK\u00fcrtler Neye Muhta\u00e7t\u0131r\u201d<\/strong> ba\u015fl\u0131\u011f\u0131 ile yay\u0131nland\u0131\u011f\u0131n\u0131 a\u00e7\u0131klad\u0131.<\/p>\n<h3><strong>Din ve fen ilimlerinin\u00a0beraber \u00f6\u011fretildi\u011fi medreseler<\/strong><\/h3>\n<p>Layihada Bedi\u00fczzaman Hazretleri Beyt\u00fc\u015f\u015feb\u00e2b, Motk\u00e2n, Balek\u00e2n, Sason, Sipk\u00e2n ve Haydaran&#8217;da din ve fen ilimlerinin\u00a0beraber \u00f6\u011fretildi\u011fi medreselerin a\u00e7\u0131lmas\u0131n\u0131 istiyor.<\/p>\n<p>Layiha \u015f\u00f6yle:<\/p>\n<p><img loading=\"lazy\" decoding=\"async\" class=\"aligncenter\" title=\"layiha.jpg\" src=\"https:\/\/www.risalehaber.com\/d\/other\/layiha.jpg\" alt=\"layiha.jpg\" width=\"304\" height=\"1027\" \/><strong>\u201cMillet-i Osmaniyye mey\u00e2n\u0131nda<\/strong> m\u00fchim bir unsur te\u015fkil eden K\u00fcrdistan ah\u00e2lisinin ahv\u00e2li h\u00fck\u00fcmet\u00e7e m\u00e2lum ise de, hizmet-i ilmiyye-i mukaddeseye d\u00e2ir b\u00e2z\u0131 mut\u00e2leb\u00e2t\u0131 arzetme\u011fe m\u00fcsa\u00e2de dilerim.<\/p>\n<h3><strong>Evl\u00e2d-\u0131 ekr\u00e2d(K\u00fcrd evladlar\u0131) ma\u00e2rifden mahrum kalmakta<\/strong><\/h3>\n<p>\u015eu cih\u00e2n-\u0131 medeniyette ve \u015fu asr-\u0131 terakki ve m\u00fcsabakatta s\u00e2ir ihv\u00e2n gibi yek-\u00e2heng-i terakki olmak i\u00e7\u00fcn himmet-i h\u00fck\u00fcmetle <strong>K\u00fcrdist\u00e2n\u2019\u0131n kasaba ve kuras\u0131nda<\/strong> mek\u00e2tib tesis ve in\u015f\u00e2 buyurulmu\u015f oldu\u011funu ayn-\u0131 \u015f\u00fckranla me\u015fh\u00fbd ise de bundan <strong>yaln\u0131z lis\u00e2n-\u0131 T\u00fcrki\u2019ye \u00e2\u015fina etf\u00e2l istif\u00e2de ediyor.<\/strong><\/p>\n<p>Lisana \u00e2\u015fina olmayan <strong>evl\u00e2d-\u0131 ekr\u00e2d<\/strong> yaln\u0131z med\u00e2ris-i ilmiyyeyi ma\u2019den-i kem\u00e2l\u00e2t bilmeleri ve mek\u00e2tib muallimlerinin lis\u00e2n-\u0131 mahalliye adem-i vukuflar\u0131 cihetiyle ma\u00e2rifden mahrum kalmaktad\u0131r. Bu ise, <strong>vah\u015feti, ke\u015fmeke\u015fi,<\/strong> dolay\u0131s\u0131yle garb\u0131n \u015fematat\u0131n\u0131 da\u2019vet ediyor. Hem de ah\u00e2linin vah\u015fet ve tek\u00e2y\u00fcd-i h\u00e2l-i ibtid\u00e2\u00eesinde kalmalar\u0131 cihetleriyle evh\u00e2m ve me\u015fk\u00fbk\u00fcn te\u2019s\u00eer\u00e2t\u0131na hedef oluyor.<\/p>\n<p>Eskiden beri her bir ve\u00e7hile ekr\u00e2d\u0131n m\u00e2dununda bulunanlar bug\u00fcn <strong>onlar\u0131n h\u00e2l-i tavakkufda kalmalar\u0131ndan istif\u00e2de ediliyor\u00a0<\/strong>ise ehl-i hamiyyeti d\u00fc\u015f\u00fcnd\u00fcr\u00fcr. Bu \u00fc\u00e7 nokta m\u00fcstakbelde bir darbe-i m\u00fcdhi\u015fe haz\u0131rl\u0131yor gibi ehl-ibas\u00eereti da\u011fd\u00e2r etmi\u015ftir.<\/p>\n<h3><strong>\u0130\u015fte \u00e7are<\/strong><\/h3>\n<p>Bunu \u00e7aresi, numune-i ems\u00e2l ve sebeb-i te\u015fvik ve ter\u011f\u00eeb olmak i\u00e7\u00fcn K\u00fcrdistan\u2019\u0131n nokat-\u0131 muhtelifesinden biri, Art\u00fb\u015f a\u015f\u00e2yiri merkezi olan Beyt\u00fc\u015f\u015feb\u00e2b cihetinde, di\u011feri, Motk\u00e2n, Balek\u00e2n, Sason vasat\u0131ndan, biri de Sipk\u00e2n ve Haydaran vasat\u0131nda olan nefs-i van\u2019da Medrese n\u00e2m-\u0131 me\u2019l\u00fbfuyla <strong>Ul\u00fbm-i Diniyye ve f\u00fcn\u00fbn-\u0131 l\u00e2zime<\/strong> ile beraber hi\u00e7 olmazsa elli\u015fer talebe bulunmak ve oraca med\u00e2r-\u0131 mai\u015fetleri h\u00fck\u00fcmet-i seniyyece tesviye edilmek \u00fczere \u00fc\u00e7 D\u00e2rutta\u2019l\u00eem tesis edilmelidir.<\/p>\n<p>Baz\u0131 med\u00e2risin dahi ihy\u00e2s\u0131 maddi ve m\u00e2nevi K\u00fcrdistan\u2019\u0131n hay\u00e2t-\u0131 istikb\u00e2liyesini temin eder esb\u00e2b-\u0131 m\u00fchimmedendir. Bununla ma\u00e2rifin temeli teess\u00fcs eder. Ve bu mebde-i teess\u00fcsten ittihad takarr\u00fcr edecek.<\/p>\n<p><strong>\u0130htil\u00e2f-\u0131 d\u00e2hil\u00eeden<\/strong> dolay\u0131 mahv olan kuvve-i cismiyyeyi h\u00fck\u00fcmetin eline vermekle h\u00e2rice sarfettirmek i\u00e7in hakk\u0131yla m\u00fcstehakk-\u0131 ad\u00e2let ve k\u00e2bil-i medeniyet olduklar\u0131 gibi cevher-i f\u0131triyyelerini g\u00f6stereceklerdir.<\/p>\n<p><strong>Molla Said-i Me\u015fh\u00fbr<\/strong><\/p>\n<p><strong>\u201cBunun \u00e7are-i yeg\u00e2nesi:<\/strong> A\u015firet, alayl\u0131l\u0131k ve askerlik b\u00e2b-\u0131 \u00e2lisiyle mek\u00e2tib ve ma\u00e2rifi i\u00e7lerine idh\u00e2l ve ma\u2019den-i sa\u00e2detleri olan med\u00e2ris-i m\u00fcnderiseyi ihy\u00e2 ile, ul\u00fbm-i diniyye ile beraber f\u00fcn\u00fbn-i l\u00e2zime-i medeniyyeyi K\u00fcrd ulem\u00e2s\u0131 tedris etmektir.\u201d (K\u00fcrtler Neye Muhta\u00e7? 3 Te\u015frin-i Sani 1324, K\u00fcrd Te\u00e2v\u00fcn Ve Terakk\u00ee Gazetesi, Say\u0131 2, Sahife, 13)<\/p>\n<p><strong>Risale Haber<\/strong><\/p>\n","protected":false},"excerpt":{"rendered":"<p>Ara\u015ft\u0131rmac\u0131-yazar M\u00fcfid Y\u00fcksel &#8220;Bedi\u00fczzaman&#8217;\u0131n K\u00fcrdistan&#8217;da Yeni Medrese (Medresetuzzehr\u00e2) A\u00e7mak \u0130\u00e7in Y\u0131ld\u0131z saray\u0131na Sundu\u011fu Layiha&#8221;y\u0131 yay\u0131nlad\u0131. Y\u00fcksel, Bedi\u00fczzaman Hazretlerinin 1907 y\u0131l\u0131nda haz\u0131rlad\u0131\u011f\u0131 layihay\u0131 (tasar\u0131-\u00f6neri) Sultan II. Abd\u00fclhamid&#8217;e sunulmak \u00fczere Y\u0131ld\u0131z Saray\u0131nda Mabeyne arzetti\u011fini ifade etti. Y\u00fcksel, ayn\u0131 layihan\u0131n 19 Kas\u0131m1908\/23 \u015eevval 1326 tarihinde &#8220;\u015eark Ve K\u00fcrdistan\u201d gazetesinde de \u201cK\u00fcrtler Neye Muhta\u00e7t\u0131r\u201d ba\u015fl\u0131\u011f\u0131 ile yay\u0131nland\u0131\u011f\u0131n\u0131 a\u00e7\u0131klad\u0131. Din &hellip;<\/p>\n","protected":false},"author":32,"featured_media":23949,"comment_status":"open","ping_status":"open","sticky":false,"template":"","format":"standard","meta":{"footnotes":""},"categories":[23],"tags":[5577,5496,1616,6139,6779,907,903],"class_list":["post-23948","post","type-post","status-publish","format-standard","has-post-thumbnail","","category-egitim","tag-abdulhamit","tag-kurtce-egitim","tag-manset","tag-medresetuzzehra","tag-mola-said","tag-risale","tag-said-nursi"],"_links":{"self":[{"href":"https:\/\/candname.com\/tr\/index.php?rest_route=\/wp\/v2\/posts\/23948","targetHints":{"allow":["GET"]}}],"collection":[{"href":"https:\/\/candname.com\/tr\/index.php?rest_route=\/wp\/v2\/posts"}],"about":[{"href":"https:\/\/candname.com\/tr\/index.php?rest_route=\/wp\/v2\/types\/post"}],"author":[{"embeddable":true,"href":"https:\/\/candname.com\/tr\/index.php?rest_route=\/wp\/v2\/users\/32"}],"replies":[{"embeddable":true,"href":"https:\/\/candname.com\/tr\/index.php?rest_route=%2Fwp%2Fv2%2Fcomments&post=23948"}],"version-history":[{"count":1,"href":"https:\/\/candname.com\/tr\/index.php?rest_route=\/wp\/v2\/posts\/23948\/revisions"}],"predecessor-version":[{"id":23950,"href":"https:\/\/candname.com\/tr\/index.php?rest_route=\/wp\/v2\/posts\/23948\/revisions\/23950"}],"wp:featuredmedia":[{"embeddable":true,"href":"https:\/\/candname.com\/tr\/index.php?rest_route=\/wp\/v2\/media\/23949"}],"wp:attachment":[{"href":"https:\/\/candname.com\/tr\/index.php?rest_route=%2Fwp%2Fv2%2Fmedia&parent=23948"}],"wp:term":[{"taxonomy":"category","embeddable":true,"href":"https:\/\/candname.com\/tr\/index.php?rest_route=%2Fwp%2Fv2%2Fcategories&post=23948"},{"taxonomy":"post_tag","embeddable":true,"href":"https:\/\/candname.com\/tr\/index.php?rest_route=%2Fwp%2Fv2%2Ftags&post=23948"}],"curies":[{"name":"wp","href":"https:\/\/api.w.org\/{rel}","templated":true}]}}