{"id":23932,"date":"2025-02-11T19:04:17","date_gmt":"2025-02-11T16:04:17","guid":{"rendered":"https:\/\/candname.com\/tr\/?p=23932"},"modified":"2025-02-11T19:04:17","modified_gmt":"2025-02-11T16:04:17","slug":"kurdler-hakkinda-kamuran-ali-bedirhan","status":"publish","type":"post","link":"https:\/\/candname.com\/tr\/?p=23932","title":{"rendered":"K\u00fcrdler Hakk\u0131nda &#8211; Kamuran \u00c2li Bedirhan"},"content":{"rendered":"<p>Birbirini takip eden 10\u2019u ge\u00e7en makalemiz \u015fu anda \u00e7evremizde laz\u0131m gelen etkisi, genel tesiri icra edemedi.<\/p>\n<p>K\u00fcrdistan\u2019\u0131n Osmanl\u0131 devlet ve unsurlar\u0131 aras\u0131nda gelecek hayat\u0131m\u0131z \u00fczerinde ifa edece\u011fi pek m\u00fchim vazifeler maalesef hen\u00fcz takdir edilemiyor.<\/p>\n<p>K\u00fcrdistan, Osmanl\u0131 devletinin ikbal ve istikbali \u00fcst\u00fcnde m\u00fchim bir rol oynama\u011fa namzettir.<\/p>\n<p>Tarihi benli\u011fi, arazisi, n\u00fcfusu, tabiat hazineleri, kar\u00e2btesi, edebiyat\u0131, tabii duygular\u0131 uzun uzad\u0131ya izah edilen K\u00fcrdistan ve K\u00fcrdler hakk\u0131nda acaba nas\u0131l kanaatlerin etkisiyle hen\u00fcz memleketimiz hassas ve hareketlenme i\u00e7inde bulunmuyor.<\/p>\n<p>Memleketimiz, hayat ve kaderini ayd\u0131nlatma, istikmal ve tesbit ile u\u011fra\u015fan g\u00fcnl\u00fck gazetelerin ba\u015f yazarlar\u0131n\u0131 bu m\u00fchim ve hayati melse ile u\u011fra\u015fma\u011fa davet etmi\u015ftik. K\u00fcrd\u00fc savunmak, t\u00fcrk\u00fc ve Osmanl\u0131 devletinin menfaatlerini m\u00fcdafaa etmektir kanaat\u0131 bir genel kanaat \u015feklindedir. Fakat ne kadar esef vericidir ki davet etme \u00e7\u0131\u011fl\u0131\u011f\u0131m\u0131z uzuyor, yorum ve izaha kar\u015f\u0131 bir s\u00fckut, garip bir sessizlikle mukabele ediliyor.<\/p>\n<p>Hakikat\u0131, hakk\u0131, do\u011fru ve faydal\u0131y\u0131 zararl\u0131 ve faydas\u0131zdan ay\u0131rmaya muktedir, cidden muktedir bir bas\u0131n heyetine malik oldu\u011fumuza inan\u0131yorduk ve bu inan\u00e7, bu iman bizi teselli ediyordu.<\/p>\n<p>Fakat ne kadar utan\u0131lacak bir durumdur ki yan\u0131ld\u0131\u011f\u0131m\u0131z, hem de pek ac\u0131 bir suretle yan\u0131ld\u0131\u011f\u0131m\u0131z\u0131 anl\u0131yoruz.<\/p>\n<p>Baz\u0131 istisnalar\u0131 dikkate almazsak, ferdi ve siyasi ihtiraslar, faydas\u0131z bir heyecan seli, \u00e7orak vadilere akan sular\u0131n akibeti gibi y\u00fcce bas\u0131n kuvveti d\u00fc\u015f\u00fck, faydas\u0131z ve belki k\u0131smen zararl\u0131 ve neticesiz bir duruma giriyor.<\/p>\n<p>S\u00f6yleyiniz, ba\u011f\u0131r\u0131n\u0131z fakat kime? Yatan kalplerde \u00e7\u0131kan bu m\u00fcthi\u015f \u00e7\u0131\u011fl\u0131\u011fa tahamm\u00fcl edecek kulak nerede? Herkes ba\u015f\u0131n\u0131 \u00e7eviriyor, \u00e7\u00fcnk\u00fc ra\u011fbet edilen bir emelsiz ve amelsiz vaktinin katili, kolay ve \u00e7al\u0131\u015fmadan bir \u00e7\u0131rp\u0131n\u0131\u015f var.<\/p>\n<p>Bu \u015fiddetli dili kullanmak selahiyetini acaba kimden al\u0131yoruz? Bunu bize sormak isteyenlere cevab\u0131m\u0131z gayet a\u00e7\u0131kt\u0131r.<\/p>\n<p>Y\u00fczlerce seneden beri ezilen bir milletin vicdan\u0131ndan K\u00fcrdistan ve K\u00fcrdler ne oluyor? Osmanl\u0131 devletinin bu pek g\u00fczide unsuru nas\u0131l bir \u015fekil alt\u0131nda milli inki\u015faf\u0131 istihsal edecek.<\/p>\n<p>K\u00fcrdistan vilayetlerinde ya\u015fayan bu mert, necip, kan\u0131 ve ruhu temiz millet, Osmanl\u0131 devletine ilhak oldu\u011fundan beri asla d\u00fc\u015fmedi.<\/p>\n<p>\u015eimdi o m\u00fcthi\u015f faciadan ta s\u0131n\u0131rl\u0131 ma\u011fduriyetlerden sonra Bab-\u0131 Ali K\u00fcrdistan\u2019\u0131n ve K\u00fcrdlerin hayat\u0131n\u0131 bu m\u00fchim, nazik ve pek esasl\u0131 dakikada kimlere emanet ediyor. H\u00fck\u00fcmetin iyi niyetinden eminiz ve siyasi basiretine inanmak istiyoruz.<\/p>\n<p>Fakat bu inanc\u0131 takviye edecek mucizeler veya hi\u00e7 olmazsa tezah\u00fcrat, bu \u015fifa veren ila\u00e7lar nerede?<\/p>\n<p>Ruhumuzun yaralar\u0131nda o \u015fifa veren ila\u00e7lara kar\u015f\u0131 \u00f6lmez ve s\u00f6nmez bir ate\u015f var.<\/p>\n<p>\u0130kinci bir noktaya da i\u015faret etmek isterim. Yap\u0131lacak te\u015febb\u00fcslere \u00e7al\u0131\u015fkan bir ruhla kat\u0131l\u0131m g\u00f6sterilmelidir.<\/p>\n<p>Kararlar verildikten, esaslar \u00e7\u00f6z\u00fcld\u00fckten, genel sorunlar bir umumi fas\u0131la tabi olduktan sonra, yap\u0131lacak te\u015febb\u00fcslerin neticesi bo\u015ftur, hi\u00e7tir, faydas\u0131zd\u0131r.<\/p>\n<p>Bu f\u0131rsat\u0131 de\u011ferlendirmek telafi edilmeyecek bir zayiat olur. Tarih sayfalar\u0131n\u0131n aras\u0131nda bile isim ve h\u00fcviyeti unutulan milletler kuvvetini toparlay\u0131p hayat bulurken, g\u00fczide K\u00fcrd unsurunu m\u00fcstakbel etkin mevkiye y\u00fcceltme\u011fe ni\u00e7in hen\u00fcz te\u015febb\u00fcs edilmiyor?<\/p>\n<p>Anadolu\u2019nun yatan g\u00f6n\u00fclleri, K\u00fcrdistan\u2019\u0131n yak\u0131lan kalpleri ayn\u0131 s\u00f6z\u00fc ve \u00f6z\u00fc terenn\u00fcm ediyor.<\/p>\n<p>Fakat hala ayd\u0131nlar\u0131n kulaklar\u0131 t\u0131kal\u0131, ge\u00e7mi\u015f h\u00fck\u00fcmet ile haz\u0131r h\u00fck\u00fcmetin hi\u00e7bir zaman k\u0131yaslanmas\u0131 kabil olmamakla beraber ihtimal haricinde deli d\u00fc\u015f\u00fcncelere sar\u0131lmakla hatal\u0131 idi. Gelen h\u00fck\u00fcmet hen\u00fcz me\u015fru gayelere hayat, kuvvet ve kudret bah\u015fetmek f\u0131rsat\u0131n\u0131 \u00fcretememekle m\u00fcteesirdir.<\/p>\n<p>K\u0131sacas\u0131 ya\u015famak kabiliyetine malik, ya\u015famak ve ya\u015fatmak kudretine sahip bir K\u00fcrdistan var.<\/p>\n<p>\u00d6yle bir K\u00fcrdistan ki ruhlar\u0131 birlik, birle\u015fmek a\u015fk\u0131yla yatan K\u00fcrdlerle dolu.<\/p>\n<p>Bu milletin nabz\u0131 yoklan\u0131rsa orada daha as\u0131rlarca durmay\u0131p vuracak bir kuvvet ve ha\u015fmet var.<\/p>\n<p>K\u00fcrd\u00fc kurtar\u0131n\u0131z! Bu gayeyi takviye ediniz! K\u00fcrd ya\u015fayacak ve ya\u015fatacakt\u0131r.<\/p>\n<p>Kaynak: Se\u00eed VEROJ,\u00a0<em>Du Biray\u00ean Bedirxan\u00ee: Celadet \u00fb Kemiran Bedirxan (1913-1923),\u00a0<\/em>We\u015fan\u00ean Dara, 2018<\/p>\n<p><strong>Kovara B\u00eer<\/strong><\/p>\n","protected":false},"excerpt":{"rendered":"<p>Birbirini takip eden 10\u2019u ge\u00e7en makalemiz \u015fu anda \u00e7evremizde laz\u0131m gelen etkisi, genel tesiri icra edemedi. K\u00fcrdistan\u2019\u0131n Osmanl\u0131 devlet ve unsurlar\u0131 aras\u0131nda gelecek hayat\u0131m\u0131z \u00fczerinde ifa edece\u011fi pek m\u00fchim vazifeler maalesef hen\u00fcz takdir edilemiyor. K\u00fcrdistan, Osmanl\u0131 devletinin ikbal ve istikbali \u00fcst\u00fcnde m\u00fchim bir rol oynama\u011fa namzettir. Tarihi benli\u011fi, arazisi, n\u00fcfusu, tabiat hazineleri, kar\u00e2btesi, edebiyat\u0131, tabii &hellip;<\/p>\n","protected":false},"author":32,"featured_media":23933,"comment_status":"open","ping_status":"open","sticky":false,"template":"","format":"standard","meta":{"footnotes":""},"categories":[65],"tags":[6300,1616],"class_list":["post-23932","post","type-post","status-publish","format-standard","has-post-thumbnail","","category-forum","tag-makale","tag-manset"],"_links":{"self":[{"href":"https:\/\/candname.com\/tr\/index.php?rest_route=\/wp\/v2\/posts\/23932","targetHints":{"allow":["GET"]}}],"collection":[{"href":"https:\/\/candname.com\/tr\/index.php?rest_route=\/wp\/v2\/posts"}],"about":[{"href":"https:\/\/candname.com\/tr\/index.php?rest_route=\/wp\/v2\/types\/post"}],"author":[{"embeddable":true,"href":"https:\/\/candname.com\/tr\/index.php?rest_route=\/wp\/v2\/users\/32"}],"replies":[{"embeddable":true,"href":"https:\/\/candname.com\/tr\/index.php?rest_route=%2Fwp%2Fv2%2Fcomments&post=23932"}],"version-history":[{"count":1,"href":"https:\/\/candname.com\/tr\/index.php?rest_route=\/wp\/v2\/posts\/23932\/revisions"}],"predecessor-version":[{"id":23934,"href":"https:\/\/candname.com\/tr\/index.php?rest_route=\/wp\/v2\/posts\/23932\/revisions\/23934"}],"wp:featuredmedia":[{"embeddable":true,"href":"https:\/\/candname.com\/tr\/index.php?rest_route=\/wp\/v2\/media\/23933"}],"wp:attachment":[{"href":"https:\/\/candname.com\/tr\/index.php?rest_route=%2Fwp%2Fv2%2Fmedia&parent=23932"}],"wp:term":[{"taxonomy":"category","embeddable":true,"href":"https:\/\/candname.com\/tr\/index.php?rest_route=%2Fwp%2Fv2%2Fcategories&post=23932"},{"taxonomy":"post_tag","embeddable":true,"href":"https:\/\/candname.com\/tr\/index.php?rest_route=%2Fwp%2Fv2%2Ftags&post=23932"}],"curies":[{"name":"wp","href":"https:\/\/api.w.org\/{rel}","templated":true}]}}