{"id":23903,"date":"2025-01-18T17:36:56","date_gmt":"2025-01-18T14:36:56","guid":{"rendered":"https:\/\/candname.com\/tr\/?p=23903"},"modified":"2025-01-18T18:57:30","modified_gmt":"2025-01-18T15:57:30","slug":"kara-at-hespe-res","status":"publish","type":"post","link":"https:\/\/candname.com\/tr\/?p=23903","title":{"rendered":"Kara At (Hesp\u00ea Re\u015f)"},"content":{"rendered":"<p><span style=\"color: #000000;\">1 Hey Cuma g\u00fcn\u00fc<\/span><\/p>\n<p><span style=\"font-weight: 400; color: #000000;\">Muhammed ses verdi<\/span><\/p>\n<p><span style=\"font-weight: 400; color: #000000;\">Kim ki at\u0131 getirse<\/span><\/p>\n<p>&nbsp;<\/p>\n<p><span style=\"font-weight: 400; color: #000000;\">Culd\u2019\u00fc benden alacak<\/span><\/p>\n<p>&nbsp;<\/p>\n<p><span style=\"color: #000000;\">5 Ashab divan\u0131ndan dedi<\/span><\/p>\n<p><span style=\"font-weight: 400; color: #000000;\">\u0130yiler vard\u0131 ve k\u00f6t\u00fcler vard\u0131<\/span><\/p>\n<p><span style=\"font-weight: 400; color: #000000;\">kimse vermedi cevab\u0131<\/span><\/p>\n<p>&nbsp;<\/p>\n<p><span style=\"color: #000000;\">10 \u00d6mer bin Hattab\u2019tan ba\u015fkas\u0131\u00a0<\/span><\/p>\n<p><span style=\"font-weight: 400; color: #000000;\">\u00d6ld\u00fcrm\u00fc\u015f anas\u0131n\u0131 babas\u0131n\u0131<\/span><\/p>\n<p><span style=\"font-weight: 400; color: #000000;\">Ki ne hayr\u0131 var ona ne sevab\u0131<\/span><\/p>\n<p>&nbsp;<\/p>\n<p><span style=\"font-weight: 400; color: #000000;\">\u00d6mer ki a\u00e7\u0131lan g\u00fcl gibi<\/span><\/p>\n<p>&nbsp;<\/p>\n<p><span style=\"font-weight: 400; color: #000000;\">Kalkt\u0131 seher vaktinden\u00a0<\/span><\/p>\n<p><span style=\"font-weight: 400; color: #000000;\">\u00a0<\/span><\/p>\n<p><span style=\"font-weight: 400; color: #000000;\">Dar bir vadiye gitmi\u015fti<\/span><\/p>\n<p><span style=\"font-weight: 400; color: #000000;\">Etti\u011fi zikir sesliydi<\/span><\/p>\n<p><span style=\"color: #000000;\">15 O freng olan i\u00e7indi<\/span><\/p>\n<p>&nbsp;<\/p>\n<p><span style=\"font-weight: 400; color: #000000;\">\u00d6mer ovaya do\u011fru gitti<\/span><\/p>\n<p>&nbsp;<\/p>\n<p><span style=\"font-weight: 400; color: #000000;\">Gitti \u00e7\u00f6l ve \u00e7\u00f6llere do\u011fru<\/span><\/p>\n<p><span style=\"font-weight: 400; color: #000000;\">Ova ve ovalara do\u011fru<\/span><\/p>\n<p>&nbsp;<\/p>\n<p><span style=\"font-weight: 400; color: #000000;\">Derin bir vadiye gitmi\u015fti<\/span><\/p>\n<p><span style=\"color: #000000;\">20 Derin derin zikir etmi\u015fti<\/span><\/p>\n<p><span style=\"font-weight: 400; color: #000000;\">O Gafur olan i\u00e7in etmi\u015fti<\/span><\/p>\n<p>&nbsp;<\/p>\n<p><span style=\"font-weight: 400; color: #000000;\">\u00d6mer a\u00e7\u0131lan g\u00fcld\u00fc<\/span><\/p>\n<p>&nbsp;<\/p>\n<p><span style=\"font-weight: 400; color: #000000;\">Kalt\u0131 seher vaktine<\/span><\/p>\n<p><span style=\"font-weight: 400; color: #000000;\">Bak\u0131m yapt\u0131 at\u0131na<\/span><\/p>\n<p><span style=\"color: #000000;\">25 Z\u00fclfikar\u2019\u0131 ald\u0131 eline<\/span><\/p>\n<p>&nbsp;<\/p>\n<p><span style=\"font-weight: 400; color: #000000;\">\u00d6mer bindi<\/span><\/p>\n<p>&nbsp;<\/p>\n<p><span style=\"font-weight: 400; color: #000000;\">D\u00fcz bir vadiye varm\u0131\u015ft\u0131<\/span><\/p>\n<p><span style=\"font-weight: 400; color: #000000;\">A\u011f\u0131r a\u011f\u0131r zikir yapm\u0131\u015ft\u0131<\/span><\/p>\n<p><span style=\"font-weight: 400; color: #000000;\">Mevlas\u0131 i\u00e7in dua etmi\u015fti<\/span><\/p>\n<p>&nbsp;<\/p>\n<p><span style=\"color: #000000;\">30 \u00d6mer a\u00e7\u0131lan g\u00fcld\u00fc<\/span><\/p>\n<p>&nbsp;<\/p>\n<p><span style=\"font-weight: 400; color: #000000;\">Kalkt\u0131\u011f\u0131nda seherdi<\/span><\/p>\n<p><span style=\"font-weight: 400; color: #000000;\">Ovaya do\u011fru y\u00f6neldi<\/span><\/p>\n<p>&nbsp;<\/p>\n<p><span style=\"font-weight: 400; color: #000000;\">\u00c7\u00f6l ve \u00e7\u00f6ller d\u00fc\u015ft\u00fc<\/span><\/p>\n<p><span style=\"font-weight: 400; color: #000000;\">Ova ve ovalara y\u00f6neldi<\/span><\/p>\n<p><span style=\"color: #000000;\">35 O rahibe misafirdi<\/span><\/p>\n<p>&nbsp;<\/p>\n<p><span style=\"font-weight: 400; color: #000000;\">Hey misafir demi\u015fti<\/span><\/p>\n<p><span style=\"font-weight: 400; color: #000000;\">\u00d6ne do\u011fru buyurun etmi\u015fti\u00a0<\/span><\/p>\n<p><span style=\"font-weight: 400; color: #000000;\">Senin i\u00e7in yapt\u0131\u011f\u0131m tefti\u015fti<\/span><\/p>\n<p>&nbsp;<\/p>\n<p><span style=\"font-weight: 400; color: #000000;\">G\u00f6r\u00fcyorsun geldim sana<\/span><\/p>\n<p><span style=\"color: #000000;\">40 \u0130yi bir i\u015f yapay\u0131m ortada<\/span><\/p>\n<p>&nbsp;<\/p>\n<p><span style=\"font-weight: 400; color: #000000;\">Kara at\u0131 sat\u0131n alay\u0131m<\/span><\/p>\n<p><span style=\"font-weight: 400; color: #000000;\">Beyaz parayla pazarl\u0131yay\u0131m<\/span><\/p>\n<p><span style=\"font-weight: 400; color: #000000;\">Medine\u2019ye yollayay\u0131m<\/span><\/p>\n<p>&nbsp;<\/p>\n<p><span style=\"font-weight: 400; color: #000000;\">Rahib dedi o vezirdir<\/span><\/p>\n<p><span style=\"color: #000000;\">45 Lendeho emire karde\u015ftir\u00a0<\/span><\/p>\n<p>&nbsp;<\/p>\n<p><span style=\"font-weight: 400; color: #000000;\">O rahib Lendehon\u2019dur<\/span><\/p>\n<p><span style=\"font-weight: 400; color: #000000;\">Kalkt\u0131lar aslan gibi gittiler<\/span><\/p>\n<p><span style=\"font-weight: 400; color: #000000;\">Emir\u2019e do\u011fru yola \u00e7\u0131kt\u0131lar<\/span><\/p>\n<p>&nbsp;<\/p>\n<p><span style=\"font-weight: 400; color: #000000;\">Ey emir geldik biz<\/span><\/p>\n<p><span style=\"color: #000000;\">50 Biz i\u015f \u00f6rt\u00fcl\u00fc yapar\u0131z<\/span><\/p>\n<p><span style=\"font-weight: 400; color: #000000;\">Kara at\u0131n ala\u0131c\u0131s\u0131y\u0131z<\/span><\/p>\n<p>&nbsp;<\/p>\n<p><span style=\"font-weight: 400; color: #000000;\">Beyaz parayla al\u0131r\u0131z<\/span><\/p>\n<p><span style=\"font-weight: 400; color: #000000;\">Medine\u2019ye var\u0131r\u0131z<\/span><\/p>\n<p><span style=\"font-weight: 400; color: #000000;\">Muhammed\u2019i bindiririz<\/span><\/p>\n<p>&nbsp;<\/p>\n<p><span style=\"color: #000000;\">55 Emir dedi: \u201cBenden b\u00fcy\u00fck kimdir daha<\/span><\/p>\n<p><span style=\"font-weight: 400; color: #000000;\">Olmu\u015f al\u0131c\u0131 at\u0131ma?<\/span><\/p>\n<p>&nbsp;<\/p>\n<p><span style=\"font-weight: 400; color: #000000;\">\u00c7abuk olun acele edin<\/span><\/p>\n<p><span style=\"font-weight: 400; color: #000000;\">B\u0131\u00e7aklar\u0131 bileyin<\/span><\/p>\n<p><span style=\"font-weight: 400; color: #000000;\">Kafas\u0131n\u0131 hemen kesin!\u201d\u00a0\u00a0<\/span><\/p>\n<p>&nbsp;<\/p>\n<p><span style=\"color: #000000;\">60 Rahib dedi: \u201cDo\u011fru yapm\u0131yorsun<\/span><\/p>\n<p><span style=\"font-weight: 400; color: #000000;\">Emir dedi ne demek istiyorsun?\u201d<\/span><\/p>\n<p>&nbsp;<\/p>\n<p><span style=\"font-weight: 400; color: #000000;\">Rahib ve Lendehon h\u0131zl\u0131d\u0131rlar<\/span><\/p>\n<p><span style=\"color: #000000;\">65 \u0130kisi iyi haz\u0131rland\u0131lar<\/span><\/p>\n<p>&nbsp;<\/p>\n<p><span style=\"font-weight: 400; color: #000000;\">Rahib dedi: \u201cEy mir at\u0131n g\u00fc\u00e7l\u00fcd\u00fcr<\/span><\/p>\n<p><span style=\"font-weight: 400; color: #000000;\">K\u0131rk mahteri g\u00fcnd\u00fcz \u00f6ld\u00fcr\u00fcr<\/span><\/p>\n<p>&nbsp;<\/p>\n<p><span style=\"font-weight: 400; color: #000000;\">\u00d6zellikle adam yabac\u0131ysa<\/span><\/p>\n<p><span style=\"font-weight: 400; color: #000000;\">Kafas\u0131n\u0131 sallar ona\u00a0<\/span><\/p>\n<p><span style=\"color: #000000;\">70 \u00d6l\u00fcmd\u00fcr o anda nasip ona.\u201d<\/span><\/p>\n<p>&nbsp;<\/p>\n<p><span style=\"font-weight: 400; color: #000000;\">Dedi: \u201cEy emir at\u0131n\u0131 b\u0131rak<\/span><\/p>\n<p><span style=\"font-weight: 400; color: #000000;\">Ba\u011flama onu orada k\u0131sk\u0131vrak<\/span><\/p>\n<p><span style=\"font-weight: 400; color: #000000;\">Haz\u0131rlas\u0131n onu alt\u0131n e\u011ferle bir \u00e7\u0131rak<\/span><\/p>\n<p>&nbsp;<\/p>\n<p><span style=\"color: #000000;\">75 \u0130ki defa ko\u015ftursun onu<\/span><\/p>\n<p><span style=\"font-weight: 400; color: #000000;\">\u0130ki defa ko\u015ftursun onu<\/span><\/p>\n<p><span style=\"font-weight: 400; color: #000000;\">Sat\u0131n als\u0131n senden onu.\u201d<\/span><\/p>\n<p>&nbsp;<\/p>\n<p><span style=\"font-weight: 400; color: #000000;\">Rahib ile Lendehon\u2019d\u0131rlar\u00a0<\/span><\/p>\n<p><span style=\"font-weight: 400; color: #000000;\">Aceleyle yola \u00e7\u0131kt\u0131lar<\/span><\/p>\n<p><span style=\"font-weight: 400; color: #000000;\">\u00d6mer\u2019in yan\u0131na vard\u0131lar<\/span><\/p>\n<p>&nbsp;<\/p>\n<p><span style=\"color: #000000;\">80 Dedi: \u201cEy rahib emir ne dedi?\u201d<\/span><\/p>\n<p><span style=\"font-weight: 400; color: #000000;\">\u201cKara At\u0131 sat\u0131yoruz.\u201d dedi<\/span><\/p>\n<p><span style=\"font-weight: 400; color: #000000;\">Fiyat\u0131 belli de\u011fildir \u015fimdi<\/span><\/p>\n<p>&nbsp;<\/p>\n<p><span style=\"font-weight: 400; color: #000000;\">Dedi: \u201cEy emir at\u0131n\u0131 b\u0131rak<\/span><\/p>\n<p><span style=\"font-weight: 400; color: #000000;\">Ba\u011flama onu orada k\u0131sk\u0131vrak<\/span><\/p>\n<p><span style=\"color: #000000;\">85 Haz\u0131rlas\u0131n onu alt\u0131n e\u011ferle bir \u00e7\u0131rak<\/span><\/p>\n<p>&nbsp;<\/p>\n<p><span style=\"font-weight: 400; color: #000000;\">\u0130ki defa ko\u015ftursun<\/span><\/p>\n<p><span style=\"font-weight: 400; color: #000000;\">\u00dc\u00e7 defa ko\u015ftursun<\/span><\/p>\n<p><span style=\"font-weight: 400; color: #000000;\">Sonra benden pahas\u0131z als\u0131n!\u201d<\/span><\/p>\n<p>&nbsp;<\/p>\n<p><span style=\"font-weight: 400; color: #000000;\">O, a\u00e7\u0131lan g\u00fcld\u00fcr \u00d6mer\u2019di<\/span><\/p>\n<p>&nbsp;<\/p>\n<p><span style=\"color: #000000;\">90 Kalkt\u0131 seher vakti<\/span><\/p>\n<p>&nbsp;<\/p>\n<p><span style=\"font-weight: 400; color: #000000;\">\u00d6mer soka\u011fa \u00e7\u0131kt\u0131<\/span><\/p>\n<p><span style=\"font-weight: 400; color: #000000;\">Dedi: \u201cEy Ejdehan at\u0131!\u00a0\u00a0<\/span><\/p>\n<p>&nbsp;<\/p>\n<p><span style=\"font-weight: 400; color: #000000;\">Ey kaledeki at<\/span><\/p>\n<p><span style=\"font-weight: 400; color: #000000;\">Bana bir \u015fey dememelisin<\/span><\/p>\n<p><span style=\"color: #000000;\">95 Seni Allah Habibi\u2019ne g\u00f6t\u00fcrmeye geldim<\/span><\/p>\n<p>&nbsp;<\/p>\n<p><span style=\"font-weight: 400; color: #000000;\">O \u00e7a\u011flayan at delisi<\/span><\/p>\n<p><span style=\"font-weight: 400; color: #000000;\">G\u00fcnde \u00f6ld\u00fcr\u00fcrken k\u0131r\u0131k mehteri\u00a0<\/span><\/p>\n<p><span style=\"font-weight: 400; color: #000000;\">\u00d6mer\u2019in yan\u0131nda oldu kuzu gibi<\/span><\/p>\n<p>&nbsp;<\/p>\n<p><span style=\"font-weight: 400; color: #000000;\">A\u00e7\u0131lan g\u00fcl gibi olan \u00d6mer\u2019dir<\/span><\/p>\n<p><span style=\"color: #000000;\">100 Ejdehan\u2019dan \u00e7\u0131kard\u0131\u011f\u0131 Kara At\u2019t\u0131r<\/span><\/p>\n<p><span style=\"font-weight: 400; color: #000000;\">O \u015fimdi art\u0131k meydandad\u0131r<\/span><\/p>\n<p>&nbsp;<\/p>\n<p><span style=\"font-weight: 400; color: #000000;\">\u00d6mer haz\u0131rlad\u0131 onu rahat\u00e7a<\/span><\/p>\n<p><span style=\"font-weight: 400; color: #000000;\">Durdu yan\u0131nda ferah\u00e7a<\/span><\/p>\n<p>&nbsp;<\/p>\n<p><span style=\"font-weight: 400; color: #000000;\">Ba\u011flad\u0131 ona alt\u0131n e\u011feri<\/span><\/p>\n<p><span style=\"color: #000000;\">105 Bindi ona; o verdi ona de\u011feri<\/span><\/p>\n<p>&nbsp;<\/p>\n<p><span style=\"font-weight: 400; color: #000000;\">Bir kere ko\u015fturdu onu<\/span><\/p>\n<p><span style=\"font-weight: 400; color: #000000;\">\u0130kinci kez ko\u015fturdu onu<\/span><\/p>\n<p><span style=\"font-weight: 400; color: #000000;\">B\u00f6ylece fiyats\u0131z sat\u0131n ald\u0131 onu<\/span><\/p>\n<p>&nbsp;<\/p>\n<p><span style=\"font-weight: 400; color: #000000;\">Bu dedi: \u201cAh neden bu<\/span><\/p>\n<p><span style=\"color: #000000;\">110 Acep k\u0131rmad\u0131 onun o boynunu?\u201d<\/span><\/p>\n<p>&nbsp;<\/p>\n<p><span style=\"font-weight: 400; color: #000000;\">\u00d6mer ovaya do\u011fru s\u00fcrd\u00fc<\/span><\/p>\n<p><span style=\"font-weight: 400; color: #000000;\">Rahib ise onun izini s\u00fcrd\u00fc\u00a0\u00a0<\/span><\/p>\n<p>&nbsp;<\/p>\n<p><span style=\"font-weight: 400; color: #000000;\">Bir anda ayakland\u0131 kafirler<\/span><\/p>\n<p><span style=\"font-weight: 400; color: #000000;\">Bur\u00e7lardan indiler birer birer<\/span><\/p>\n<p><span style=\"color: #000000;\">115 Cin \u00e7apm\u0131\u015fa benzerdiler<\/span><\/p>\n<p>&nbsp;<\/p>\n<p><span style=\"font-weight: 400; color: #000000;\">\u00d6mer tutu\u015ftu sava\u015fa k\u0131l\u0131\u00e7la<\/span><\/p>\n<p><span style=\"font-weight: 400; color: #000000;\">Rahib tutu\u015ftu sava\u015fa k\u0131l\u0131\u00e7la<\/span><\/p>\n<p>&nbsp;<\/p>\n<p><span style=\"font-weight: 400; color: #000000;\">\u00d6mer meydana at\u0131ld\u0131<\/span><\/p>\n<p><span style=\"font-weight: 400; color: #000000;\">Rahib ortaya at\u0131ld\u0131<\/span><\/p>\n<p><span style=\"color: #000000;\">120 Meydan\u0131 kanla doldurdu<\/span><\/p>\n<p>&nbsp;<\/p>\n<p><span style=\"font-weight: 400; color: #000000;\">\u00d6mer ovaya do\u011fru s\u00fcrd\u00fc<\/span><\/p>\n<p><span style=\"font-weight: 400; color: #000000;\">Rahib ise onun izini s\u00fcrd\u00fc\u00a0\u00a0<\/span><\/p>\n<p>&nbsp;<\/p>\n<p><span style=\"font-weight: 400; color: #000000;\">Gavurlar rahibi tutup \u00f6ld\u00fcrd\u00fcler\u00a0\u00a0<\/span><\/p>\n<p><span style=\"font-weight: 400; color: #000000;\">\u00d6ld\u00fcr\u00fcp derin bir yere g\u00f6md\u00fcler<\/span><\/p>\n<p>&nbsp;<\/p>\n<p><span style=\"color: #000000;\">125 \u00d6mer ovaya do\u011fru s\u00fcrd\u00fc<\/span><\/p>\n<p>&nbsp;<\/p>\n<p><span style=\"font-weight: 400; color: #000000;\">\u00d6mer \u00e7\u00f6l ve \u00e7\u00f6lleri ge\u00e7ti<\/span><\/p>\n<p><span style=\"font-weight: 400; color: #000000;\">Ova ve d\u00fczl\u00fcklerden \u00e7\u0131kt\u0131<\/span><\/p>\n<p><span style=\"font-weight: 400; color: #000000;\">Yoldaki bir kiliseye vard\u0131<\/span><\/p>\n<p>&nbsp;<\/p>\n<p><span style=\"font-weight: 400; color: #000000;\">O, \u015e\u0131leymun D\u00eari idi<\/span><\/p>\n<p><span style=\"color: #000000;\">130 Orada bar\u0131nacak yer yok idi<\/span><\/p>\n<p>&nbsp;<\/p>\n<p><span style=\"font-weight: 400; color: #000000;\">\u00d6mer k\u0131bleye y\u00f6neldi<\/span><\/p>\n<p><span style=\"font-weight: 400; color: #000000;\">Ellerini ba\u011flad\u0131<\/span><\/p>\n<p><span style=\"font-weight: 400; color: #000000;\">Allah\u2019a yalvard\u0131<\/span><\/p>\n<p><span style=\"font-weight: 400; color: #000000;\">Gerginlik i\u00e7inde kald\u0131<\/span><\/p>\n<p>&nbsp;<\/p>\n<p><span style=\"color: #000000;\">135 Kap\u0131s\u0131 a\u00e7\u0131ld\u0131 kilisenin<\/span><\/p>\n<p>&nbsp;<\/p>\n<p><span style=\"font-weight: 400; color: #000000;\">\u00d6mer kiliseye s\u0131\u011f\u0131nd\u0131<\/span><\/p>\n<p><span style=\"font-weight: 400; color: #000000;\">At\u0131n\u0131 kap\u0131s\u0131nda ba\u011flad\u0131\u00a0<\/span><\/p>\n<p><span style=\"font-weight: 400; color: #000000;\">\u0130\u00e7inde k\u0131rk ruhban vard\u0131<\/span><\/p>\n<p>&nbsp;<\/p>\n<p><span style=\"font-weight: 400; color: #000000;\">Onlar\u0131 \u00f6ld\u00fcrd\u00fc<\/span><\/p>\n<p><span style=\"color: #000000;\">140 Kilisenin pencerelerini kapatt\u0131<\/span><\/p>\n<p><span style=\"font-weight: 400; color: #000000;\">Kilisenin kap\u0131lar\u0131n\u0131 kiltledi<\/span><\/p>\n<p>&nbsp;<\/p>\n<p><span style=\"font-weight: 400; color: #000000;\">Geldiler geldiler<\/span><\/p>\n<p><span style=\"font-weight: 400; color: #000000;\">Gavur kafirler geldiler<\/span><\/p>\n<p><span style=\"font-weight: 400; color: #000000;\">Kilise \u00e7evresini \u00e7evirdiler<\/span><\/p>\n<p>&nbsp;<\/p>\n<p><span style=\"color: #000000;\">145 O, \u015e\u0131leymun D\u00eari idi<\/span><\/p>\n<p><span style=\"font-weight: 400; color: #000000;\">Orada bar\u0131nacak yer yok idi<\/span><\/p>\n<p>&nbsp;<\/p>\n<p><span style=\"font-weight: 400; color: #000000;\">\u00d6mer toparlan\u0131p haz\u0131rland\u0131<\/span><\/p>\n<p><span style=\"font-weight: 400; color: #000000;\">Ald\u0131 \u00fc\u00e7 y\u00fcz ki\u015finin can\u0131n\u0131<\/span><\/p>\n<p><span style=\"font-weight: 400; color: #000000;\">\u00c7ok d\u00f6k\u00fcl\u00fcyordu onlar\u0131n kan\u0131<\/span><\/p>\n<p>&nbsp;<\/p>\n<p><span style=\"color: #000000;\">150 \u00dc\u00e7 y\u00fcz at\u0131 \u00f6ld\u00fcrd\u00fcler<\/span><\/p>\n<p><span style=\"font-weight: 400; color: #000000;\">Geldiler de ha geldiler<\/span><\/p>\n<p><span style=\"font-weight: 400; color: #000000;\">Gavur kafirleri geldiler<\/span><\/p>\n<p><span style=\"font-weight: 400; color: #000000;\">Kiliseyi \u00e7epe\u00e7evre \u00e7evirdiler<\/span><\/p>\n<p>&nbsp;<\/p>\n<p><span style=\"font-weight: 400; color: #000000;\">O, \u015e\u0131leymun D\u00eari idi<\/span><\/p>\n<p><span style=\"color: #000000;\">155 Orada bar\u0131nacak yer yok idi<\/span><\/p>\n<p>&nbsp;<\/p>\n<p><span style=\"font-weight: 400; color: #000000;\">B\u00fcy\u00fck bir kafir geldi<\/span><\/p>\n<p><span style=\"font-weight: 400; color: #000000;\">Allah\u2019tan g\u00fc\u00e7 istedi<\/span><\/p>\n<p><span style=\"font-weight: 400; color: #000000;\">Elleriyle kiliseyi kavrad\u0131<\/span><\/p>\n<p>&nbsp;<\/p>\n<p><span style=\"font-weight: 400; color: #000000;\">Kald\u0131rd\u0131 kiliseyi yerinden\u00a0<\/span><\/p>\n<p><span style=\"color: #000000;\">160 K\u0131p\u0131rdad\u0131lar kafirler yerlerinden<\/span><\/p>\n<p><span style=\"font-weight: 400; color: #000000;\">O da g\u00fc\u00e7 istedi Rabbinden<\/span><\/p>\n<p>&nbsp;<\/p>\n<p><span style=\"font-weight: 400; color: #000000;\">Kafirler demedi Allah\u2019\u0131n g\u00fcc\u00fcyle<\/span><\/p>\n<p><span style=\"font-weight: 400; color: #000000;\">Annemin g\u00fcc\u00fcyle<\/span><\/p>\n<p><span style=\"font-weight: 400; color: #000000;\">O kafir istedi annesinden g\u00fc\u00e7<\/span><\/p>\n<p>&nbsp;<\/p>\n<p><span style=\"font-weight: 400; color: #000000;\">Hemencecik yerinde kald\u0131<\/span><\/p>\n<p><span style=\"font-weight: 400; color: #000000;\">Kafirler kilisenin d\u00f6rt bir yan\u0131n\u0131 sard\u0131\u00a0<\/span><\/p>\n<p><span style=\"color: #000000;\">165 \u00d6mer kilisede mahsur kald\u0131<\/span><\/p>\n<p>&nbsp;<\/p>\n<p><span style=\"font-weight: 400; color: #000000;\">Dedi: \u201cMedine\u2019ye varaca\u011f\u0131m<\/span><\/p>\n<p><span style=\"font-weight: 400; color: #000000;\">Bu kara ac\u0131y\u0131 kapataca\u011f\u0131m<\/span><\/p>\n<p><span style=\"font-weight: 400; color: #000000;\">Sonra ben buray\u0131 donataca\u011f\u0131m.\u201d<\/span><\/p>\n<p>&nbsp;<\/p>\n<p><span style=\"font-weight: 400; color: #000000;\">\u00d6mer a\u00e7\u0131lan g\u00fcld\u00fcr<\/span><\/p>\n<p>&nbsp;<\/p>\n<p><span style=\"color: #000000;\">170 Kalkt\u0131 seher vaktinde<\/span><\/p>\n<p>&nbsp;<\/p>\n<p><span style=\"font-weight: 400; color: #000000;\">Dedi: \u201cEy ku\u015f u\u00e7 yuvandan<\/span><\/p>\n<p><span style=\"font-weight: 400; color: #000000;\">Rica ediyorum ben sende\u00a0<\/span><\/p>\n<p><span style=\"font-weight: 400; color: #000000;\">Kanatlar\u0131n\u0131 doldur kandan\u00a0<\/span><\/p>\n<p><span style=\"font-weight: 400; color: #000000;\">Duysun haberi herkes Mekke ve Medine\u2019den\u00a0<\/span><\/p>\n<p><span style=\"color: #000000;\">175 Gelsin bir g\u00fc\u00e7 imdad\u0131ma Peygamber\u2019den<\/span><\/p>\n<p>&nbsp;<\/p>\n<p><span style=\"font-weight: 400; color: #000000;\">Diyesin ki Peygamber ben darday\u0131m<\/span><\/p>\n<p><span style=\"font-weight: 400; color: #000000;\">Mel\u2018un kafire kar\u015f\u0131 zor durumday\u0131m.\u201d<\/span><\/p>\n<p>&nbsp;<\/p>\n<p><span style=\"font-weight: 400; color: #000000;\">Dedi: \u201cEy yukar\u0131dakiler kalk\u0131n<\/span><\/p>\n<p><span style=\"font-weight: 400; color: #000000;\">Silahlar\u0131 ku\u015fan\u0131n!\u201d<\/span><\/p>\n<p>&nbsp;<\/p>\n<p><span style=\"font-weight: 400; color: #000000;\">Silahlar\u0131 getirdiler<\/span><\/p>\n<p><span style=\"color: #000000;\">180 Kahramanlara da\u011f\u0131tt\u0131lar<\/span><\/p>\n<p><span style=\"font-weight: 400; color: #000000;\">Atlar\u0131n \u00fcst\u00fcne b\u0131rakt\u0131lar<\/span><\/p>\n<p>&nbsp;<\/p>\n<p><span style=\"font-weight: 400; color: #000000;\">Yukar\u0131dakiler geldiler<\/span><\/p>\n<p><span style=\"font-weight: 400; color: #000000;\">Silahlar\u0131 ellerine verdiler<\/span><\/p>\n<p><span style=\"font-weight: 400; color: #000000;\">Atlara \u00f6nlerine ald\u0131lar<\/span><\/p>\n<p>&nbsp;<\/p>\n<p><span style=\"color: #000000;\">185 Atlar \u00f6nlerinde ki\u015fnediler<\/span><\/p>\n<p><span style=\"font-weight: 400; color: #000000;\">Sancak ve bayraklar y\u00fckseldiler<\/span><\/p>\n<p>&nbsp;<\/p>\n<p><span style=\"font-weight: 400; color: #000000;\">Sar\u0131d\u0131r bayrak ve sancaklar<\/span><\/p>\n<p><span style=\"font-weight: 400; color: #000000;\">Mekke\u2019den hemen ayr\u0131ld\u0131lar<\/span><\/p>\n<p><span style=\"font-weight: 400; color: #000000;\">Peygamberi \u00f6nlerine ald\u0131lar<\/span><\/p>\n<p>&nbsp;<\/p>\n<p><span style=\"color: #000000;\">190 Bayrak ve sancaklar mavi renginden<\/span><\/p>\n<p><span style=\"font-weight: 400; color: #000000;\">Ayr\u0131ld\u0131lar hemen Medine\u2019den<\/span><\/p>\n<p><span style=\"font-weight: 400; color: #000000;\">Ashab beraber \u00e7\u0131kt\u0131 yerlerinden<\/span><\/p>\n<p><span style=\"font-weight: 400; color: #000000;\">\u00d6mer\u2019i kurtarmak i\u00e7in di\u011ferlerinden<\/span><\/p>\n<p>&nbsp;<\/p>\n<p><span style=\"font-weight: 400; color: #000000;\">Ashab seslendi ona:<\/span><\/p>\n<p><span style=\"color: #000000;\">195 \u201cGeldik biz imdad\u0131na!\u201d\u00a0<\/span><\/p>\n<p>&nbsp;<\/p>\n<p><span style=\"font-weight: 400; color: #000000;\">Kimdi o aslan ikisi<\/span><\/p>\n<p><span style=\"font-weight: 400; color: #000000;\">Biri \u00d6mer di\u011feri Ali<\/span><\/p>\n<p><span style=\"font-weight: 400; color: #000000;\">Meydanda sesleri inledi<\/span><\/p>\n<p>&nbsp;<\/p>\n<p><span style=\"font-weight: 400; color: #000000;\">Ses verdi Ashab:<\/span><\/p>\n<p><span style=\"color: #000000;\">200 \u201cVerin bize cevap!\u201d<\/span><\/p>\n<p>&nbsp;<\/p>\n<p><span style=\"font-weight: 400; color: #000000;\">Kimdi o aslan ikisi<\/span><\/p>\n<p><span style=\"font-weight: 400; color: #000000;\">Biri \u00d6mer di\u011feri Ali<\/span><\/p>\n<p>&nbsp;<\/p>\n<p><span style=\"font-weight: 400; color: #000000;\">Ashab geldi\u00a0<\/span><\/p>\n<p><span style=\"font-weight: 400; color: #000000;\">Kiliseye yak\u0131nla\u015ft\u0131<\/span><\/p>\n<p><span style=\"color: #000000;\">205 Kafir \u015fa\u015f\u0131rd\u0131<\/span><\/p>\n<p>&nbsp;<\/p>\n<p><span style=\"font-weight: 400; color: #000000;\">Ashab y\u00f6neldi oraya<\/span><\/p>\n<p>&nbsp;<\/p>\n<p><span style=\"font-weight: 400; color: #000000;\">\u00d6mer kiliseden \u00e7\u0131kt\u0131<\/span><\/p>\n<p><span style=\"font-weight: 400; color: #000000;\">Kafirlerle kar\u015f\u0131 \u00e7at\u0131\u015ft\u0131<\/span><\/p>\n<p>&nbsp;<\/p>\n<p><span style=\"font-weight: 400; color: #000000;\">Ashab \u00d6mer\u2019i g\u00f6rd\u00fc<\/span><\/p>\n<p><span style=\"color: #000000;\">210 Bayraklar\u0131 kald\u0131rd\u0131<\/span><\/p>\n<p><span style=\"font-weight: 400; color: #000000;\">Asker ileri at\u0131ld\u0131<\/span><\/p>\n<p><span style=\"font-weight: 400; color: #000000;\">Kafirin d\u00f6rt yan\u0131n\u0131 sard\u0131\u00a0<\/span><\/p>\n<p>&nbsp;<\/p>\n<p><span style=\"font-weight: 400; color: #000000;\">\u00d6lenleri \u00f6ld\u00fc<\/span><\/p>\n<p><span style=\"font-weight: 400; color: #000000;\">Di\u011ferleri esir d\u00fc\u015ft\u00fc<\/span><\/p>\n<p><span style=\"color: #000000;\">215 Baz\u0131lar\u0131 orac\u0131kta \u00f6ld\u00fc<\/span><\/p>\n<p>&nbsp;<\/p>\n<p><span style=\"font-weight: 400; color: #000000;\">Ali de yeni vard\u0131<\/span><\/p>\n<p><span style=\"font-weight: 400; color: #000000;\">Zulfikar\u2019\u0131 kald\u0131rd\u0131<\/span><\/p>\n<p><span style=\"font-weight: 400; color: #000000;\">Kafirlerin aras\u0131na dald\u0131<\/span><\/p>\n<p>&nbsp;<\/p>\n<p><span style=\"font-weight: 400; color: #000000;\">Kafirler \u00e7\u00f6kt\u00fcrd\u00fc<\/span><\/p>\n<p><span style=\"color: #000000;\">220 Ali yemin etti<\/span><\/p>\n<p><span style=\"font-weight: 400; color: #000000;\">Dund\u00fcl\u2019den inmedi<\/span><\/p>\n<p>&nbsp;<\/p>\n<p><span style=\"font-weight: 400; color: #000000;\">\u201c\u00c7ok kan yerde bulmal\u0131 yolunu.\u201d<\/span><\/p>\n<p><span style=\"font-weight: 400; color: #000000;\">Muhammed duydu bunu<\/span><\/p>\n<p><span style=\"font-weight: 400; color: #000000;\">Yerde kan ak\u015f\u0131 buldu yolunu<\/span><\/p>\n<p>&nbsp;<\/p>\n<p><span style=\"color: #000000;\">225 B\u00f6ylece g\u00f6rd\u00fc D\u00fcnd\u00fcl\u2019\u00fcn\u00fc<\/span><\/p>\n<p><span style=\"font-weight: 400; color: #000000;\">B\u0131rakt\u0131 etti\u011fi yemini<\/span><\/p>\n<p><span style=\"font-weight: 400; color: #000000;\">D\u00fcnd\u00fcl\u2019\u00fcn s\u0131rt\u0131ndan indi<\/span><\/p>\n<p>&nbsp;<\/p>\n<p><strong>\u270d\ufe0fK\u00fcrt\u00e7eden T\u00fcrk\u00e7eye \u00e7eviri: Ayhan YILDIZ<\/strong><\/p>\n<p> T\u00fcrk\u00e7eye \u00e7eviridi\u011fimiz bu metnin orijinali i\u00e7in bak\u0131n\u0131z: Eugen Prym und Albert Socin, Kurdische Sammlungen, Erzahlungen und Lieder, in den Dialekten Des T\u00fbr Abd\u00een und von Bohtan Gesammelt, Herausgegebeden und Ubersetz, a. Die Texte ( Der Akademie Vorgelegt den 1. April 1886, Petersburg, 1890, s. 166-174.<\/p>\n","protected":false},"excerpt":{"rendered":"<p>1 Hey Cuma g\u00fcn\u00fc Muhammed ses verdi Kim ki at\u0131 getirse &nbsp; Culd\u2019\u00fc benden alacak &nbsp; 5 Ashab divan\u0131ndan dedi \u0130yiler vard\u0131 ve k\u00f6t\u00fcler vard\u0131 kimse vermedi cevab\u0131 &nbsp; 10 \u00d6mer bin Hattab\u2019tan ba\u015fkas\u0131\u00a0 \u00d6ld\u00fcrm\u00fc\u015f anas\u0131n\u0131 babas\u0131n\u0131 Ki ne hayr\u0131 var ona ne sevab\u0131 &nbsp; \u00d6mer ki a\u00e7\u0131lan g\u00fcl gibi &nbsp; Kalkt\u0131 seher vaktinden\u00a0 \u00a0 &hellip;<\/p>\n","protected":false},"author":55,"featured_media":23906,"comment_status":"open","ping_status":"open","sticky":false,"template":"","format":"standard","meta":{"footnotes":""},"categories":[65],"tags":[970,6762,6763,1616],"class_list":["post-23903","post","type-post","status-publish","format-standard","has-post-thumbnail","","category-forum","tag-ceviri","tag-hespa-res","tag-kara-at","tag-manset"],"_links":{"self":[{"href":"https:\/\/candname.com\/tr\/index.php?rest_route=\/wp\/v2\/posts\/23903","targetHints":{"allow":["GET"]}}],"collection":[{"href":"https:\/\/candname.com\/tr\/index.php?rest_route=\/wp\/v2\/posts"}],"about":[{"href":"https:\/\/candname.com\/tr\/index.php?rest_route=\/wp\/v2\/types\/post"}],"author":[{"embeddable":true,"href":"https:\/\/candname.com\/tr\/index.php?rest_route=\/wp\/v2\/users\/55"}],"replies":[{"embeddable":true,"href":"https:\/\/candname.com\/tr\/index.php?rest_route=%2Fwp%2Fv2%2Fcomments&post=23903"}],"version-history":[{"count":3,"href":"https:\/\/candname.com\/tr\/index.php?rest_route=\/wp\/v2\/posts\/23903\/revisions"}],"predecessor-version":[{"id":23913,"href":"https:\/\/candname.com\/tr\/index.php?rest_route=\/wp\/v2\/posts\/23903\/revisions\/23913"}],"wp:featuredmedia":[{"embeddable":true,"href":"https:\/\/candname.com\/tr\/index.php?rest_route=\/wp\/v2\/media\/23906"}],"wp:attachment":[{"href":"https:\/\/candname.com\/tr\/index.php?rest_route=%2Fwp%2Fv2%2Fmedia&parent=23903"}],"wp:term":[{"taxonomy":"category","embeddable":true,"href":"https:\/\/candname.com\/tr\/index.php?rest_route=%2Fwp%2Fv2%2Fcategories&post=23903"},{"taxonomy":"post_tag","embeddable":true,"href":"https:\/\/candname.com\/tr\/index.php?rest_route=%2Fwp%2Fv2%2Ftags&post=23903"}],"curies":[{"name":"wp","href":"https:\/\/api.w.org\/{rel}","templated":true}]}}