{"id":23891,"date":"2025-01-12T07:51:50","date_gmt":"2025-01-12T04:51:50","guid":{"rendered":"https:\/\/candname.com\/tr\/?p=23891"},"modified":"2025-01-11T12:09:13","modified_gmt":"2025-01-11T09:09:13","slug":"kurdler-hangi-unsurdandirlar","status":"publish","type":"post","link":"https:\/\/candname.com\/tr\/?p=23891","title":{"rendered":"K\u00fcrdler Hangi Unsurdand\u0131rlar?"},"content":{"rendered":"<p>Bu konunun tufanla alakas\u0131 oldu\u011fundan bir tufandan bahsetmek icabeder. Tufan\u0131n olu\u015fumunu baz\u0131 kimseler inkar ederler. Tarihten \u00f6nceki zamana ait olan tufan i\u00e7in en do\u011fru haberci\u00a0<em>Kur\u2019an<\/em>-\u0131 azim\u00fb\u2019\u015f- \u015fand\u0131r. Tufan\u0131n etraf\u0131nda deveran eden ahdi kadim [eski ahit] hikayeleri, tahrif edilmi\u015f eserlerden olmakla beraber mademki tufan bizatihi\u00a0<em>Kur\u2019an<\/em>-\u0131 Kerimin haber verdiklerindendir, s\u0131hhat\u0131na iman etmek ayn\u0131 farz ve farz\u0131 ayand\u0131r. \u00c7\u00fcnk\u00fc\u00a0<em>Kur\u2019an<\/em>\u00a0ba\u015ftan sona kadar hakikattir. Bunu diyanet sahipleri tasdik ederler. \u0130nkar edenler diyanet yabanc\u0131lar\u0131d\u0131r. Bu \u00e7e\u015fit kimseler e\u011fer semavi olmayan fakat bundan bin \u00fc\u00e7 y\u00fcz k\u00fcsur sene \u00f6nce yaz\u0131l\u0131p tahrif edilmeden zaman\u0131m\u0131z kadar gelmi\u015f olan her hangi bir kitap elde edip de tufan\u0131n meydana gelmesini onda g\u00f6rm\u00fc\u015f ve \u00f6\u011frenmi\u015f olsayd\u0131lar, takdirle s\u0131hhat\u0131n\u0131 tasdik etmezler miydi?<\/p>\n<p>Bunlar tufan\u0131n ilme uygun olmad\u0131\u011f\u0131n\u0131 ileri s\u00fcrerek itirazda bulunurlar. Halbuki karan\u0131n deniz ve denizin kara haline d\u00f6n\u00fc\u015ft\u00fc\u011f\u00fc pek \u00e7ok vakadand\u0131r. H\u00fclasa yery\u00fcz\u00fcn\u00fcn \u00f6nemli bir k\u0131sm\u0131 eski zamanda \u00e7\u00f6km\u00fc\u015f ve yerine okyanuslar olu\u015fmu\u015ftur. Baz\u0131 y\u00fcksek da\u011flar ba\u015f\u0131nda g\u00f6r\u00fcnen deniz hayvanlar\u0131n\u0131n enkaz\u0131na nazaran o da\u011flar\u0131n yerleri vaktiyle deniz oldu\u011funa h\u00fckmolunur. Donmu\u015f [buzul] d\u00f6nem diye tabir olunan bir zamanda, da\u011flara bin metre y\u00fcksekli\u011finde kar ya\u011fm\u0131\u015f. \u0130ddia olunan bu de\u011fi\u015fimin t\u00fcm\u00fc ilme uygun g\u00f6r\u00fclerek kabul ve tasdik olunuyor. \u015eimdi ola\u011fan\u00fcst\u00fc hadiselerden oldu\u011fu semavi cisimlerden bir veya bir ka\u00e7\u0131n\u0131n konum icab\u0131 g\u00fcne\u015f veya ayla cezbetmeye i\u015ftirak ederek ondan b\u00fcy\u00fck bir med ve cezir olu\u015fum imkan\u0131n\u0131 nazar\u0131 dikkate almal\u0131. O halde deniz sular\u0131 bir taraftan fazlas\u0131yla d\u00fc\u015ferken di\u011fer taraftan da o nispette y\u00fckselerek m\u00fccavir [kom\u015fu] k\u0131talar\u0131 basmas\u0131 ve buna bol ya\u011fmur sular\u0131n\u0131n refakat ederek ya\u011fmas\u0131, neden ilme mugayir [ayk\u0131r\u0131], ni\u00e7in ihtimalden uzak g\u00f6r\u00fcls\u00fcn.<\/p>\n<p>Amerika\u2019da bulunan \u201cMi\u015figan\u201d Dar\u00fblf\u00fbnunu \u00f6\u011fretim g\u00f6revlilerinden astronomi bilgini Abuyorta adl\u0131 zat, yapt\u0131\u011f\u0131 hesaplar neticesinde 17 Kanuni Evvel 1335 tarihinde gezegenlerin hareketlerindeki konum ve o konum dolays\u0131yla g\u00fcne\u015f \u00fczerinde has\u0131l olan cazibe neticesinde, \u201cyerk\u00fcremizde\u201d m\u00fcthi\u015f f\u0131rt\u0131nalar, \u015fim\u015fekler, tufana sebep olacak ya\u011fmurlar ve depremlerle ortaya \u00e7\u0131kacak volkanlar meydana gelece\u011fini iddiada bulunmu\u015f ve gazetelerle ne\u015fir ve ilanda bulundu. S\u00f6ylendi\u011fi zamanda o hadiseler zuhur etmedi. Fakat o zat\u0131n o iddiada bulunmas\u0131 bu gibi hadiselerin meydana gelme ihtimalini h\u00fckmen hi\u00e7bir vakit nazar\u0131 dikkatten uzak tutmad\u0131klar\u0131na delildir.<\/p>\n<p>Yery\u00fcz\u00fcn\u00fcn t\u00fcm\u00fc, ilkin deniz halinde olup karadan asla eser bulunmad\u0131\u011f\u0131na dair olan tabii tarihin olaylar\u0131na da m\u0131 yalan diyecekler?<\/p>\n<p>Bununla birlikte bir zaman tufan demek, \u00f6yle b\u00fct\u00fcn yery\u00fcz\u00fcn\u00fcn bir anda su ile dolmas\u0131 demek de\u011fildir. Tufan\u0131n do\u011fru anlam\u0131 bilindikten sonra da\u011flar\u0131n tabakalar\u0131ndaki olu\u015fumlar ve sair yery\u00fcz\u00fcndeki de\u011fi\u015fiklikler nazar\u0131 dikkate al\u0131n\u0131rsa alemimizde bir de\u011fil bir\u00e7ok muhtelif tufanlar\u0131n ger\u00e7ekle\u015fti\u011fine kanaat has\u0131l olur. Hal b\u00f6yle olunca Hazreti Nuh\u2019un zaman\u0131ndaki tufan\u0131, sadece semavi kitaplar taraf\u0131ndan ihbar olundu\u011fu cihetle inkar etmek reva m\u0131d\u0131r?<\/p>\n<p>\u0130nsan neslinin tayini meselesinde ehemmiyeti malum olan Nuh Tufan\u0131, s\u00fbkun ile ge\u00e7i\u015ftirmek ve o meseleyi hep bir inkar dima\u011f\u0131yla muhakeme etmek bir M\u00fcsl\u00fcmana yak\u0131\u015f\u0131r m\u0131? Bilginlerin b\u00fct\u00fcn ilmi ara\u015ft\u0131rmalar\u0131na neticesiz ve b\u00fct\u00fcn\u00fcyle faydas\u0131z denemez. Fakat Adem\u2019in yarat\u0131l\u0131\u015f\u0131ndan beri ortaya \u00e7\u0131kan istila, g\u00f6\u00e7 gibi de\u011fi\u015fimler, umumun hallerine dair olanlar, matematik kurallar\u0131 kuvvetinde do\u011fru ihtimaller \u00fcretmi\u015f olduklar\u0131na da ihtimal h\u00fckm\u00fc verilemez.<\/p>\n<p>Bug\u00fcn bile meydana gelen bir hadise, yar\u0131n ba\u015fka bir \u015fekilde rivayet sayfas\u0131na ge\u00e7iyor. Bir yerde muhakkak olan bir mesele di\u011fer bir yerde \u015f\u00fcpheli veya me\u00e7hul bulunur. Hak ile bat\u0131l m\u00fcnaka\u015falar sebebiyle yekdi\u011ferinin yerini kolayl\u0131kla gaspettikleri az vakalardan m\u0131d\u0131r? Buna binaen be\u015f-alt\u0131 bin senelik cahiliye d\u00f6nemlerinin b\u00fct\u00fcn haberlerini topraklar alt\u0131nda \u00e7\u0131kar\u0131lan ta\u015f ve tu\u011fla k\u0131r\u0131nt\u0131lar\u0131n\u0131n dilinden i\u015fitmekle, t\u00fcm\u00fcn\u00fc itiraz kabul etmez bir hakikat gibi kabul etmekte mana yoktur.<\/p>\n<p>Kendi yapt\u0131klar\u0131na tap\u0131nacak derecede \u015fuursuz olan eski milletlerin, \u00e7o\u011funlukla otoriter olan bir h\u00fck\u00fcmdar\u0131n fikirlerinin terc\u00fcman\u0131 olup her t\u00fcrl\u00fc akli muhakemelerden uzak olarak yaz\u0131lar\u0131n\u0131 apa\u00e7\u0131k ayetlere tercih etmek, sa\u011flam dima\u011flar\u0131n i\u015fi de\u011fildir. \u00c7\u00fcnk\u00fc fikirli kimseler ise, vars\u0131n ne derlerse desinler biz dine iman edenler olarak tufana iman edenlerle beraberiz.<\/p>\n<p>\u015eimdi tufan\u0131n genellik ve hukukilik meselesi kald\u0131. Bahis ve nazara [bak\u0131\u015fa] \u015fayan yaln\u0131z buras\u0131d\u0131r.<\/p>\n<p>Bir kavmin g\u00fcnah\u0131yla alemde mevcut b\u00fct\u00fcn kavimleri hayvanlarla beraber helak ve yoketmek, mutlak h\u00fckm\u00fcn ilahl\u0131k adetlerine ayk\u0131r\u0131 oldu\u011fu ve cezaland\u0131rman\u0131n yaln\u0131z g\u00fcnahkar kavme hasretti\u011fi\u00a0<em>Kur\u2019an<\/em>\u2019\u0131 Kerim\u2019de yaz\u0131l\u0131 olan ad, L\u00fbt, Firavun kavimlerinin vakalar\u0131yla sabittir. Buna binaen tufan dahi yaln\u0131z Nuh kavmi hakk\u0131nda ve bir hususi m\u0131nt\u0131kada vaki oldu\u011funa \u015f\u00fcphe edilmemektedir.<\/p>\n<p>Tufan\u0131n hususili\u011fi b\u00f6ylece malum olduktan sonra, diyece\u011fiz ki insanl\u0131\u011f\u0131n ilk be\u015fi\u011fi neresi olursa olsun Nuh\u2019un gemisi Cudi da\u011f\u0131 \u00fczerine konup K\u00fcrdistan\u2019da olmu\u015f oldu\u011fundan Hz. Nuh\u2019un evlad\u0131 K\u00fcrdistan\u2019da yerle\u015ferek ve orada \u00e7o\u011fal\u0131p yay\u0131lm\u0131\u015flard\u0131r.<\/p>\n<p>Bu takdirce \u0130ranilik, Turanilik mevzui bahs [s\u00f6zkonusu] edilmeksizin Cenab\u0131 Nuh\u2019un en yak\u0131n evlad\u0131 K\u00fcrdler oldu\u011fu kabul ve tasdik etmek tabii gerekliklerdendir.<\/p>\n<p><em>(Kurdistan<\/em>, no: 19, \u0130kinci Sene, Pazarertesi 29 Mart 1336-R (29 Mart 1920), \u0130stanbul)<\/p>\n<h6 id=\"headline-77-138\" class=\"ct-headline\"><span id=\"span-78-138\" class=\"ct-span\">B\u00ceRA ME- Emin Feyzi-kovarabir.com<\/span><\/h6>\n","protected":false},"excerpt":{"rendered":"<p>Bu konunun tufanla alakas\u0131 oldu\u011fundan bir tufandan bahsetmek icabeder. Tufan\u0131n olu\u015fumunu baz\u0131 kimseler inkar ederler. Tarihten \u00f6nceki zamana ait olan tufan i\u00e7in en do\u011fru haberci\u00a0Kur\u2019an-\u0131 azim\u00fb\u2019\u015f- \u015fand\u0131r. Tufan\u0131n etraf\u0131nda deveran eden ahdi kadim [eski ahit] hikayeleri, tahrif edilmi\u015f eserlerden olmakla beraber mademki tufan bizatihi\u00a0Kur\u2019an-\u0131 Kerimin haber verdiklerindendir, s\u0131hhat\u0131na iman etmek ayn\u0131 farz ve farz\u0131 ayand\u0131r. &hellip;<\/p>\n","protected":false},"author":32,"featured_media":23892,"comment_status":"open","ping_status":"open","sticky":false,"template":"","format":"standard","meta":{"footnotes":""},"categories":[65],"tags":[117,1616],"class_list":["post-23891","post","type-post","status-publish","format-standard","has-post-thumbnail","","category-forum","tag-kurtler","tag-manset"],"_links":{"self":[{"href":"https:\/\/candname.com\/tr\/index.php?rest_route=\/wp\/v2\/posts\/23891","targetHints":{"allow":["GET"]}}],"collection":[{"href":"https:\/\/candname.com\/tr\/index.php?rest_route=\/wp\/v2\/posts"}],"about":[{"href":"https:\/\/candname.com\/tr\/index.php?rest_route=\/wp\/v2\/types\/post"}],"author":[{"embeddable":true,"href":"https:\/\/candname.com\/tr\/index.php?rest_route=\/wp\/v2\/users\/32"}],"replies":[{"embeddable":true,"href":"https:\/\/candname.com\/tr\/index.php?rest_route=%2Fwp%2Fv2%2Fcomments&post=23891"}],"version-history":[{"count":1,"href":"https:\/\/candname.com\/tr\/index.php?rest_route=\/wp\/v2\/posts\/23891\/revisions"}],"predecessor-version":[{"id":23893,"href":"https:\/\/candname.com\/tr\/index.php?rest_route=\/wp\/v2\/posts\/23891\/revisions\/23893"}],"wp:featuredmedia":[{"embeddable":true,"href":"https:\/\/candname.com\/tr\/index.php?rest_route=\/wp\/v2\/media\/23892"}],"wp:attachment":[{"href":"https:\/\/candname.com\/tr\/index.php?rest_route=%2Fwp%2Fv2%2Fmedia&parent=23891"}],"wp:term":[{"taxonomy":"category","embeddable":true,"href":"https:\/\/candname.com\/tr\/index.php?rest_route=%2Fwp%2Fv2%2Fcategories&post=23891"},{"taxonomy":"post_tag","embeddable":true,"href":"https:\/\/candname.com\/tr\/index.php?rest_route=%2Fwp%2Fv2%2Ftags&post=23891"}],"curies":[{"name":"wp","href":"https:\/\/api.w.org\/{rel}","templated":true}]}}