{"id":23865,"date":"2024-12-22T11:24:33","date_gmt":"2024-12-22T08:24:33","guid":{"rendered":"https:\/\/candname.com\/tr\/?p=23865"},"modified":"2024-12-22T11:24:33","modified_gmt":"2024-12-22T08:24:33","slug":"diyarbekirda-en-uzun-gece-basliyor-seva-yelda-sebe-yelda","status":"publish","type":"post","link":"https:\/\/candname.com\/tr\/?p=23865","title":{"rendered":"Diyarbekir\u2019da en uzun gece ba\u015fl\u0131yor: \u015eeva Yelda\/\u015eeb\u00ea Yelda"},"content":{"rendered":"<div class=\"content-description\"><span style=\"font-family: -apple-system, BlinkMacSystemFont, 'Segoe UI', Roboto, Oxygen, Oxygen-Sans, Ubuntu, Cantarell, 'Helvetica Neue', 'Open Sans', Arial, sans-serif;\">Diyarbek\u0131r\u2019da, y\u0131l\u0131n en uzun gecesi olan 21 Aral\u0131k K\u0131\u015f G\u00fcnd\u00f6n\u00fcm\u00fc, \u015eeb-i Yelda (Yelda Gecesi) olarak kutlan\u0131yor. K\u00fcrtler ba\u015fta olmak \u00fczere, Fars k\u00fclt\u00fcr\u00fc ve Ortado\u011fu ve Asya geleneklerinden gelen bu \u00f6zel gece, &#8220;ayd\u0131nl\u0131\u011f\u0131n do\u011fdu\u011fu gece&#8221; olarak yorumlan\u0131rken, Diyarbak\u0131r halk\u0131 i\u00e7in de bereketi ve yenilenmeyi simgeliyor.<\/span><\/div>\n<div class=\"article-content\">\n<div class=\"text-content\">\n<p><img loading=\"lazy\" decoding=\"async\" src=\"https:\/\/cdn.amidahaber.com\/other\/2024\/12\/20\/newe-18.jpg\" alt=\"newe-18.jpg\" width=\"1280\" height=\"720\" \/><\/p>\n<p>Yelda Gecesi\u2019nin \u00f6nemli sembollerinden biri olan nar, k\u0131rm\u0131z\u0131 taneleriyle hayat\u0131n bereketini, a\u015fk\u0131 ve yenilenmeyi ifade ederken, kavun ve karpuz ise sa\u011fl\u0131\u011f\u0131 ve k\u0131\u015f so\u011fuklar\u0131na kar\u015f\u0131 korumay\u0131 temsil ediyor. Diyarbek\u0131r\u2019daki sofralarda bu meyveler, k\u0131\u015f\u0131n so\u011fuk g\u00fcnlerinde yaz s\u0131cakl\u0131\u011f\u0131n\u0131 hat\u0131rlatan vazge\u00e7ilmezler aras\u0131nda yer al\u0131yor.<\/p>\n<p><img loading=\"lazy\" decoding=\"async\" src=\"https:\/\/cdn.amidahaber.com\/other\/2024\/12\/20\/newe-17.jpg\" alt=\"newe-17.jpg\" width=\"1280\" height=\"720\" \/><\/p>\n<p>Diyarbek\u0131r\u2019da Yelda Gecesi (\u015eeva Yelda) vesilesiyle bir araya gelen aileler, y\u0131l\u0131n en uzun gecesini kutlamak i\u00e7in geleneksel sofralar kurarak bu \u00f6zel gecenin anlam\u0131n\u0131 ya\u015fat\u0131yor. \u015eeb-i Yelda, Diyarbek\u0131r\u2019da k\u00fclt\u00fcrel zenginliklerin bir yans\u0131mas\u0131 olarak kabul ediliyor.<\/p>\n<p><img loading=\"lazy\" decoding=\"async\" src=\"https:\/\/cdn.amidahaber.com\/other\/2024\/12\/20\/jk.webp\" alt=\"jk.webp\" width=\"780\" height=\"470\" \/><\/p>\n<p><strong>K\u00fcrtlerde \u015eeva Yelda<\/strong><\/p>\n<p>K\u00fcrt takvimine g\u00f6re k\u0131\u015f ve yaz aylar\u0131 iki k\u0131rk g\u00fcn olarak hesaplan\u0131r. K\u00fcrt\u00e7e \u00c7iley\u00ea bicuk(K\u00fc\u00e7\u00fck k\u0131rk) ve \u00c7iley\u00ea mezin (B\u00fcy\u00fck k\u0131rk) olarak parsellenan aylar 30 g\u00fcn de\u011fil k\u0131rkar g\u00fcne b\u00f6l\u00fcnm\u00fc\u015ft\u00fcr. 21 Aral\u0131k \u00c7ile bi\u00e7uk\u2019un yani ba\u015flad\u0131\u011f\u0131 gece \u201c\u015eeva Yelda \/ \u015eeva \u00c7ile\u201d bayram olarak kutlan\u0131r.<\/p>\n<p>K\u00f6keninin ne kadar eskiye dayand\u0131\u011f\u0131 hakk\u0131nda farkl\u0131 rivayetlerin oldu\u011fu K\u00fcrt\u00e7e \u201c\u015eeva Yelda \/ \u015eeva \u00c7ile\u201d Fars\u00e7a \u201c\u015eeb-i Yelda\u201dolarak adland\u0131rd\u0131\u011f\u0131 gece Ari halklar\u0131 aras\u0131nda \u00f6zellikle \u0130ran K\u00fcrt\u015fer aras\u0131nda ve \u0130ran\u2019da y\u00fczy\u0131llard\u0131r kutlanan bir bayram.<\/p>\n<p>Amida haberam\u00eed<\/p>\n<\/div>\n<\/div>\n","protected":false},"excerpt":{"rendered":"<p>Diyarbek\u0131r\u2019da, y\u0131l\u0131n en uzun gecesi olan 21 Aral\u0131k K\u0131\u015f G\u00fcnd\u00f6n\u00fcm\u00fc, \u015eeb-i Yelda (Yelda Gecesi) olarak kutlan\u0131yor. K\u00fcrtler ba\u015fta olmak \u00fczere, Fars k\u00fclt\u00fcr\u00fc ve Ortado\u011fu ve Asya geleneklerinden gelen bu \u00f6zel gece, &#8220;ayd\u0131nl\u0131\u011f\u0131n do\u011fdu\u011fu gece&#8221; olarak yorumlan\u0131rken, Diyarbak\u0131r halk\u0131 i\u00e7in de bereketi ve yenilenmeyi simgeliyor. Yelda Gecesi\u2019nin \u00f6nemli sembollerinden biri olan nar, k\u0131rm\u0131z\u0131 taneleriyle hayat\u0131n bereketini, &hellip;<\/p>\n","protected":false},"author":32,"featured_media":23866,"comment_status":"open","ping_status":"open","sticky":false,"template":"","format":"standard","meta":{"footnotes":""},"categories":[103],"tags":[4130,6757,1616],"class_list":["post-23865","post","type-post","status-publish","format-standard","has-post-thumbnail","","category-kultur","tag-amida","tag-amida-haber","tag-manset"],"_links":{"self":[{"href":"https:\/\/candname.com\/tr\/index.php?rest_route=\/wp\/v2\/posts\/23865","targetHints":{"allow":["GET"]}}],"collection":[{"href":"https:\/\/candname.com\/tr\/index.php?rest_route=\/wp\/v2\/posts"}],"about":[{"href":"https:\/\/candname.com\/tr\/index.php?rest_route=\/wp\/v2\/types\/post"}],"author":[{"embeddable":true,"href":"https:\/\/candname.com\/tr\/index.php?rest_route=\/wp\/v2\/users\/32"}],"replies":[{"embeddable":true,"href":"https:\/\/candname.com\/tr\/index.php?rest_route=%2Fwp%2Fv2%2Fcomments&post=23865"}],"version-history":[{"count":1,"href":"https:\/\/candname.com\/tr\/index.php?rest_route=\/wp\/v2\/posts\/23865\/revisions"}],"predecessor-version":[{"id":23867,"href":"https:\/\/candname.com\/tr\/index.php?rest_route=\/wp\/v2\/posts\/23865\/revisions\/23867"}],"wp:featuredmedia":[{"embeddable":true,"href":"https:\/\/candname.com\/tr\/index.php?rest_route=\/wp\/v2\/media\/23866"}],"wp:attachment":[{"href":"https:\/\/candname.com\/tr\/index.php?rest_route=%2Fwp%2Fv2%2Fmedia&parent=23865"}],"wp:term":[{"taxonomy":"category","embeddable":true,"href":"https:\/\/candname.com\/tr\/index.php?rest_route=%2Fwp%2Fv2%2Fcategories&post=23865"},{"taxonomy":"post_tag","embeddable":true,"href":"https:\/\/candname.com\/tr\/index.php?rest_route=%2Fwp%2Fv2%2Ftags&post=23865"}],"curies":[{"name":"wp","href":"https:\/\/api.w.org\/{rel}","templated":true}]}}