{"id":23844,"date":"2024-11-26T17:42:34","date_gmt":"2024-11-26T14:42:34","guid":{"rendered":"https:\/\/candname.com\/tr\/?p=23844"},"modified":"2024-11-26T17:42:34","modified_gmt":"2024-11-26T14:42:34","slug":"nubihardan-bir-biyografi-kitabi","status":"publish","type":"post","link":"https:\/\/candname.com\/tr\/?p=23844","title":{"rendered":"N\u00fbbihar&#8217;dan Bir Biyografi Kitab\u0131"},"content":{"rendered":"<p>Said El\u00e7i -Bir Misyon Bir Lider-<\/p>\n<p><span style=\"font-weight: 400;\">Tarih akt\u00f6rs\u00fcz olmaz. Tarihin anla\u015f\u0131lmas\u0131, akt\u00f6rlerinin anla\u015f\u0131lmas\u0131 ve rollerinin ortaya konmas\u0131 ile m\u00fcmk\u00fcnd\u00fcr. K\u00fcrt tarih yaz\u0131m\u0131nda akt\u00f6rlere ili\u015fkin \u00e7al\u0131\u015f\u0131lmalar olduk\u00e7a yeni ve bu alanda \u00e7ok b\u00fcy\u00fck bir i\u015f y\u00fck\u00fc bulunmaktad\u0131r. Elinizdeki \u00e7al\u0131\u015fma alana m\u00fctevazi bir katk\u0131 sunmaktad\u0131r. Said El\u00e7i\u2019nin siyasal biyografisini i\u00e7eren \u00e7al\u0131\u015fma, yak\u0131n K\u00fcrt tarihini Said El\u00e7i\u2019nin ki\u015fisel tarihinden yola \u00e7\u0131karak ortaya koymaya \u00e7al\u0131\u015fmaktad\u0131r. Yazar, Said El\u00e7i\u2019yi kurucu lider yapan tarihsel ve toplumsal ko\u015fullar\u0131 inceleyerek onun ki\u015fisel, K\u00fcrtlerin toplumsal ve siyasal miras\u0131n\u0131n Cumhuriyet d\u00f6nemi K\u00fcrt yak\u0131n tarihinde yeniden \u015fekillenmesine ve ya\u015fanan m\u00fccadelelere dikkat \u00e7ekmektedir. Ayr\u0131ca bu m\u00fccadele arenas\u0131nda Said El\u00e7i\u2019nin rol\u00fcn\u00fc belirlemeye \u00e7al\u0131\u015fmaktad\u0131r. Bunun yan\u0131nda K\u00fcrt siyasetindeki k\u0131r\u0131lmaya dikkat \u00e7ekmekte ve siyasetin yeniden in\u015fas\u0131na ili\u015fkin s\u00fcreci d\u00fc\u015f\u00fcnmeye davet etmektedir.<\/span><\/p>\n<table>\n<tbody>\n<tr>\n<td><b>Eser Ad\u0131: <\/b><span style=\"font-weight: 400;\">Said El\u00e7i -Bir misyon Bir Lider-<\/span><\/p>\n<p><b>Yazar Ad\u0131: <\/b><span style=\"font-weight: 400;\">Nurettin Beltekin<\/span><\/p>\n<p><b>Yay\u0131nevi: <\/b><span style=\"font-weight: 400;\">N\u00fbbihar<\/span><\/p>\n<p><b>T\u00fcr\u00fc: <\/b><span style=\"font-weight: 400;\">Biyografi<\/span><\/p>\n<p><b>Cilt Bilgisi: <\/b><span style=\"font-weight: 400;\">Karton kapak<\/span><\/p>\n<p><b>Bas\u0131m Tarihi: <\/b><span style=\"font-weight: 400;\">2024<\/span><\/p>\n<p><b>Bas\u0131m Bilgisi: <\/b><span style=\"font-weight: 400;\">1. bask\u0131<\/span><\/p>\n<p><b>Sayfa Say\u0131s\u0131: <\/b><span style=\"font-weight: 400;\">256<\/span><\/p>\n<p><b>Tema: <\/b><span style=\"font-weight: 400;\">Biyografi, sait el\u00e7i, k\u00fcrt siyaseti<\/span><\/p>\n<p>&nbsp;<\/p>\n<p><strong>Nurettin Beltekin Kimd\u0131r<\/strong><\/p>\n<p>Nurettin Beltekin liseyi Bing\u00f6l\u2019de okudu. Lisans\u0131 Erzurum\u2019da, y\u00fcksek lisans\u0131 ise Malatya\u2019da yapt\u0131.<br \/>\nAnkara \u00dcniversitesi\u2019nde E\u011fitim Bilimleri Enstit\u00fcs\u00fcnde \u201cK\u00fcrt politik akt\u00f6rlerin e\u011fitimsel deneyimleri\u201d<br \/>\nkonulu doktora tezini savundu. 2013\u2019ten beri Mardin Artuklu \u00dcniversitesi\u2019nde \u00e7al\u0131\u015fmaktad\u0131r. E\u011fitim<br \/>\nve K\u00fcrt \u00e7al\u0131\u015fmalar\u0131 alan\u0131nda kitap, makale ve bildirileri bulunmaktad\u0131r.<br \/>\n\u00c7al\u0131\u015fmalar\u0131ndan baz\u0131lar\u0131:<br \/>\nOkul ve \u00d6teki Yurtta\u015flar: K\u00fcrt Politik Akt\u00f6rlerinin E\u011fitimsel Deneyimleri.<br \/>\n&#8211; Mem\u00ea Alan.<br \/>\n&#8211; Subjects of Education Against School Family and Tribe.<br \/>\n&#8211; Education and Identity: Rebuilding of the Kurdish Identity within and in Spite of Turkish Education<br \/>\nSystem.<br \/>\n&#8211; S\u00f6zden Yaz\u0131ya Zazaca.<br \/>\n&#8211; Ji Al\u00eey\u00ea Felsefeya Perwerdey\u00ea ve Perwerdeya Kurd\u00ee.<br \/>\n&#8211; The Kurds: an encyclopedia of life, culture, and society.<br \/>\n&#8211; E\u011fitim ve Kimlik.<br \/>\n&#8211; D\u00eewanan\u00ea Kirdk\u00ee (Zazak\u00ee) de Tes\u00eer\u00ea Melay\u00ea Ciz\u00eer\u00ee.<br \/>\n&#8211; Nu\u015fti\u015f\u00ea Zazak\u00ee de Problem\u00ea Nu\u015fti\u015f\u00ea Fekan<br \/>\n-Nim\u00fbney\u00ea Fek\u00ea \u00c7ewl\u00eeg\u00ee-<\/td>\n<\/tr>\n<\/tbody>\n<\/table>\n","protected":false},"excerpt":{"rendered":"<p>Said El\u00e7i -Bir Misyon Bir Lider- Tarih akt\u00f6rs\u00fcz olmaz. Tarihin anla\u015f\u0131lmas\u0131, akt\u00f6rlerinin anla\u015f\u0131lmas\u0131 ve rollerinin ortaya konmas\u0131 ile m\u00fcmk\u00fcnd\u00fcr. K\u00fcrt tarih yaz\u0131m\u0131nda akt\u00f6rlere ili\u015fkin \u00e7al\u0131\u015f\u0131lmalar olduk\u00e7a yeni ve bu alanda \u00e7ok b\u00fcy\u00fck bir i\u015f y\u00fck\u00fc bulunmaktad\u0131r. Elinizdeki \u00e7al\u0131\u015fma alana m\u00fctevazi bir katk\u0131 sunmaktad\u0131r. Said El\u00e7i\u2019nin siyasal biyografisini i\u00e7eren \u00e7al\u0131\u015fma, yak\u0131n K\u00fcrt tarihini Said El\u00e7i\u2019nin ki\u015fisel &hellip;<\/p>\n","protected":false},"author":32,"featured_media":23845,"comment_status":"open","ping_status":"open","sticky":false,"template":"","format":"standard","meta":{"footnotes":""},"categories":[1746],"tags":[92,1616,6751],"class_list":["post-23844","post","type-post","status-publish","format-standard","has-post-thumbnail","","category-kitapcilik","tag-kitap","tag-manset","tag-said-elci"],"_links":{"self":[{"href":"https:\/\/candname.com\/tr\/index.php?rest_route=\/wp\/v2\/posts\/23844","targetHints":{"allow":["GET"]}}],"collection":[{"href":"https:\/\/candname.com\/tr\/index.php?rest_route=\/wp\/v2\/posts"}],"about":[{"href":"https:\/\/candname.com\/tr\/index.php?rest_route=\/wp\/v2\/types\/post"}],"author":[{"embeddable":true,"href":"https:\/\/candname.com\/tr\/index.php?rest_route=\/wp\/v2\/users\/32"}],"replies":[{"embeddable":true,"href":"https:\/\/candname.com\/tr\/index.php?rest_route=%2Fwp%2Fv2%2Fcomments&post=23844"}],"version-history":[{"count":1,"href":"https:\/\/candname.com\/tr\/index.php?rest_route=\/wp\/v2\/posts\/23844\/revisions"}],"predecessor-version":[{"id":23846,"href":"https:\/\/candname.com\/tr\/index.php?rest_route=\/wp\/v2\/posts\/23844\/revisions\/23846"}],"wp:featuredmedia":[{"embeddable":true,"href":"https:\/\/candname.com\/tr\/index.php?rest_route=\/wp\/v2\/media\/23845"}],"wp:attachment":[{"href":"https:\/\/candname.com\/tr\/index.php?rest_route=%2Fwp%2Fv2%2Fmedia&parent=23844"}],"wp:term":[{"taxonomy":"category","embeddable":true,"href":"https:\/\/candname.com\/tr\/index.php?rest_route=%2Fwp%2Fv2%2Fcategories&post=23844"},{"taxonomy":"post_tag","embeddable":true,"href":"https:\/\/candname.com\/tr\/index.php?rest_route=%2Fwp%2Fv2%2Ftags&post=23844"}],"curies":[{"name":"wp","href":"https:\/\/api.w.org\/{rel}","templated":true}]}}