{"id":23789,"date":"2024-11-06T21:54:16","date_gmt":"2024-11-06T18:54:16","guid":{"rendered":"https:\/\/candname.com\/tr\/?p=23789"},"modified":"2024-11-06T21:54:16","modified_gmt":"2024-11-06T18:54:16","slug":"ozgurluk-tarihi-serisnin-5-kitabi-cikti","status":"publish","type":"post","link":"https:\/\/candname.com\/tr\/?p=23789","title":{"rendered":"\u00d6ZG\u00dcRL\u00dcK TAR\u0130H\u0130 SER\u0130SN\u0130N 5. K\u0130TABI \u00c7IKTI"},"content":{"rendered":"<p><strong>\u00d6ZG\u00dcRL\u00dcK TAR\u0130H\u0130 SER\u0130SN\u0130N 5. K\u0130TABI \u00c7IKTI<\/strong><\/p>\n<p><strong>Muhammed&#8217;den Ahmed\u00ea Xan\u00ee&#8217;ye \u00d6zg\u00fcrl\u00fck Tarihi: <\/strong><\/p>\n<p><strong>Orta \u00c7a\u011f K\u00fcrdistan ve D\u00fcnya Tarihi<\/strong><\/p>\n<p><strong>\u00a0<\/strong><\/p>\n<p><strong>Muhammed&#8217;den Ahmed\u00ea Xan\u00ee&#8217;ye \u00d6zg\u00fcrl\u00fck Tarihi: Orta \u00c7a\u011f K\u00fcrdistan ve D\u00fcnya Tarihi<\/strong>, okuyucular\u0131n\u0131 Orta \u00c7a\u011f K\u00fcrdistan&#8217;\u0131n zengin tarihi ve k\u00fclt\u00fcr\u00fcyle bulu\u015fturan, ayn\u0131 zamanda d\u00fcnya tarihine \u00f6zg\u00fcn bir bak\u0131\u015f a\u00e7\u0131s\u0131 sunan bir eser.<\/p>\n<p><strong>D\u00fcnya Tarihine Yeni Bir Bak\u0131\u015f A\u00e7\u0131s\u0131<\/strong><\/p>\n<p>Tikan, sadece K\u00fcrdistan tarihine odaklanmakla kalm\u0131yor, ayn\u0131 zamanda Orta \u00c7a\u011f&#8217;daki di\u011fer \u00f6nemli geli\u015fmeleri de ele al\u0131yor. \u0130slam medeniyetinin y\u00fckseli\u015fi, Ha\u00e7l\u0131 Seferleri, Mo\u011fol istilas\u0131 gibi d\u00fcnya \u00e7ap\u0131ndaki olaylar, K\u00fcrdistan tarihiyle olan ba\u011flant\u0131lar\u0131 \u00e7er\u00e7evesinde inceleniyor. Bu sayede, okuyucular Orta \u00c7a\u011f&#8217;\u0131 daha geni\u015f bir perspektiften g\u00f6rme imkan\u0131 buluyor.<\/p>\n<p><strong>Felsefe ve Tarihin Bulu\u015fturan Kitap<\/strong><\/p>\n<p>Tikan, tarihsel anlat\u0131y\u0131 felsefi sorgulamalarla zenginle\u015ftiriyor. \u00d6zg\u00fcrl\u00fck, adalet, e\u015fitlik gibi kavramlar, K\u00fcrdistan tarihi ba\u011flam\u0131nda derinlemesine ele al\u0131n\u0131yor. Bu sayede, kitap sadece tarihi bir eser olman\u0131n \u00f6tesine ge\u00e7erek okurlar\u0131 d\u00fc\u015f\u00fcnmeye ve sorgulamaya te\u015fvik ediyor.<\/p>\n<p><strong>Muhammet\u2019den Ahmed\u00ea Xan\u00ee\u2019ye \u00d6zg\u00fcrl\u00fck Tarihi Orta \u00c7a\u011f K\u00fcrdistan ve D\u00fcnya Tarihi<\/strong><\/p>\n<p><strong>Yazar:\u0130brahim Tikan<\/strong><\/p>\n<p><strong>462 sayfa<\/strong><\/p>\n<p><strong>Y\u0131l: Eyl\u00fcl 2024<\/strong><\/p>\n<p><strong>Yay\u0131nevi: Na Yay\u0131nlar\u0131<\/strong><\/p>\n<p>&nbsp;<\/p>\n<p>&nbsp;<\/p>\n<p><strong>\u0130brahim T\u0130<\/strong><strong>KAN<\/strong> 1984 y\u0131l\u0131nda Kars\u2019ta do\u011fdu.Yazar kendisine perspektif edindi\u011fi yenilik\u00e7i, \u00f6zg\u00fcrl\u00fck\u00e7\u00fc bilim \u0131\u015f\u0131\u011f\u0131nda akademik ve entelekt\u00fcel faaliyetlerini s\u00fcrd\u00fcrmektedir.<\/p>\n<p><strong>Eserleri;<\/strong><\/p>\n<p><strong>1)<\/strong> Big Bang\u2019dan \u0130nsan\u2019a \u00d6zg\u00fcrl\u00fck Tarihi (Ba\u015flang\u0131\u00e7tan G\u00fcn\u00fcm\u00fcze Ya\u015fam\u0131n Evrimi) 2021\/Na Yay\u0131nlar\u0131\/\u0130zmir<\/p>\n<p><strong>2) <\/strong>Maymundan Tanr\u0131ya \u00d6zg\u00fcrl\u00fck Tarihi (\u0130nsan Evrimi ve Uygarl\u0131\u011f\u0131n Do\u011fu\u015fu)\/2021\/Na Yay\u0131nlar\u0131 \/ \u0130zmir<\/p>\n<p><strong>3) <\/strong>Gudea\u2019dan Sokrates\u2019e \u00d6zg\u00fcrl\u00fck Tarihi (Antik K\u00fcrdistan ve D\u00fcnya Tarihi) 2021\/Na Yay\u0131nlar\u0131\/\u0130zmir<\/p>\n<p><strong>4)<\/strong> Spartak\u00fcs\u2019ten Mazdek\u2019e \u00d6zg\u00fcrl\u00fck Tarihi (Klasik K\u00fcrdistan ve D\u00fcnya Tarihi) \/2021\/Na Yay\u0131nlar\u0131\/ \u0130zmir<\/p>\n<p><strong>5)<\/strong> Muhammed\u2019den Ahmed\u00ea Xan\u00ee\u2019ye \u00d6zg\u00fcrl\u00fck Tarihi ( Orta \u00c7a\u011f K\u00fcrdistan ve D\u00fcnya Tarihi)\/2024\/Na Yay\u0131nlar\u0131\/\u0130zmir<\/p>\n<p><strong>6) <\/strong>\u00dcmmet\u2019ten Ulusa \u00d6zg\u00fcrl\u00fck Tarihi (Bask\u0131ya Haz\u0131rlan\u0131yor)<\/p>\n<p>&nbsp;<\/p>\n<p><strong>Na Yay\u0131nlar\u0131<\/strong><\/p>\n<p><strong>www.nayayinlari.com<\/strong><\/p>\n","protected":false},"excerpt":{"rendered":"<p>\u00d6ZG\u00dcRL\u00dcK TAR\u0130H\u0130 SER\u0130SN\u0130N 5. K\u0130TABI \u00c7IKTI Muhammed&#8217;den Ahmed\u00ea Xan\u00ee&#8217;ye \u00d6zg\u00fcrl\u00fck Tarihi: Orta \u00c7a\u011f K\u00fcrdistan ve D\u00fcnya Tarihi \u00a0 Muhammed&#8217;den Ahmed\u00ea Xan\u00ee&#8217;ye \u00d6zg\u00fcrl\u00fck Tarihi: Orta \u00c7a\u011f K\u00fcrdistan ve D\u00fcnya Tarihi, okuyucular\u0131n\u0131 Orta \u00c7a\u011f K\u00fcrdistan&#8217;\u0131n zengin tarihi ve k\u00fclt\u00fcr\u00fcyle bulu\u015fturan, ayn\u0131 zamanda d\u00fcnya tarihine \u00f6zg\u00fcn bir bak\u0131\u015f a\u00e7\u0131s\u0131 sunan bir eser. D\u00fcnya Tarihine Yeni Bir Bak\u0131\u015f A\u00e7\u0131s\u0131 &hellip;<\/p>\n","protected":false},"author":32,"featured_media":23790,"comment_status":"open","ping_status":"open","sticky":false,"template":"","format":"standard","meta":{"footnotes":""},"categories":[3],"tags":[6742,1616,5456],"class_list":["post-23789","post","type-post","status-publish","format-standard","has-post-thumbnail","","category-haber","tag-ibrahim-tikan","tag-manset","tag-ozgurluk"],"_links":{"self":[{"href":"https:\/\/candname.com\/tr\/index.php?rest_route=\/wp\/v2\/posts\/23789","targetHints":{"allow":["GET"]}}],"collection":[{"href":"https:\/\/candname.com\/tr\/index.php?rest_route=\/wp\/v2\/posts"}],"about":[{"href":"https:\/\/candname.com\/tr\/index.php?rest_route=\/wp\/v2\/types\/post"}],"author":[{"embeddable":true,"href":"https:\/\/candname.com\/tr\/index.php?rest_route=\/wp\/v2\/users\/32"}],"replies":[{"embeddable":true,"href":"https:\/\/candname.com\/tr\/index.php?rest_route=%2Fwp%2Fv2%2Fcomments&post=23789"}],"version-history":[{"count":1,"href":"https:\/\/candname.com\/tr\/index.php?rest_route=\/wp\/v2\/posts\/23789\/revisions"}],"predecessor-version":[{"id":23791,"href":"https:\/\/candname.com\/tr\/index.php?rest_route=\/wp\/v2\/posts\/23789\/revisions\/23791"}],"wp:featuredmedia":[{"embeddable":true,"href":"https:\/\/candname.com\/tr\/index.php?rest_route=\/wp\/v2\/media\/23790"}],"wp:attachment":[{"href":"https:\/\/candname.com\/tr\/index.php?rest_route=%2Fwp%2Fv2%2Fmedia&parent=23789"}],"wp:term":[{"taxonomy":"category","embeddable":true,"href":"https:\/\/candname.com\/tr\/index.php?rest_route=%2Fwp%2Fv2%2Fcategories&post=23789"},{"taxonomy":"post_tag","embeddable":true,"href":"https:\/\/candname.com\/tr\/index.php?rest_route=%2Fwp%2Fv2%2Ftags&post=23789"}],"curies":[{"name":"wp","href":"https:\/\/api.w.org\/{rel}","templated":true}]}}