{"id":23785,"date":"2024-11-04T19:16:22","date_gmt":"2024-11-04T16:16:22","guid":{"rendered":"https:\/\/candname.com\/tr\/?p=23785"},"modified":"2024-11-04T19:16:22","modified_gmt":"2024-11-04T16:16:22","slug":"dogubayazitin-ilk-vakfi-olan-ahmed-i-hani-egitim-ve-kultur-vakfi-kuruldu","status":"publish","type":"post","link":"https:\/\/candname.com\/tr\/?p=23785","title":{"rendered":"Do\u011fubayaz\u0131t&#8217;\u0131n ilk Vakf\u0131 olan Ahmed-i Hani E\u011fitim ve K\u00fclt\u00fcr Vakf\u0131 kuruldu"},"content":{"rendered":"<div class=\"moduleBackground\">\n<div class=\"tema_3 module_113\">\n<div id=\"detaymetin\" class=\"content-news spotSize spotColor\">\n<p><span class=\"text-big\"><strong>KAMUOYUNA<\/strong><\/span><\/p>\n<figure class=\"table\">\n<table>\n<tbody>\n<tr>\n<td><span class=\"text-big\"><strong>Sername\u00ea name nam\u00ea Ellah<\/strong><\/span><\/td>\n<td><span class=\"text-big\"><i><strong>Kitab\u0131n ba\u015flang\u0131c\u0131ndan an\u0131l\u0131r Allah<\/strong><\/i><\/span><\/td>\n<\/tr>\n<tr>\n<td><span class=\"text-big\"><strong>B\u00ea nam\u00ea w\u00ee, natemam e wellah<\/strong><\/span><\/td>\n<td><span class=\"text-big\"><i><strong>Yoksa onun ad\u0131, kitap eksiktir vallah!<\/strong><\/i><\/span><\/td>\n<\/tr>\n<tr>\n<td><span class=\"text-big\"><strong>Hemd \u00fb sena \u00fb \u015fukran\u00ee<\/strong><\/span><\/td>\n<td><span class=\"text-big\"><i><strong>Hamd, sena ve \u015f\u00fck\u00fcr<\/strong><\/i><\/span><\/td>\n<\/tr>\n<tr>\n<td><span class=\"text-big\"><strong>Ji bo w\u00ee xaliq\u00e9 Rehman\u00ee<\/strong><\/span><\/td>\n<td><span class=\"text-big\"><i><strong>Yarat\u0131c\u0131 olan Rahmana olsun ki;<\/strong><\/i><\/span><\/td>\n<\/tr>\n<tr>\n<td><span class=\"text-big\"><strong>Ku fesahat \u00fb beyan daye l\u00eesan\u00e9<\/strong><\/span><\/td>\n<td><span class=\"text-big\"><i><strong>Lisana fesahat ve beyan\u0131 vermi\u015ftir<\/strong><\/i><\/span><\/td>\n<\/tr>\n<tr>\n<td><span class=\"text-big\"><strong>Lisan daye \u00eensan\u00e9<\/strong><\/span><\/td>\n<td><span class=\"text-big\"><i><strong>\u0130nsana da bu lisan\u0131 vermi\u015ftir<\/strong><\/i><\/span><\/td>\n<\/tr>\n<tr>\n<td><span class=\"text-big\"><strong>V\u00ee zeman\u00ee her kesek m\u00eemar\u00e9 d\u00eewar\u00ea xwe ye<\/strong><\/span><\/td>\n<td><span class=\"text-big\"><i><strong>Bu zamanda herkes kendi duvar\u0131n\u0131n mimar\u0131d\u0131r<\/strong><\/i><\/span><\/td>\n<\/tr>\n<\/tbody>\n<\/table>\n<\/figure>\n<p>&nbsp;<\/p>\n<p><span class=\"text-big\">\u00a0 \u00a0 Ahmed-i Hani, ad\u0131yla kurulan ilk dernek olan \u2018Ahmed-i Hani, Bilim K\u00fclt\u00fcr Ara\u015ft\u0131rma Yard\u0131mla\u015fma ve Dayan\u0131\u015fma Derne\u011fi aradan ge\u00e7en 24 y\u0131l sonra Ekim 2024 tarihi itibariyle 21 Temmuz 2024 tarihinde Resmi Gazetenin 32608 say\u0131l\u0131 say\u0131s\u0131nda 7567 sicil numaras\u0131 ile\u00a0<strong>\u2018\u2019Ahmed-i Hani E\u011fitim<\/strong>\u00a0<strong>ve K\u00fclt\u00fcr Vakf\u0131\u2019\u2019\u00a0<\/strong>ad\u0131yla vak\u0131f stat\u00fcs\u00fcnde yeniden\u00a0kurulmu\u015f oldu. Bu vesileyle kurucular\u0131m\u0131z, \u00fcyelerimiz ve y\u00f6netimimiz ba\u015fta olmak \u00fczere bizlere maddi ve manevi destek verenlere ve aziz halk\u0131m\u0131za hay\u0131rl\u0131 olsun.<\/span><\/p>\n<p><span class=\"text-big\">\u00a0\u00a0\u00a0 \u00a0Kurumlar hizmet etti\u011fi gayelere ve bu gayeler i\u00e7in yapt\u0131\u011f\u0131 \u00e7al\u0131\u015fmalar oran\u0131nda k\u0131ymet al\u0131r ve de\u011ferli olurlar. Vakf\u0131m\u0131z k\u00f6kleri derin, Kur\u2019an hizmetini gaye edinen ve bu asr\u0131n i\u2019cazl\u0131 bir tefsiri olan Risale-i Nur gelene\u011finden gelmektedir. Yine Vakf\u0131m\u0131z \u00fcstad\u0131m\u0131z\u0131n manevi ders ald\u0131\u011f\u0131 Ahmed-i Hani Hazretlerinin ad\u0131n\u0131 alm\u0131\u015f ve bu iki \u00dcstad\u2019\u0131n hedef ve gayelerinin ger\u00e7ekle\u015fmesi i\u00e7in kurulmu\u015ftur. \u0130ki b\u00fcy\u00fck \u00fcstad\u0131n fikir ve gayelerini kendine kurulu\u015f gerek\u00e7esi yapan vakf\u0131m\u0131z\u0131n kurulu\u015f amac\u0131 olarak; Vak\u0131f senedinde belirtilen ana ba\u015fl\u0131klar \u015funlard\u0131r;<\/span><\/p>\n<p><span class=\"text-big\"><strong>1-E\u011fitim<\/strong><\/span><\/p>\n<p><span class=\"text-big\"><strong>2-Sa\u011fl\u0131k<\/strong><\/span><\/p>\n<p><span class=\"text-big\"><strong>3-K\u00fclt\u00fcr<\/strong><\/span><\/p>\n<p><span class=\"text-big\"><strong>4-Ekonomi<\/strong><\/span><\/p>\n<p><span class=\"text-big\">Alanlar\u0131nda ama\u00e7lar\u0131n\u0131 ger\u00e7ekle\u015ftirmeyi arzulamaktad\u0131r. Bu vesileyle;<\/span><\/p>\n<p><span class=\"text-big\"><strong>**E\u011fitim alan\u0131nda;\u00a0<\/strong>Vakf\u0131n imkanlar\u0131 el verdi\u011fi nispette her dil ve dalda Anaokul, ilk ve orta \u00f6\u011fretim kurumlar\u0131, y\u00fcksek \u00f6\u011fretim ve \u00fcniversite a\u00e7mak ve kurulmu\u015f e\u011fitim kurumlar\u0131na ortak olmak. Ayr\u0131ca k\u00fct\u00fcphaneler, dershaneler, okuma salonlar\u0131, kurslar ile g\u00f6rsel ve yaz\u0131l\u0131 \u015fekilde yay\u0131nlar \u00e7\u0131kartmak. Seminer, sempozyum ve paneller d\u00fczenleyerek ilmin yay\u0131lmas\u0131 maksad\u0131yla ara\u015ft\u0131rma yapan ara\u015ft\u0131rmac\u0131lara kar\u015f\u0131l\u0131kl\u0131\/kar\u015f\u0131l\u0131ks\u0131z maddi imkan sa\u011flamak.<\/span><\/p>\n<p><span class=\"text-big\">**<strong>Sa\u011fl\u0131k alan\u0131nda;\u00a0<\/strong>Vakf\u0131n imkanlar\u0131 el verdi\u011fi nispette modern t\u0131bb\u0131n geli\u015fimini de dikkate alarak yurt i\u00e7i ve yurt d\u0131\u015f\u0131nda her t\u00fcrl\u00fc malzeme almak ve kurum ve tesis a\u00e7mak.<\/span><\/p>\n<p><span class=\"text-big\">**<strong>K\u00fclt\u00fcr alan\u0131nda;\u00a0<\/strong>\u0130slam ahlak ve k\u00fclt\u00fcr\u00fcn\u00fcn t\u00fcm insanl\u0131\u011fa ula\u015ft\u0131r\u0131lmas\u0131 i\u00e7in faaliyet g\u00f6sterir. \u0130badethane ve e\u011fitim m\u00fcesseslerinin yap\u0131m\u0131na ve restorasyonuna katk\u0131 yapmak, ayni ve nakdi yard\u0131mlarda bulunmak ile Ahmed-i Hani Hazretlerinin tan\u0131t\u0131m\u0131 i\u00e7in panel, sempozyum, seminer ve eserlerinin tan\u0131t\u0131m\u0131 i\u00e7in \u00e7al\u0131\u015fmalar yapmak. Ahmed-i Hani Hazretlerinin manevi tedrisat\u0131ndan ge\u00e7en \u015eeyh Muhammed-i Celali, Bedi\u00fczzaman Said Nursi, Halife Yusuf Top\u00e7u ile Molla Musa Ge\u00e7it gibi bu gelenekten gelen alimleri tan\u0131tmak. Toplumun sosyal yard\u0131mla\u015fma ve dayan\u0131\u015fma bilincinin olu\u015fumunda yard\u0131mc\u0131 olacak k\u00fclt\u00fcrel faaliyetler yapmak, ba\u015fta vak\u0131f \u00fcyeleri olmak \u00fczere toplumun di\u011fer kesimleri ile yurt i\u00e7i ve yurt d\u0131\u015f\u0131 organizasyonlar yapmak, kahvalt\u0131lar, piknikler, \u00f6zel g\u00fcnlerde yemekli toplant\u0131lar d\u00fczenleyerek bir araya gelmek.<\/span><\/p>\n<p><span class=\"text-big\"><strong>**Ekonomi alan\u0131nda;\u00a0<\/strong>Vakf\u0131n imkanlar\u0131 \u00e7er\u00e7evesinde her kademedeki ihtiya\u00e7 sahibi \u00f6\u011frencilere ayn\u0131 ve nakdi yard\u0131m etmek, bar\u0131nma ihtiya\u00e7lar\u0131n\u0131 kar\u015f\u0131lamak, yurt a\u00e7mak ve bu konuda ma\u011fduriyetler gidermek.<\/span><\/p>\n<p><span class=\"text-big\">\u015eu an itibariyle vakf\u0131m\u0131z\u00a0<strong>\u2018\u2019Ahmed-i Hani E\u011fitim ve K\u00fclt\u00fcr Vakf\u0131\u2019\u2019<\/strong>\u00a0b\u00fcnyesinde; Okuma salonu (Ders \u00e7al\u0131\u015fma salonu), k\u00fct\u00fcphane, camii ve tedrisat salonu hizmet vermektedir.<\/span><\/p>\n<p><span class=\"text-big\"><strong>Bu d\u00f6rt ana \u00e7er\u00e7eve ba\u011flam\u0131nda;<\/strong><\/span><\/p>\n<p><span class=\"text-big\">*\u00a0\u00a0Adaletten, \u00f6zg\u00fcrl\u00fckten, karde\u015flikten ve bar\u0131\u015ftan yana olacak ve bu gaye i\u00e7in \u00e7al\u0131\u015fmalar yapmak,<\/span><\/p>\n<p><span class=\"text-big\">*\u00a0\u00a0\u00dc\u00e7 cevherimiz olan milliyetimize, \u0130slamiyet\u2019imize, insaniyetimize ve onun ta\u015f\u0131d\u0131\u011f\u0131 de\u011ferlere sahip \u00e7\u0131kmay\u0131 her zaman g\u00f6rev addetmek,<\/span><\/p>\n<p><span class=\"text-big\">*\u00a0\u00a0\u0130ttifakta kuvvet, birlikte hayat, karde\u015flikte saadet, oldu\u011fu bilinciyle birlik ve muhabbet ba\u011f\u0131n\u0131 her zaman g\u00fc\u00e7l\u00fc tutmak,<\/span><\/p>\n<p><span class=\"text-big\">*\u00a0\u00a0Milletimizi geri b\u0131rakt\u0131ran; fakirlik, cehalet ve ihtilafla her zaman m\u00fccadele etmeyi bir g\u00f6rev olarak gaye edinmek,<\/span><\/p>\n<p><span class=\"text-big\">*\u00a0\u00a0Milletimizin ilerlemesi i\u00e7in,\u00a0Adalet, e\u011fitim, okuma, \u0130ttifak ve milli muhabbet bayra\u011f\u0131n\u0131 her zaman y\u00fcceltmek i\u00e7in \u00e7al\u0131\u015fmalar\u0131n\u0131 programl\u0131 bir \u015fekilde yapma gayretini sarf etmek,<\/span><\/p>\n<p><span class=\"text-big\">*\u00a0\u00a0Hz. Han\u00ee\u2019nin bilgelikle ke\u015ffetti\u011fi d\u00fcnyan\u0131n ba\u015fl\u0131\u011f\u0131 olan hamiyetli olma nasihatine uyarak \u201c<i>kimin himmeti milleti ise o tek ba\u015f\u0131na bir millettir<\/i>\u201d \u015fiar\u0131yla milletimizin ve onun gelece\u011fi \u00e7ocuklar\u0131n d\u00fcnya ve ahreti i\u00e7in \u00e7abalamak,<\/span><\/p>\n<p><span class=\"text-big\">*\u00a0\u00a0M\u00fcsl\u00fcmanlar aras\u0131nda her zaman sulh unsuru olmay\u0131 her zaman ve zeminde ilke olarak benimsemek,<\/span><\/p>\n<p><span class=\"text-big\">*\u00a0\u00a0Milletimizin gelece\u011fini bat\u0131l ideolojilerde de\u011fil binlerce y\u0131ll\u0131k medeniyetinde oldu\u011fu bilinciyle hep tarih ve gelecek aras\u0131nda k\u00f6pr\u00fc olmay\u0131 esas gaye edinmek,<\/span><\/p>\n<p><span class=\"text-big\">Ahmed-i\u00a0Han\u00ee\u2019den ald\u0131\u011f\u0131m\u0131z ders ile din ve milleti, ilim ve hikmeti ayr\u0131lmaz de\u011ferler olarak g\u00f6rm\u00fc\u015f, vicdan\u0131n nurunun dini ilimlerde, akl\u0131n nurunun da modern bilimlerde oldu\u011fu ger\u00e7ekli\u011fini benimsemek,<\/span><\/p>\n<p><span class=\"text-big\">*\u00a0\u00a0Ne dindarl\u0131k ad\u0131 alt\u0131nda milliyetsizlik, ne de milliyetperverlik ad\u0131 alt\u0131nda dinsizli\u011fe taraftar olmamak ve\u00a0milliyetimizi \u0130slamiyet\u2019in hakikatiyle bir ve \u00f6zde\u015f g\u00f6rmek,<\/span><\/p>\n<p><span class=\"text-big\">*\u00a0\u00a0Her zaman ve zeminde insanl\u0131\u011f\u0131, \u00fcmmeti, milleti ve yereli ilgilendiren sorunlara d\u00fc\u015f\u00fcnsel, fikirsel \u00f6nerilerini kendisini besleyen dinamikler \u0131\u015f\u0131\u011f\u0131nda \u00e7\u00f6z\u00fcmler getirmeye, tarafs\u0131zl\u0131\u011f\u0131 asla bir yol olarak ele almamakla birlikte hi\u00e7bir tarafa da yaslanmamay\u0131 esas kriter al\u0131naca\u011f\u0131 beyan etmek,<\/span><\/p>\n<p><span class=\"text-big\">*\u00a0\u00a0Toplumsal \u00e7al\u0131\u015fmalarda her zaman\u00a0m\u00fcsbet hareket etme mecburiyeti ve masumlar\u0131n hakk\u0131 ilkelerini g\u00f6zetleyecek ve bu minvalde \u00e7al\u0131\u015fmalar y\u00fcr\u00fct\u00fclece\u011fi esaslar \u00fczerinde durmak,<\/span><\/p>\n<p><span class=\"text-big\">*\u00a0\u00a0Toplumsal de\u011fi\u015fimin yolunu siyasetle de\u011fil, e\u011fitim, g\u00fczel ahlak\u0131 h\u00e2kim k\u0131lma, istikamet gibi me\u015fru vas\u0131talar\u0131 kullanmay\u0131 y\u00f6ntem olarak benimsemek,<\/span><\/p>\n<p><span class=\"text-big\">Bir milleti millet yapan temel de\u011ferler; dini, dili ve ahlak\u0131d\u0131r. Biz bu \u00fc\u00e7 temel unsuru geli\u015ftirmeyi, sahiplenmeyi ve ileriye ta\u015f\u0131may\u0131 hem milli hem de dini bir vecibe olarak g\u00f6rmeyi esas olarak kabul etmek,<\/span><\/p>\n<p><span class=\"text-big\">\u00a0Bu temennilerden iyi \u015feyler dev\u015firenler kazan\u00e7l\u0131 \u00e7\u0131kt\u0131. Bizler din ve millet i\u00e7in \u00e7ok fazla \u015fey yapt\u0131k m\u0131 yapmad\u0131k m\u0131 onun karar\u0131n\u0131 tarih verecektir. Ancak iyi \u015feyleri yapman\u0131n niyetinde de olmak bir erdemdir.<\/span><\/p>\n<p><span class=\"text-big\"><strong>Bu niyetle gelecek y\u0131llara;<\/strong><\/span><\/p>\n<p><span class=\"text-big\">Umutla bak\u0131yoruz \u00e7\u00fcnk\u00fc Allah\u2019\u0131n rahmetinden \u00fcmit kesilmez.<\/span><\/p>\n<p><span class=\"text-big\">Umutluyuz, \u00e7\u00fcnk\u00fc sorunlar\u0131m\u0131z\u0131 ve \u00e7\u00f6z\u00fcm yollar\u0131n\u0131 biliyoruz.<\/span><\/p>\n<p><span class=\"text-big\">Umutluyuz, \u00e7\u00fcnk\u00fc bu milletin\u00a0birli\u011fini sa\u011flad\u0131\u011f\u0131 takdirde,\u00a0bilgi ve birikimiyle\u00a0insanl\u0131\u011fa \u00f6nderlik edece\u011fi inanc\u0131nday\u0131z.<\/span><\/p>\n<p><span class=\"text-big\">Umutluyuz, \u00e7\u00fcnk\u00fc\u00a0medeniyet ve h\u00fcrriyet insanl\u0131k aleminde daha g\u00fc\u00e7l\u00fc konuma geliyor.<\/span><\/p>\n<p><span class=\"text-big\">Umutluyuz, \u00e7\u00fcnk\u00fc ekilen nur tohumlar\u0131n\u0131n bug\u00fcn ye\u015ferdi\u011fini g\u00f6r\u00fcyoruz.<\/span><\/p>\n<p><span class=\"text-big\">Umutluyuz, \u00e7\u00fcnk\u00fc bu milletin mal\u0131 art\u0131k kendi pazar\u0131nda de\u011fer buluyor. Yani pazar kesat de\u011fildir.<\/span><\/p>\n<p><span class=\"text-big\">Umutluyuz, \u00e7\u00fcnk\u00fc edilgen de\u011fil etkin bir nesle sahibiz.<\/span><\/p>\n<p><span class=\"text-big\">Umutluyuz, \u00e7\u00fcnk\u00fc tarihin ak\u0131\u015f\u0131na b\u0131rak\u0131lm\u0131\u015f de\u011fil tarihe y\u00f6n verecek durumday\u0131z.<\/span><\/p>\n<p><span class=\"text-big\">Umuduyla, hedefleriyle, gayret ve inanc\u0131yla halk\u0131m\u0131za hizmet yolunda nice y\u0131llara\u2026.<\/span><\/p>\n<p><span class=\"text-big\">Sayg\u0131lar\u0131m\u0131zla.<\/span><\/p>\n<p>&nbsp;<\/p>\n<p><span class=\"text-big\"><strong>\u00a0 \u00a0 \u00a0 \u00a0 \u00a0 \u00a0 \u00a0 \u00a0 \u00a0 \u00a0 \u00a0 \u00a0 \u00a0 \u00a0 \u00a0 \u00a0 \u00a0 \u00a0 \u00a0 \u00a0 \u00a0 \u00a0 \u00a0 \u00a0 \u00a0 \u00a0 \u00a0 \u00a0 \u00a0 \u00a0 \u00a0 \u00a0 Ahmed-i Hani E\u011fitim ve K\u00fclt\u00fcr Vakf\u0131<\/strong><\/span><\/p>\n<p><span class=\"text-big\"><strong>\u00a0 \u00a0 \u00a0 \u00a0 \u00a0 \u00a0 \u00a0 \u00a0 \u00a0 \u00a0 \u00a0 \u00a0 \u00a0 \u00a0 \u00a0 \u00a0 \u00a0\u00a0 \u00a0 \u00a0 \u00a0 \u00a0 \u00a0 \u00a0 \u00a0 \u00a0 \u00a0 \u00a0 \u00a0 \u00a0 \u00a0 \u00a0 \u00a0 \u00a0 \u00a0 \u00a0 \u00a0 \u00a0 \u00a0 \u00a0 \u00a0 \u00a0Kurucular Kurulu<\/strong><\/span><\/p>\n<\/div>\n<div><\/div>\n<\/div>\n<\/div>\n","protected":false},"excerpt":{"rendered":"<p>KAMUOYUNA Sername\u00ea name nam\u00ea Ellah Kitab\u0131n ba\u015flang\u0131c\u0131ndan an\u0131l\u0131r Allah B\u00ea nam\u00ea w\u00ee, natemam e wellah Yoksa onun ad\u0131, kitap eksiktir vallah! Hemd \u00fb sena \u00fb \u015fukran\u00ee Hamd, sena ve \u015f\u00fck\u00fcr Ji bo w\u00ee xaliq\u00e9 Rehman\u00ee Yarat\u0131c\u0131 olan Rahmana olsun ki; Ku fesahat \u00fb beyan daye l\u00eesan\u00e9 Lisana fesahat ve beyan\u0131 vermi\u015ftir Lisan daye \u00eensan\u00e9 \u0130nsana &hellip;<\/p>\n","protected":false},"author":32,"featured_media":23786,"comment_status":"open","ping_status":"open","sticky":false,"template":"","format":"standard","meta":{"footnotes":""},"categories":[3],"tags":[1086,4302,6741,1616,6740,4029],"class_list":["post-23785","post","type-post","status-publish","format-standard","has-post-thumbnail","","category-haber","tag-ahmed-i-hani","tag-bazid","tag-kultur-vakfi","tag-manset","tag-vakif","tag-xani"],"_links":{"self":[{"href":"https:\/\/candname.com\/tr\/index.php?rest_route=\/wp\/v2\/posts\/23785","targetHints":{"allow":["GET"]}}],"collection":[{"href":"https:\/\/candname.com\/tr\/index.php?rest_route=\/wp\/v2\/posts"}],"about":[{"href":"https:\/\/candname.com\/tr\/index.php?rest_route=\/wp\/v2\/types\/post"}],"author":[{"embeddable":true,"href":"https:\/\/candname.com\/tr\/index.php?rest_route=\/wp\/v2\/users\/32"}],"replies":[{"embeddable":true,"href":"https:\/\/candname.com\/tr\/index.php?rest_route=%2Fwp%2Fv2%2Fcomments&post=23785"}],"version-history":[{"count":1,"href":"https:\/\/candname.com\/tr\/index.php?rest_route=\/wp\/v2\/posts\/23785\/revisions"}],"predecessor-version":[{"id":23787,"href":"https:\/\/candname.com\/tr\/index.php?rest_route=\/wp\/v2\/posts\/23785\/revisions\/23787"}],"wp:featuredmedia":[{"embeddable":true,"href":"https:\/\/candname.com\/tr\/index.php?rest_route=\/wp\/v2\/media\/23786"}],"wp:attachment":[{"href":"https:\/\/candname.com\/tr\/index.php?rest_route=%2Fwp%2Fv2%2Fmedia&parent=23785"}],"wp:term":[{"taxonomy":"category","embeddable":true,"href":"https:\/\/candname.com\/tr\/index.php?rest_route=%2Fwp%2Fv2%2Fcategories&post=23785"},{"taxonomy":"post_tag","embeddable":true,"href":"https:\/\/candname.com\/tr\/index.php?rest_route=%2Fwp%2Fv2%2Ftags&post=23785"}],"curies":[{"name":"wp","href":"https:\/\/api.w.org\/{rel}","templated":true}]}}