{"id":23773,"date":"2024-10-28T16:49:55","date_gmt":"2024-10-28T13:49:55","guid":{"rendered":"https:\/\/candname.com\/tr\/?p=23773"},"modified":"2024-10-28T16:49:55","modified_gmt":"2024-10-28T13:49:55","slug":"cocuk-ve-anadilinin-onemi","status":"publish","type":"post","link":"https:\/\/candname.com\/tr\/?p=23773","title":{"rendered":"\u00c7ocuk ve Anadilinin \u00d6nemi"},"content":{"rendered":"<p>K\u00fcrt\u00e7e(Zazaki, Kurmanci, Sorani,Gorani)Anadilinin \u00e7ocuklar\u0131n geli\u015fimindeki rol\u00fc ger\u00e7ekten \u00e7ok \u00f6nemli. Bu konuyu biraz a\u00e7al\u0131m:<\/p>\n<p>Anadilinin \u00e7ocuk geli\u015fimindeki temel etkileri:<\/p>\n<p>1.\u2060 \u2060Bili\u015fsel Geli\u015fim<br \/>\n\u2022\u2060 \u2060D\u00fc\u015f\u00fcnme becerilerinin geli\u015fimi<br \/>\n\u2022\u2060 \u2060Problem \u00e7\u00f6zme yetene\u011fi<br \/>\n\u2022\u2060 \u2060Soyut d\u00fc\u015f\u00fcnme kapasitesi<br \/>\n\u2022\u2060 \u2060Haf\u0131za geli\u015fimi<\/p>\n<p>2.\u2060 \u2060Duygusal Geli\u015fim<br \/>\n\u2022\u2060 \u2060Kendini ifade edebilme<br \/>\n\u2022\u2060 \u2060\u00d6zg\u00fcven geli\u015fimi<br \/>\n\u2022\u2060 \u2060Aile ba\u011flar\u0131n\u0131n g\u00fc\u00e7lenmesi<br \/>\n\u2022\u2060 \u2060Kimlik olu\u015fumu<\/p>\n<p>3.\u2060 \u2060Sosyal Geli\u015fim<br \/>\n\u2022\u2060 \u2060Aile ve toplumla sa\u011fl\u0131kl\u0131 ileti\u015fim<br \/>\n\u2022\u2060 \u2060K\u00fclt\u00fcrel de\u011ferleri anlama<br \/>\n\u2022\u2060 \u2060Sosyal uyum becerisi<br \/>\n\u2022\u2060 \u2060Toplumsal aidiyat duygusu<\/p>\n<p>\u00c7ocu\u011funuzun anadilini g\u00fc\u00e7lendirmek i\u00e7in \u00f6neriler:<\/p>\n<p>1.\u2060 \u2060G\u00fcnl\u00fck Ya\u015fam<br \/>\n\u2022\u2060 \u2060Evde s\u00fcrekli anadilde konu\u015fmak<br \/>\n\u2022\u2060 \u2060G\u00fcnl\u00fck rutinleri anlatmak<br \/>\n\u2022\u2060 \u2060Basit g\u00f6revler vermek<br \/>\n\u2022\u2060 \u2060Aile sohbetlerine dahil etmek<\/p>\n<p>2.\u2060 \u2060K\u00fclt\u00fcrel Aktiviteler<br \/>\n\u2022\u2060 \u2060Masallar ve hikayeler anlatmak<br \/>\n\u2022\u2060 \u2060Geleneksel \u015fark\u0131lar \u00f6\u011fretmek<br \/>\n\u2022\u2060 \u2060K\u00fclt\u00fcrel etkinliklere kat\u0131lmak<br \/>\n\u2022\u2060 \u2060Yerel kutlamalara dahil olmak<\/p>\n<p>3.\u2060 \u2060E\u011fitim Materyalleri<br \/>\n\u2022\u2060 \u2060Ya\u015fa uygun kitaplar okumak<br \/>\n\u2022\u2060 \u2060E\u011fitici oyunlar oynamak<br \/>\n\u2022\u2060 \u2060\u00c7izgi film ve videolar izletmek<br \/>\n\u2022\u2060 \u2060Resimli s\u00f6zl\u00fckler kullanmak<\/p>\n<p>Peki siz \u00e7ocu\u011funuzla anadilini geli\u015ftirmek i\u00e7in nas\u0131l \u00e7al\u0131\u015fmalar yap\u0131yorsunuz?<\/p>\n<p><strong>\u00c7andname<\/strong><\/p>\n","protected":false},"excerpt":{"rendered":"<p>K\u00fcrt\u00e7e(Zazaki, Kurmanci, Sorani,Gorani)Anadilinin \u00e7ocuklar\u0131n geli\u015fimindeki rol\u00fc ger\u00e7ekten \u00e7ok \u00f6nemli. Bu konuyu biraz a\u00e7al\u0131m: Anadilinin \u00e7ocuk geli\u015fimindeki temel etkileri: 1.\u2060 \u2060Bili\u015fsel Geli\u015fim \u2022\u2060 \u2060D\u00fc\u015f\u00fcnme becerilerinin geli\u015fimi \u2022\u2060 \u2060Problem \u00e7\u00f6zme yetene\u011fi \u2022\u2060 \u2060Soyut d\u00fc\u015f\u00fcnme kapasitesi \u2022\u2060 \u2060Haf\u0131za geli\u015fimi 2.\u2060 \u2060Duygusal Geli\u015fim \u2022\u2060 \u2060Kendini ifade edebilme \u2022\u2060 \u2060\u00d6zg\u00fcven geli\u015fimi \u2022\u2060 \u2060Aile ba\u011flar\u0131n\u0131n g\u00fc\u00e7lenmesi \u2022\u2060 \u2060Kimlik olu\u015fumu 3.\u2060 \u2060Sosyal &hellip;<\/p>\n","protected":false},"author":32,"featured_media":23774,"comment_status":"open","ping_status":"open","sticky":false,"template":"","format":"standard","meta":{"footnotes":""},"categories":[23],"tags":[4113,2116,435,5209,1616],"class_list":["post-23773","post","type-post","status-publish","format-standard","has-post-thumbnail","","category-egitim","tag-anadili","tag-cocuk","tag-dil","tag-egitim","tag-manset"],"_links":{"self":[{"href":"https:\/\/candname.com\/tr\/index.php?rest_route=\/wp\/v2\/posts\/23773","targetHints":{"allow":["GET"]}}],"collection":[{"href":"https:\/\/candname.com\/tr\/index.php?rest_route=\/wp\/v2\/posts"}],"about":[{"href":"https:\/\/candname.com\/tr\/index.php?rest_route=\/wp\/v2\/types\/post"}],"author":[{"embeddable":true,"href":"https:\/\/candname.com\/tr\/index.php?rest_route=\/wp\/v2\/users\/32"}],"replies":[{"embeddable":true,"href":"https:\/\/candname.com\/tr\/index.php?rest_route=%2Fwp%2Fv2%2Fcomments&post=23773"}],"version-history":[{"count":1,"href":"https:\/\/candname.com\/tr\/index.php?rest_route=\/wp\/v2\/posts\/23773\/revisions"}],"predecessor-version":[{"id":23775,"href":"https:\/\/candname.com\/tr\/index.php?rest_route=\/wp\/v2\/posts\/23773\/revisions\/23775"}],"wp:featuredmedia":[{"embeddable":true,"href":"https:\/\/candname.com\/tr\/index.php?rest_route=\/wp\/v2\/media\/23774"}],"wp:attachment":[{"href":"https:\/\/candname.com\/tr\/index.php?rest_route=%2Fwp%2Fv2%2Fmedia&parent=23773"}],"wp:term":[{"taxonomy":"category","embeddable":true,"href":"https:\/\/candname.com\/tr\/index.php?rest_route=%2Fwp%2Fv2%2Fcategories&post=23773"},{"taxonomy":"post_tag","embeddable":true,"href":"https:\/\/candname.com\/tr\/index.php?rest_route=%2Fwp%2Fv2%2Ftags&post=23773"}],"curies":[{"name":"wp","href":"https:\/\/api.w.org\/{rel}","templated":true}]}}