{"id":23769,"date":"2024-10-24T07:00:29","date_gmt":"2024-10-24T04:00:29","guid":{"rendered":"https:\/\/candname.com\/tr\/?p=23769"},"modified":"2024-10-23T19:01:32","modified_gmt":"2024-10-23T16:01:32","slug":"kurt-medreselerinin-one-cikan-ozellikleri","status":"publish","type":"post","link":"https:\/\/candname.com\/tr\/?p=23769","title":{"rendered":"K\u00fcrt Medreselerinin \u00d6ne \u00c7\u0131kan \u00d6zellikleri"},"content":{"rendered":"<p>K\u00fcrt Medreseleri\u2019nin bir di\u011fer ad\u0131 da \u015eark Medreseleri ya da Bat\u0131l\u0131 halk\u0131n kulland\u0131\u011f\u0131 bi\u00e7imde Do\u011fu Medreseleri\u2019dir.\u00a0\u00a0<strong>K\u00fcrt Medreselerinin \u00d6ne \u00c7\u0131kan \u00d6zellikleri<\/strong>\u00a0ba\u015fl\u0131kl\u0131 yaz\u0131m\u0131zda, K\u00fcrtlerdeki medrese olu\u015fumu hakk\u0131nda bilgiler verip, K\u00fcrt medreselerinde \u00f6\u011fretilen e\u011fitim metodu hakk\u0131nda konu\u015faca\u011f\u0131z. K\u00fcrt Medreselerinin E\u011fitim Dilinin K\u00fcrt\u00e7e olmas\u0131ndan \u00f6t\u00fcr\u00fc bu medreselerin K\u00fcrt Diline katk\u0131sa da az\u0131msanmayacak \u00f6l\u00e7\u00fcde \u00e7oktur.<\/p>\n<p>Ali Ulvi Kurucu\u2019nun ve Kutuz Hoca\u2019n\u0131n hat\u0131ralar\u0131n\u0131 okumadan, Cumhuriyet d\u00f6neminde T\u00fcrkiye\u2019de dini hayat\u0131n nas\u0131l s\u00fcrd\u00fcr\u00fcld\u00fc\u011f\u00fc ya da nas\u0131l y\u00fcr\u00fcd\u00fc\u011f\u00fcn\u00fc \u00f6\u011frenmek imkans\u0131zd\u0131r. Ben de konuyla alakal\u0131 olarak Halil G\u00f6nen\u00e7, Sadreddin \u00d6ztoprak ve Mele Sabri\u2019nin yazd\u0131klar\u0131n\u0131 okuyup, bilgi sahibi olmaya \u00e7al\u0131\u015ft\u0131m ve edindi\u011fim bilgiler \u0131\u015f\u0131\u011f\u0131nda K\u00fcrt Medreseleri\u2019nin ne oldu\u011funu, nas\u0131l \u00f6rg\u00fctlendi\u011fini, kimleri yeti\u015ftirdi\u011fini ve programlar\u0131n\u0131n nas\u0131l oldu\u011funu anlamaya \u00e7al\u0131\u015faca\u011f\u0131m.<\/p>\n<div class=\"baglanti_icerik\">\n<div class=\"text\"><\/div>\n<\/div>\n<p>Halil G\u00f6nen\u00e7, Mardin\u2019de \u00f6\u011frenim hayat\u0131na ba\u015flayarak Suriye\u2019de devam etmi\u015fti. Daha sonra tan\u0131nan hocalar\u0131n yan\u0131nda e\u011fitim alm\u0131\u015f ve \u00e7ok y\u00fckselerek bilinen bir \u015fahsiyet haline gelmi\u015fti. Halil G\u00f6nen\u00e7 ba\u015fta olmak \u00fczere di\u011fer alimler, K\u00fcrt Medreseleri hakk\u0131nda fazlaca bilgi edinmemizi sa\u011fl\u0131yor. \u00d6ncelikle eski zamanlarda Do\u011fu\u2019da bir\u00e7ok medrese oldu\u011funu belirtelim. Fakat K\u00fcrt Medreseleri, bol kubbeli ve geni\u015f yap\u0131lar de\u011fildir. Bir hocan\u0131n ders yapmas\u0131n\u0131 sa\u011flayacak k\u00fc\u00e7\u00fck bir mekan ve \u00f6\u011frencileri, medreseler i\u00e7in yeterliydi. K\u00fcrt insan\u0131, bu medreselerin yap\u0131m\u0131nda da olduk\u00e7a katk\u0131 sa\u011fl\u0131yordu. Her an ve her yerde kurulabilir, istenildi\u011finde yeterli deste\u011fi al\u0131yordu. D\u00f6nemin bask\u0131l\u0131 ortam\u0131n\u0131 d\u00fc\u015f\u00fcnd\u00fc\u011f\u00fcm\u00fczde K\u00fcrt Medreseleri, mecburen k\u00f6ylerde i\u015flevini s\u00fcrd\u00fcr\u00fcyordu.<\/p>\n<p>Hatta kitaplar\u0131n\u0131 inceledi\u011fim bu alimler, bask\u0131lara dayanamayarak Suriye taraf\u0131nda e\u011fitimlerine devam etmek zorunda kalm\u0131\u015flard\u0131.<\/p>\n<div class=\"baglanti_icerik\">\n<div class=\"image\"><\/div>\n<\/div>\n<div id=\"toc_container\" class=\"toc_light_blue no_bullets\">\n<p class=\"toc_title\">\u0130\u00e7indekiler:<\/p>\n<ul class=\"toc_list\">\n<li><span class=\"toc_number toc_depth_1\">1<\/span>\u00a0K\u00fcrt Medreselerinin E\u011fitim Dili<\/li>\n<li><span class=\"toc_number toc_depth_1\">2<\/span>\u00a0K\u00fcrt Medreselerinde E\u011fitim Modeli<\/li>\n<li><span class=\"toc_number toc_depth_2\">2.1<\/span>\u00a0K\u00fcrt Medreseleri \u0130le \u0130ligli Kaynaklar<\/li>\n<\/ul>\n<\/div>\n<h2><span id=\"Kurt_Medreselerinin_Egitim_Dili\">K\u00fcrt Medreselerinin E\u011fitim Dili<\/span><\/h2>\n<p>B\u00fcy\u00fcklerimizin \u201c<strong>\u0130nsanda yok ise edep neylesin medrese mektep okusa alim olsa yine merkep yine merkep<\/strong>\u201d s\u00f6z\u00fcyle anlatmak istedikleri gibi ilmin ba\u015f\u0131 edepten ge\u00e7mektedir. Kendini bilmeyen bir ki\u015fi ne kadar e\u011fitim ve \u00f6\u011fretim g\u00f6rse bile onun bozuk olan edep anlay\u0131\u015f\u0131 ilminin itibar\u0131n\u0131 da zedeler. Bu nedenledir ki di\u011fer Medreselere oranla K\u00fcrt Medreselerinde edep ve ahlak derslerine daha \u00e7ok a\u011f\u0131rl\u0131k verilmektedir.<\/p>\n<p>Do\u011fu\u2019da klasik medreseler olsa da K\u00fcrt Medreseleri diyerek bahsetti\u011fimiz olgu, Cumhuriyet d\u00f6neminde ya\u015fanan b\u00fcy\u00fck bask\u0131yla beraber k\u00fc\u00e7\u00fclmeye ve yok olmaya ba\u015flam\u0131\u015ft\u0131r.<\/p>\n<p>K\u00fcrt Medreseleri, genellikle bir caminin bir k\u0131sm\u0131 ya da caminin b\u00f6l\u00fcnmesiyle olu\u015fuyordu. \u0130mkan k\u0131tl\u0131\u011f\u0131 sebebiyle bu mekanlar \u00e7ok ama\u00e7l\u0131 kullan\u0131l\u0131yordu. K\u00fcrt Medreseleri, di\u011fer medreseleren farkl\u0131 olarak bu \u00f6zelli\u011fi ile \u00f6ne \u00e7\u0131k\u0131yor. Medreselerde hem ders veriliyor, hem yemek yeniliyor hem de yatma yeri olarak kullan\u0131l\u0131yordu. \u0130mkanlar\u0131n k\u0131s\u0131tl\u0131\u011f\u0131ndan dolay\u0131 K\u00fcrt Medreseleri\u2019nde ayn\u0131 kitap bir\u00e7ok ki\u015fi taraf\u0131ndan kullan\u0131lmaktayd\u0131.<\/p>\n<p>K\u00fcrt Medreseleri\u2019nde kontenjan durumu bar\u0131nma \u015fartlar\u0131na g\u00f6re de\u011fi\u015fiyordu. Beylerin ya da a\u011falar\u0131n kurdu\u011fu medreselerde genellikle kontenjan s\u0131k\u0131nt\u0131s\u0131 \u00e7ekilmezdi.<\/p>\n<div id=\"attachment_3955\" class=\"wp-caption aligncenter\"><img loading=\"lazy\" decoding=\"async\" class=\"size-full wp-image-3955\" title=\"k\u00fcrt medreselerinin \u00f6ne \u00e7\u0131kan \u00f6zellikleri 4\" src=\"https:\/\/www.kundir.net\/wp-content\/uploads\/2018\/07\/K%C3%BCrt-Medreselerinin-%C3%96ne-%C3%87%C4%B1kan-%C3%96zellikleri.jpg\" alt=\"k\u00fcrt medreselerinin tarihteki \u00f6nemi\" width=\"760\" height=\"420\" aria-describedby=\"caption-attachment-3955\" \/><\/p>\n<p id=\"caption-attachment-3955\" class=\"wp-caption-text\">k\u00fcrt medreselerinin dili<\/p>\n<\/div>\n<h2><span id=\"Kurt_Medreselerinde_Egitim_Modeli\">K\u00fcrt Medreselerinde E\u011fitim Modeli<\/span><\/h2>\n<p>K\u00fcrt Medreseleri\u2019nde e\u011fitim g\u00f6rerek toplumda etki g\u00f6sterebilen \u00e7ok me\u015fhur isimler olmu\u015ftur. Bu isimlerin ba\u015f\u0131nda Bedi\u00fczzaman Said Nursi gelmektedir. Yine Sadrettin Y\u00fcksel de K\u00fcrt Medreseleri\u2019nden \u00e7\u0131kan \u00f6nemli isimlerden birisidir. Sadrettin Y\u00fcksel, ayn\u0131 zamanda Sadrettin \u00d6ztoprak\u2019\u0131n medrese arkada\u015f\u0131d\u0131r. Yani her iki isim de K\u00fcrt Medreseleri\u2019nden yeti\u015fmi\u015ftir. Ahmed el-Haznevi de K\u00fcrt Medreseleri\u2019nde yeti\u015fen isimlerdendir. \u00d6zellikle Suriye ile T\u00fcrkiye Cumhuriyeti aras\u0131nda ya\u015fanan gerilim sonras\u0131 bir\u00e7ok isim T\u00fcrkiye\u2019ye ta\u015f\u0131nm\u0131\u015f ve ismini s\u00fcrd\u00fcrm\u00fc\u015ft\u00fcr. Yine bahsetti\u011fimiz Halil G\u00f6nen\u00e7 de K\u00fcrt Medreseleri\u2019nden yeti\u015fmi\u015ftir. Ge\u00e7ti\u011fimiz y\u0131llarda vefat eden Muhammed Emin Er de bu medreselerde yeti\u015fen \u00f6nemli isimlerdendir.<\/p>\n<p>E\u011fer bu konuyu daha detayl\u0131 ara\u015ft\u0131rmak ve bilgi sahibi olmak isterseniz, bu noktada i\u015flerin biraz kar\u0131\u015ft\u0131\u011f\u0131n\u0131 s\u00f6yleyebiliriz. Konu hakk\u0131nda bir\u00e7ok yaz\u0131 yaz\u0131lsa da hepsi neredeyse birbininin ayn\u0131s\u0131d\u0131r. Fakat Halil \u00c7i\u00e7ek\u2019in yazd\u0131\u011f\u0131 \u015eark Medreselerinin Serencam\u0131 ve Mehmet \u00c7a\u011flay\u0131n\u2019\u0131n yazd\u0131\u011f\u0131 \u015eark Ulemas\u0131 adl\u0131 kitaplar, yeteri kadar kaynak yaratmakta ve bilgi vermektedir.<\/p>\n<h3><span id=\"Kurt_Medreseleri_Ile_Iligli_Kaynaklar\">K\u00fcrt Medreseleri \u0130le \u0130ligli Kaynaklar<\/span><\/h3>\n<p>Bu iki kitap d\u0131\u015f\u0131nda \u00e7ok ara\u015ft\u0131rmama ra\u011fmen maalesef K\u00fcrt Medreseleri \u0130le \u0130ligli Kaynaklar pek mevcut de\u011fildir. Ayn\u0131 zamanda yaz\u0131n\u0131n ba\u015f\u0131nda bahsetti\u011fim ki\u015filerin an\u0131lar\u0131 da birer belge niteli\u011fi ta\u015f\u0131maktad\u0131r.<\/p>\n<p>G\u00fcn\u00fcm\u00fcz d\u00fcnyas\u0131nda elimizde bir belge veya g\u00f6rsel olmay\u0131nca maalesef bir olgu ger\u00e7ek say\u0131lm\u0131yor. Ancak son y\u0131llarda K\u00fcrt, K\u00fcrtl\u00fck ve K\u00fcrt Tarihi kavramlar\u0131 derinlemesine ara\u015ft\u0131r\u0131lmaya ba\u015flanm\u0131\u015f olsa da maalesef b\u00f6ylesine koca bir ilim d\u00fcnyas\u0131nda yap\u0131lan ara\u015ft\u0131rmalar s\u0131n\u0131rl\u0131 ve edinilen bilgiler kabaca yukar\u0131da bahsetti\u011fim gibidir.<\/p>\n<p>K\u00fcrt Medreselerinin \u00d6ne \u00c7\u0131kan \u00d6zellikleri ba\u015fl\u0131kl\u0131 yaz\u0131m\u0131z\u0131n sonuna gelirken bir sonraki\u00a0<strong>Cizre\u2019de Yeti\u015fmi\u015f K\u00fcrt Alimler<\/strong>\u00a0ba\u015fl\u0131kl\u0131 makalemizi de okuyabilirsiniz.<\/p>\n<p><strong>Kundir.com<\/strong><\/p>\n","protected":false},"excerpt":{"rendered":"<p>K\u00fcrt Medreseleri\u2019nin bir di\u011fer ad\u0131 da \u015eark Medreseleri ya da Bat\u0131l\u0131 halk\u0131n kulland\u0131\u011f\u0131 bi\u00e7imde Do\u011fu Medreseleri\u2019dir.\u00a0\u00a0K\u00fcrt Medreselerinin \u00d6ne \u00c7\u0131kan \u00d6zellikleri\u00a0ba\u015fl\u0131kl\u0131 yaz\u0131m\u0131zda, K\u00fcrtlerdeki medrese olu\u015fumu hakk\u0131nda bilgiler verip, K\u00fcrt medreselerinde \u00f6\u011fretilen e\u011fitim metodu hakk\u0131nda konu\u015faca\u011f\u0131z. K\u00fcrt Medreselerinin E\u011fitim Dilinin K\u00fcrt\u00e7e olmas\u0131ndan \u00f6t\u00fcr\u00fc bu medreselerin K\u00fcrt Diline katk\u0131sa da az\u0131msanmayacak \u00f6l\u00e7\u00fcde \u00e7oktur. Ali Ulvi Kurucu\u2019nun ve Kutuz &hellip;<\/p>\n","protected":false},"author":32,"featured_media":23770,"comment_status":"open","ping_status":"open","sticky":false,"template":"","format":"standard","meta":{"footnotes":""},"categories":[23],"tags":[6732,6733,6729,6731,6730],"class_list":["post-23769","post","type-post","status-publish","format-standard","has-post-thumbnail","","category-egitim","tag-egitim-modeli","tag-kundir","tag-kurt-medreseleri","tag-medrese-dili","tag-medreseler"],"_links":{"self":[{"href":"https:\/\/candname.com\/tr\/index.php?rest_route=\/wp\/v2\/posts\/23769","targetHints":{"allow":["GET"]}}],"collection":[{"href":"https:\/\/candname.com\/tr\/index.php?rest_route=\/wp\/v2\/posts"}],"about":[{"href":"https:\/\/candname.com\/tr\/index.php?rest_route=\/wp\/v2\/types\/post"}],"author":[{"embeddable":true,"href":"https:\/\/candname.com\/tr\/index.php?rest_route=\/wp\/v2\/users\/32"}],"replies":[{"embeddable":true,"href":"https:\/\/candname.com\/tr\/index.php?rest_route=%2Fwp%2Fv2%2Fcomments&post=23769"}],"version-history":[{"count":1,"href":"https:\/\/candname.com\/tr\/index.php?rest_route=\/wp\/v2\/posts\/23769\/revisions"}],"predecessor-version":[{"id":23771,"href":"https:\/\/candname.com\/tr\/index.php?rest_route=\/wp\/v2\/posts\/23769\/revisions\/23771"}],"wp:featuredmedia":[{"embeddable":true,"href":"https:\/\/candname.com\/tr\/index.php?rest_route=\/wp\/v2\/media\/23770"}],"wp:attachment":[{"href":"https:\/\/candname.com\/tr\/index.php?rest_route=%2Fwp%2Fv2%2Fmedia&parent=23769"}],"wp:term":[{"taxonomy":"category","embeddable":true,"href":"https:\/\/candname.com\/tr\/index.php?rest_route=%2Fwp%2Fv2%2Fcategories&post=23769"},{"taxonomy":"post_tag","embeddable":true,"href":"https:\/\/candname.com\/tr\/index.php?rest_route=%2Fwp%2Fv2%2Ftags&post=23769"}],"curies":[{"name":"wp","href":"https:\/\/api.w.org\/{rel}","templated":true}]}}