{"id":23762,"date":"2024-10-23T18:37:03","date_gmt":"2024-10-23T15:37:03","guid":{"rendered":"https:\/\/candname.com\/tr\/?p=23762"},"modified":"2024-10-23T18:37:03","modified_gmt":"2024-10-23T15:37:03","slug":"2-birmingham-kurt-film-festivali-basliyor","status":"publish","type":"post","link":"https:\/\/candname.com\/tr\/?p=23762","title":{"rendered":"2. Birmingham K\u00fcrt Film Festivali ba\u015fl\u0131yor"},"content":{"rendered":"<p>Bu y\u0131l ikicnisi d\u00fczenlenecek olan Birmingham K\u00fcrt Film Festivali 25 Ekim\u2019de ba\u015flayacak. Medya sponsorlu\u011funu R\u00fbdaw Medya Grubu\u2019nun yapt\u0131\u011f\u0131 festivalde y\u00f6netmenli\u011fini \u015eivan Etuf\u2019un yapt\u0131\u011f\u0131 &#8220;Koronavir\u00fcs G\u00fcnlerinde A\u015fk&#8221; adl\u0131 komedi filmin de g\u00f6sterilecek.<\/p>\n<p>Birmingham K\u00fcrt Film Festivali, 25-27 Ekim 2024 tarihleri aras\u0131nda Birmingham&#8217;da \u0130ngiltere&#8217;nin en \u00fcnl\u00fc sinema salonlar\u0131ndan birinde ger\u00e7ekle\u015ftirilecek.<\/p>\n<p>R\u00fbdaw\u2019a konu\u015fan festival tertip komitesi ba\u015fkan\u0131 Daro Aziz, festivalde 4&#8217;\u00fc uzun metrajl\u0131, 6&#8217;s\u0131 k\u0131sa film olmak \u00fczere 10 filmin g\u00f6sterilece\u011fini s\u00f6yledi.<\/p>\n<p>Birmingham K\u00fcrt Film Festivali\u2019nde, y\u00f6netmenli\u011fini \u015eivan Etuf\u2019un yapt\u0131\u011f\u0131 &#8220;Koronavir\u00fcs G\u00fcnlerinde A\u015fk&#8221; adl\u0131 komedi filmi de g\u00f6sterime girecek.<\/p>\n<p>Festivalde g\u00f6sterime girecek filmlerden biri, y\u00f6netmenli\u011fini ve kadrosunu \u0130ngilizlerin yapt\u0131\u011f\u0131 &#8220;Name Me in Love&#8221; adl\u0131 \u0130ngiliz filmi. Film bir K\u00fcrt ailenin hikayesini konu al\u0131yor.<\/p>\n<p>Festivalde g\u00f6sterilecek di\u011fer bir uzun metrajl\u0131 filmler ise Sirwan Muhammed&#8217;in y\u00f6netti\u011fi &#8220;Alude&#8221; adl\u0131 film.<\/p>\n<p>Rojh\u0131latl\u0131 y\u00f6netmen Cemil Mafakeri&#8217;nin y\u00f6netti\u011fi \u201cDana \u0130\u00e7in Nar Yapt\u0131m\u201d adl\u0131 filmi festivelin di\u011fer bir filmi.<\/p>\n<p>Festivale K\u00fcrdistan, \u0130ngiltere ve di\u011fer Avrupa \u00fclkelerinden baz\u0131 K\u00fcrt akt\u00f6r ve y\u00f6netmenler de kat\u0131lacak.<\/p>\n<p>Daro Aziz, festivalin ilk g\u00fcn\u00fc i\u00e7in biletlerin daha \u015fimdiden t\u00fckendi\u011fini s\u00f6yledi.<\/p>\n<p>\u015eivan Efuf\u2019un senaryosunu yaz\u0131p y\u00f6netti\u011fi K\u00fcrdistan B\u00f6lgesi\u2019nde \u00e7ekilen \u201cKorona G\u00fcnlerinde A\u015fk&#8217; filminde Mahir Hasan, Ahmed Cola, Re\u015fan Hemo, Sirwan Cemal, Sarwe\u015ft Kamran, \u015eivan Kerim ve Jale Resul rol al\u0131yor.<\/p>\n<p>R\u00fbdaw Medya Grubu\u2019nun medya sponsorlu\u011funu yapt\u0131\u011f\u0131 film, yaz aylar\u0131nda K\u00fcrdistan&#8217;daki sinemalarda g\u00f6sterilmi\u015fti.<\/p>\n<p><strong>R\u00fbdaw<\/strong><\/p>\n","protected":false},"excerpt":{"rendered":"<p>Bu y\u0131l ikicnisi d\u00fczenlenecek olan Birmingham K\u00fcrt Film Festivali 25 Ekim\u2019de ba\u015flayacak. Medya sponsorlu\u011funu R\u00fbdaw Medya Grubu\u2019nun yapt\u0131\u011f\u0131 festivalde y\u00f6netmenli\u011fini \u015eivan Etuf\u2019un yapt\u0131\u011f\u0131 &#8220;Koronavir\u00fcs G\u00fcnlerinde A\u015fk&#8221; adl\u0131 komedi filmin de g\u00f6sterilecek. Birmingham K\u00fcrt Film Festivali, 25-27 Ekim 2024 tarihleri aras\u0131nda Birmingham&#8217;da \u0130ngiltere&#8217;nin en \u00fcnl\u00fc sinema salonlar\u0131ndan birinde ger\u00e7ekle\u015ftirilecek. R\u00fbdaw\u2019a konu\u015fan festival tertip komitesi ba\u015fkan\u0131 Daro &hellip;<\/p>\n","protected":false},"author":32,"featured_media":23763,"comment_status":"open","ping_status":"open","sticky":false,"template":"","format":"standard","meta":{"footnotes":""},"categories":[107],"tags":[1616,3189],"class_list":["post-23762","post","type-post","status-publish","format-standard","has-post-thumbnail","","category-sinema","tag-manset","tag-rudaw"],"_links":{"self":[{"href":"https:\/\/candname.com\/tr\/index.php?rest_route=\/wp\/v2\/posts\/23762","targetHints":{"allow":["GET"]}}],"collection":[{"href":"https:\/\/candname.com\/tr\/index.php?rest_route=\/wp\/v2\/posts"}],"about":[{"href":"https:\/\/candname.com\/tr\/index.php?rest_route=\/wp\/v2\/types\/post"}],"author":[{"embeddable":true,"href":"https:\/\/candname.com\/tr\/index.php?rest_route=\/wp\/v2\/users\/32"}],"replies":[{"embeddable":true,"href":"https:\/\/candname.com\/tr\/index.php?rest_route=%2Fwp%2Fv2%2Fcomments&post=23762"}],"version-history":[{"count":1,"href":"https:\/\/candname.com\/tr\/index.php?rest_route=\/wp\/v2\/posts\/23762\/revisions"}],"predecessor-version":[{"id":23764,"href":"https:\/\/candname.com\/tr\/index.php?rest_route=\/wp\/v2\/posts\/23762\/revisions\/23764"}],"wp:featuredmedia":[{"embeddable":true,"href":"https:\/\/candname.com\/tr\/index.php?rest_route=\/wp\/v2\/media\/23763"}],"wp:attachment":[{"href":"https:\/\/candname.com\/tr\/index.php?rest_route=%2Fwp%2Fv2%2Fmedia&parent=23762"}],"wp:term":[{"taxonomy":"category","embeddable":true,"href":"https:\/\/candname.com\/tr\/index.php?rest_route=%2Fwp%2Fv2%2Fcategories&post=23762"},{"taxonomy":"post_tag","embeddable":true,"href":"https:\/\/candname.com\/tr\/index.php?rest_route=%2Fwp%2Fv2%2Ftags&post=23762"}],"curies":[{"name":"wp","href":"https:\/\/api.w.org\/{rel}","templated":true}]}}