{"id":23728,"date":"2024-10-13T13:51:52","date_gmt":"2024-10-13T10:51:52","guid":{"rendered":"https:\/\/candname.com\/tr\/?p=23728"},"modified":"2024-10-13T13:51:52","modified_gmt":"2024-10-13T10:51:52","slug":"new-york-kurt-film-festivali-basliyor","status":"publish","type":"post","link":"https:\/\/candname.com\/tr\/?p=23728","title":{"rendered":"New York K\u00fcrt Film Festivali ba\u015fl\u0131yor"},"content":{"rendered":"<div class=\"status-summary\"><span class=\"big-post-text text-default\"><strong>New York K\u00fcrt K\u00fclt\u00fcr Merkezi&#8217;nin bu y\u0131l sekizincisini d\u00fczenledi\u011fi New York K\u00fcrt Film Festivali 20 Ekim&#8217;de kap\u0131lar\u0131n\u0131 a\u00e7\u0131yor.<\/strong><\/span><\/div>\n<div><\/div>\n<div>\n<div class=\"status-message\">\n<p>12-19 Ekim tarihleri aras\u0131nda ger\u00e7ekle\u015ftirilecek olan festivalde \u00e7ok say\u0131da filmin g\u00f6sterimi yap\u0131lacak ayr\u0131ca program kapsam\u0131nda de\u011fi\u015fik k\u00fclt\u00fcrel etkinlikler d\u00fczenlenecek.<\/p>\n<p>8\u2019inci K\u00fcrt Film Festivali bug\u00fcn yani 12 Ekim Cumartesi g\u00fcn\u00fc Manhattan&#8217;daki Village East Angelika tiyatrosunda ba\u015flayacak.<\/p>\n<p>Festival Zayn\u00ea Akyol&#8217;un \u201cRojek\u201d isimli film ile kap\u0131lar\u0131n\u0131 a\u00e7acak.<\/p>\n<p>R\u00fbdaw New York temsilcisi Sinan Tun\u00e7demir, festival kapsam\u0131nda K\u00fcrt mutfa\u011f\u0131n\u0131n se\u00e7kin yemeklerine yer verilece\u011fini aktard\u0131.<\/p>\n<p>19 Ekim&#8217;e kadar devam edecek festival ABD ve Avrupa\u2019dan \u00e7ok say\u0131da konuk kat\u0131lacak.<\/p>\n<p>Bu y\u0131lki festivalin j\u00fcri \u00fcyeleri Aram Hasan Abdullah, Pejman Alipur, Hejar Muhammed, Semiha Y\u0131ld\u0131z, Azad Azizyan, Roza Hasan, Fransa Underhill, Bilal Korkut, Rebaz Mutab\u00e7i, \u015eener \u00d6zmen, Kamuran Demir, Emir Gulami ve Salar Said\u2019den olu\u015fuyor.<\/p>\n<p>Festivalde Seyid Peyam H\u00fcseyni\u2019nin &#8220;Halil&#8221; adl\u0131 filminin yan\u0131 s\u0131ra, Beston Z\u00eerian&#8217;\u0131n &#8220;Ya\u011fmurdan Sonra&#8221;, Kahi Ahmed Titab&#8217;\u0131n &#8220;Ya\u015fam\u0131n Y\u00fck\u00fc Alt\u0131nda&#8221;, Sepehr Mikaeilian&#8217;\u0131n &#8220;Seasonless&#8221;, Zayn\u00ea Akyol&#8217;un &#8220;Rojek&#8221;, Ali Masoumi&#8217;nin &#8220;Bi Sotun&#8221;, Pejman Alipour&#8217;un &#8220;R\u00fczgarlar\u0131n \u00d6ld\u00fc\u011f\u00fc Yer&#8221;, L\u00fctf\u00fc \u0130rdem&#8217;in &#8220;P\u00eerebok&#8221;, Kawa Akreyi&#8217;nin &#8220;Suriye&#8217;nin Tik Tak Eden Zamanl\u0131 Bombas\u0131&#8221; ve Nadya Derwi\u015f&#8217;in &#8220;Jinwar&#8221; adl\u0131 filmleri de g\u00f6sterilecek.<\/p>\n<\/div>\n<div class=\"status-owner text-secondary\"><strong>Nerina Azad<\/strong><\/div>\n<\/div>\n","protected":false},"excerpt":{"rendered":"<p>New York K\u00fcrt K\u00fclt\u00fcr Merkezi&#8217;nin bu y\u0131l sekizincisini d\u00fczenledi\u011fi New York K\u00fcrt Film Festivali 20 Ekim&#8217;de kap\u0131lar\u0131n\u0131 a\u00e7\u0131yor. 12-19 Ekim tarihleri aras\u0131nda ger\u00e7ekle\u015ftirilecek olan festivalde \u00e7ok say\u0131da filmin g\u00f6sterimi yap\u0131lacak ayr\u0131ca program kapsam\u0131nda de\u011fi\u015fik k\u00fclt\u00fcrel etkinlikler d\u00fczenlenecek. 8\u2019inci K\u00fcrt Film Festivali bug\u00fcn yani 12 Ekim Cumartesi g\u00fcn\u00fc Manhattan&#8217;daki Village East Angelika tiyatrosunda ba\u015flayacak. Festival Zayn\u00ea &hellip;<\/p>\n","protected":false},"author":32,"featured_media":23729,"comment_status":"open","ping_status":"open","sticky":false,"template":"","format":"standard","meta":{"footnotes":""},"categories":[3,107],"tags":[6717,5401,1616],"class_list":["post-23728","post","type-post","status-publish","format-standard","has-post-thumbnail","","category-haber","category-sinema","tag-kurt-flimleri","tag-kurt-sinemasi","tag-manset"],"_links":{"self":[{"href":"https:\/\/candname.com\/tr\/index.php?rest_route=\/wp\/v2\/posts\/23728","targetHints":{"allow":["GET"]}}],"collection":[{"href":"https:\/\/candname.com\/tr\/index.php?rest_route=\/wp\/v2\/posts"}],"about":[{"href":"https:\/\/candname.com\/tr\/index.php?rest_route=\/wp\/v2\/types\/post"}],"author":[{"embeddable":true,"href":"https:\/\/candname.com\/tr\/index.php?rest_route=\/wp\/v2\/users\/32"}],"replies":[{"embeddable":true,"href":"https:\/\/candname.com\/tr\/index.php?rest_route=%2Fwp%2Fv2%2Fcomments&post=23728"}],"version-history":[{"count":1,"href":"https:\/\/candname.com\/tr\/index.php?rest_route=\/wp\/v2\/posts\/23728\/revisions"}],"predecessor-version":[{"id":23730,"href":"https:\/\/candname.com\/tr\/index.php?rest_route=\/wp\/v2\/posts\/23728\/revisions\/23730"}],"wp:featuredmedia":[{"embeddable":true,"href":"https:\/\/candname.com\/tr\/index.php?rest_route=\/wp\/v2\/media\/23729"}],"wp:attachment":[{"href":"https:\/\/candname.com\/tr\/index.php?rest_route=%2Fwp%2Fv2%2Fmedia&parent=23728"}],"wp:term":[{"taxonomy":"category","embeddable":true,"href":"https:\/\/candname.com\/tr\/index.php?rest_route=%2Fwp%2Fv2%2Fcategories&post=23728"},{"taxonomy":"post_tag","embeddable":true,"href":"https:\/\/candname.com\/tr\/index.php?rest_route=%2Fwp%2Fv2%2Ftags&post=23728"}],"curies":[{"name":"wp","href":"https:\/\/api.w.org\/{rel}","templated":true}]}}