{"id":23688,"date":"2024-09-23T07:41:17","date_gmt":"2024-09-23T04:41:17","guid":{"rendered":"https:\/\/candname.com\/tr\/?p=23688"},"modified":"2024-09-23T12:47:46","modified_gmt":"2024-09-23T09:47:46","slug":"abuzer-bali-han-kimdir","status":"publish","type":"post","link":"https:\/\/candname.com\/tr\/?p=23688","title":{"rendered":"ABUZER BAL\u0130 HAN K\u0130MD\u0130R"},"content":{"rendered":"<div class=\"x11i5rnm xat24cr x1mh8g0r x1vvkbs xtlvy1s x126k92a\">\n<div dir=\"auto\">Abuzer Bali Bali, 1940 y\u0131l\u0131nda Malatya\u2019da do\u011fdu.<\/div>\n<\/div>\n<div class=\"x11i5rnm xat24cr x1mh8g0r x1vvkbs xtlvy1s x126k92a\">\n<div dir=\"auto\">Bug\u00fcne kadar yay\u0131nlanm\u0131\u015f bir\u00e7ok kitab\u0131 olan yazar, Ankara \u00dcniversitesi Genel Dilbilim ve Edebiyat B\u00f6l\u00fcm\u00fc\u2019n\u00fcn yan\u0131s\u0131ra Berlin Frei \u00dcniversitesi\u2019nde<\/div>\n<div dir=\"auto\">Siyasal Bilgiler B\u00f6l\u00fcm\u00fc\u2019n\u00fc ve \u0130rani Diller Fak\u00fcltesi\u2019nin K\u00fcrdoloji B\u00f6l\u00fcm\u00fc\u2019nde K\u00fcrt Dili Grameri \u00fczerine e\u011fitim ald\u0131.<\/div>\n<\/div>\n<div class=\"x11i5rnm xat24cr x1mh8g0r x1vvkbs xtlvy1s x126k92a\">\n<div dir=\"auto\">K\u00fcrt Dili Grameri \u00fczerine yapt\u0131\u011f\u0131 doktora \u00e7al\u0131\u015fmas\u0131 \u0130stanbul\u2019da 1992 y\u0131l\u0131nda yay\u0131nland\u0131.<\/div>\n<\/div>\n<div class=\"x11i5rnm xat24cr x1mh8g0r x1vvkbs xtlvy1s x126k92a\">\n<div dir=\"auto\">Yazar\u0131n yay\u0131nlanan baz\u0131 eserleri \u015f\u00f6yle: \u201cK\u00fcrt \u015eairleri Antolojisi\u201d, \u201cK\u00fcrt Atas\u00f6zleri\u201d, \u201cK\u00fcrt\u00e7e Alfabe\u201d, \u201cAlmanca-K\u00fcrt\u00e7e Okuma Kitab\u0131\u201d, \u201cCigerxw\u00een\u2019den Se\u00e7ilmi\u015f \u015eiirler\u201d,<\/div>\n<\/div>\n<div class=\"x11i5rnm xat24cr x1mh8g0r x1vvkbs xtlvy1s x126k92a\">\n<div dir=\"auto\">\u201cOsman Sabri Divan\u0131\u201d, \u201cTosin\u00ea Re\u015f\u00eed, Klam\u00ean R\u00ea\u201d, \u201cR\u00eazimana Kurd\u00ee, K\u00fcrt\u00e7e Dilbilgisi\u201d, \u201cZuladaki Sab\u0131r, T\u00fcrk\u00e7e \u015fiirler\u201d, \u201cHawar, K\u00fcrt\u00e7e \u015fiirler\u201d, \u201cKudurmu\u015f Kurt \u0130le Yedi O\u011flak, \u00f6yk\u00fc\u201d.<\/div>\n<\/div>\n<div class=\"x11i5rnm xat24cr x1mh8g0r x1vvkbs xtlvy1s x126k92a\">\n<div dir=\"auto\">Yazar ayr\u0131ca, 2500 sayfal\u0131k 3 ciltlik \u201cK\u00fcrt\u00e7e-T\u00fcrk\u00e7e Ansiklopedik S\u00f6zl\u00fck\u201d ve 5 ciltlik \u201cBa\u015flang\u0131\u00e7tan g\u00fcn\u00fcm\u00fcze K\u00fcrt \u015eairleri\u201d gibi bu bas\u0131lanlar kadar yay\u0131na haz\u0131r olan di\u011fer bir\u00e7ok yap\u0131t \u00fczerinde \u00e7al\u0131\u015ft\u0131.<\/div>\n<\/div>\n<div class=\"x11i5rnm xat24cr x1mh8g0r x1vvkbs xtlvy1s x126k92a\">\n<div dir=\"auto\">Yazar T\u00fcrkolog ve K\u00fcrdolog olarak tan\u0131nmaktad\u0131r.<\/div>\n<div dir=\"auto\"><\/div>\n<\/div>\n<div class=\"x11i5rnm xat24cr x1mh8g0r x1vvkbs xtlvy1s x126k92a\">\n<div dir=\"auto\">Yazar\u0131n yay\u0131nlanan yap\u0131tlar\u0131 :<\/div>\n<\/div>\n<div class=\"x11i5rnm xat24cr x1mh8g0r x1vvkbs xtlvy1s x126k92a\">\n<div dir=\"auto\">1. K\u00fcrt \u015eairler Antolojisi &#8220;Berevoka Helbestvan\u00ean Kurd&#8221; Frankfurt\/Almanya, 1982<\/div>\n<\/div>\n<div class=\"x11i5rnm xat24cr x1mh8g0r x1vvkbs xtlvy1s x126k92a\">\n<div dir=\"auto\">2. K\u00fcrt\u00e7e Alfabe &#8220;Alfabeya Kurd\u00ee&#8221; we\u015fan\u00ean R\u00ea, \u00e7apa yekem\u00een 1982, \u00e7apa duwem\u00een we\u015fan\u00ean R\u00ea, 1983, \u00e7apa s\u00eayem\u00een, we\u015fan\u00ean Komkar, 1983, \u00e7apa \u00e7aran we\u015fan\u00ean Kurd\u00ee li Elmany\u00ea, 2003, w\u00ea\u015fan\u00ean \u00censt\u00eet\u00fbta Kurd\u00ee li Elmany\u00ea.<\/div>\n<\/div>\n<div class=\"x11i5rnm xat24cr x1mh8g0r x1vvkbs xtlvy1s x126k92a\">\n<div dir=\"auto\">3. Kudurmu\u015f Kurt \u0130le Yedi O\u011flak &#8220;Gur\u00ea Har \u00fb Heft Kar&#8221; \u00e7\u00eerok, we\u015fan\u00ean R\u00ea, 1983<\/div>\n<\/div>\n<div class=\"x11i5rnm xat24cr x1mh8g0r x1vvkbs xtlvy1s x126k92a\">\n<div dir=\"auto\">4. Hawar, helbest, we\u015fan\u00ean R\u00ea, 1983<\/div>\n<\/div>\n<div class=\"x11i5rnm xat24cr x1mh8g0r x1vvkbs xtlvy1s x126k92a\">\n<div dir=\"auto\">5. Zuladaki Sab\u0131r &#8220;Sebra Di Ve\u015fartgeh\u00ea De&#8221; we\u015fan\u00ean R\u00ea, 1984<\/div>\n<\/div>\n<div class=\"x11i5rnm xat24cr x1mh8g0r x1vvkbs xtlvy1s x126k92a\">\n<div dir=\"auto\">6. Kurdisch-Deutsch Fibel, we\u015fan\u00ean Senetoya Elman, 1985<\/div>\n<\/div>\n<div class=\"x11i5rnm xat24cr x1mh8g0r x1vvkbs xtlvy1s x126k92a\">\n<div dir=\"auto\">7. Yol T\u00fcrk\u00fcleri &#8220;Klama R\u00ea&#8221; Tosin\u00ea Re\u015f\u00eed, Helbest, Kurd\u00ee-Tirk\u00ee, we\u015fan\u00ean R\u00ea<\/div>\n<\/div>\n<div class=\"x11i5rnm xat24cr x1mh8g0r x1vvkbs xtlvy1s x126k92a\">\n<div dir=\"auto\">8. K\u00fcrt\u00e7e Adlar &#8220;Nav\u00ean Kurd\u00ee\/Kurdische Namen&#8221; we\u015fan\u00ean Komkar, 1990<\/div>\n<\/div>\n<div class=\"x11i5rnm xat24cr x1mh8g0r x1vvkbs xtlvy1s x126k92a\">\n<div dir=\"auto\">9. K\u00fcrt\u00e7e Dilbilgisi &#8220;R\u00eazimana Kurd\u00ee&#8221; we\u015fan\u00ean Alan, 1991, Stenbol<\/div>\n<\/div>\n<div class=\"x11i5rnm xat24cr x1mh8g0r x1vvkbs xtlvy1s x126k92a\">\n<div dir=\"auto\">10. Biz Kimiz &#8220;K\u00eene Em&#8221; Cigerxw\u00een, Helbest, Kurd\u00ee-Tirk\u00ee, 1992, Stenbol, \u201c\u00c7apa duwem\u00een, 1993, Stenbol<\/div>\n<\/div>\n<div class=\"x11i5rnm xat24cr x1mh8g0r x1vvkbs xtlvy1s x126k92a\">\n<div dir=\"auto\">11. K\u00fcrt\u00e7e \u015eairler Antolojisi &#8220;Antolojiya Helbestvan\u00ean Kurd&#8221; we\u015fan\u00ean Pel\u00ea Sor, 1992<\/div>\n<\/div>\n<div class=\"x11i5rnm xat24cr x1mh8g0r x1vvkbs xtlvy1s x126k92a\">\n<div dir=\"auto\">12.K\u00fcrt\u00e7e Atas\u00f6zleri &#8220;Gotin\u00ean P\u00ea\u015fiyan \u00ean Kurd\u00ee, Kurd\u00ee-Tirk\u00ee&#8221; pel\u00ea Sor, 1993<\/div>\n<\/div>\n<div class=\"x11i5rnm xat24cr x1mh8g0r x1vvkbs xtlvy1s x126k92a\">\n<div dir=\"auto\">13. Osman Sabri Divan\u0131 &#8220;D\u00eewana Osman Sebr\u00ee&#8221; we\u015fan\u00ean apec, Sw\u00eaden, 1998<\/div>\n<\/div>\n<div class=\"x11i5rnm xat24cr x1mh8g0r x1vvkbs xtlvy1s x126k92a\">\n<div dir=\"auto\">\u00c7apa duwem\u00een, we\u015fan\u00ean Evra, Elmanya 2005, \u00c7apa s\u00eayem\u00een Stenbol, 20006<\/div>\n<\/div>\n<div class=\"x11i5rnm xat24cr x1mh8g0r x1vvkbs xtlvy1s x126k92a\">\n<div dir=\"auto\">14. Beni R\u00fcsva Etme &#8220;Min Risva Meke&#8221; helbest, we\u015fan\u00ean a-Verlag, Berlin, 2006<\/div>\n<\/div>\n<div class=\"x11i5rnm xat24cr x1mh8g0r x1vvkbs xtlvy1s x126k92a\">\n<div dir=\"auto\">15. Karanfiller Bar\u0131\u015fa Hasret &#8220;Qerenf\u00eel Hesreta A\u015fitiy\u00ea ne&#8221;, helbest, we\u015fan\u00ean a-Verlag, 2006<\/div>\n<\/div>\n<div class=\"x11i5rnm xat24cr x1mh8g0r x1vvkbs xtlvy1s x126k92a\">\n<div dir=\"auto\">16. Helbestvan\u00ean Kurd y\u00ean Sedsala Daw\u00ee ( sedsala 20 an) \u00e7ar berg, we\u015fan\u00ean R\u00ea<\/div>\n<\/div>\n<div class=\"x11i5rnm xat24cr x1mh8g0r x1vvkbs xtlvy1s x126k92a\">\n<div dir=\"auto\">17. K\u00fcrt\u00e7e -T\u00fcrk\u00e7e Ansiklopedik S\u00f6zl\u00fck, resimli 3 cilt, 3. bask\u0131, Malatya, 2011 &#8220;Ferhenga Kurd\u00ee-Tirk\u00ee ya<\/div>\n<\/div>\n<div class=\"x11i5rnm xat24cr x1mh8g0r x1vvkbs xtlvy1s x126k92a\">\n<div dir=\"auto\">Ansikloped\u00eek&#8221; bi w\u00eaneyan, 3 berg, \u00e7apa s\u00eayem\u00een, Melet\u00ee, 2011&#8243;.<\/div>\n<\/div>\n<div class=\"x11i5rnm xat24cr x1mh8g0r x1vvkbs xtlvy1s x126k92a\">\n<div dir=\"auto\">Bas\u0131ma haz\u0131r di\u011fer \u00e7al\u0131\u015fmalar\u0131:<\/div>\n<\/div>\n<div class=\"x11i5rnm xat24cr x1mh8g0r x1vvkbs xtlvy1s x126k92a\">\n<div dir=\"auto\">1. \u015eair\u00ea Kurd 1 heya berg\u00ea 5 an<\/div>\n<\/div>\n<div class=\"x11i5rnm xat24cr x1mh8g0r x1vvkbs xtlvy1s x126k92a\">\n<div dir=\"auto\">2.K\u00fcrt\u00e7e -T\u00fcrk\u00e7e Ansiklopedik S\u00f6zl\u00fck, resimli 4 cilt, yeni bask\u0131<\/div>\n<\/div>\n<div class=\"x11i5rnm xat24cr x1mh8g0r x1vvkbs xtlvy1s x126k92a\">\n<div dir=\"auto\">3.Ansiklopediya Nav\u00ean Kurdi bi watey\u00ean Kurd\u00ee<\/div>\n<\/div>\n<div class=\"x11i5rnm xat24cr x1mh8g0r x1vvkbs xtlvy1s x126k92a\">\n<div dir=\"auto\">4.T\u00fcrk\u00e7e Adlar Ansiklopedisi (anlamlar\u0131yla a\u00e7\u0131klamal\u0131)<\/div>\n<\/div>\n<div class=\"x11i5rnm xat24cr x1mh8g0r x1vvkbs xtlvy1s x126k92a\">\n<div dir=\"auto\">5. D\u00eewana Helbestan ya ni nav\u00ea \u201cWelat\u00ea B\u00ea Xwed\u00ee Kurdistan\u201d<\/div>\n<\/div>\n<div class=\"x11i5rnm xat24cr x1mh8g0r x1vvkbs xtlvy1s x126k92a\">\n<div dir=\"auto\">6. DERS\u0130M D\u00d6RT DA\u011e \u0130\u00c7\u0130NDE (Tarihi Roman)<\/div>\n<\/div>\n<div class=\"x11i5rnm xat24cr x1mh8g0r x1vvkbs xtlvy1s x126k92a\">\n<div dir=\"auto\">7. Botan\u2019dan Bedirhan\u2019a C\u0130Z\u0130RE<\/div>\n<\/div>\n<div class=\"x11i5rnm xat24cr x1mh8g0r x1vvkbs xtlvy1s x126k92a\">\n<div dir=\"auto\">8. Di R\u00eaya Zanist de Turkoloj-Kurdoloj\u00ee<\/div>\n<\/div>\n<div class=\"x11i5rnm xat24cr x1mh8g0r x1vvkbs xtlvy1s x126k92a\">\n<div dir=\"auto\">9. Ahmed Arif\u201cin Ard\u0131ndan \u201eHasretinden Prangalar Dile Geldi\u201c \u015fiir, \u00e7eviri (K\u00fcrt\u00e7e-T\u00fcrk\u00e7e) birlikte<\/div>\n<\/div>\n<div class=\"x11i5rnm xat24cr x1mh8g0r x1vvkbs xtlvy1s x126k92a\">\n<div dir=\"auto\">10. Altm\u0131\u015f Y\u0131ll\u0131k Politik Hayatta Sahte Politikac\u0131lardan Edindi\u011fim Deneyimler(Gelecek Ku\u015faklar<\/div>\n<div dir=\"auto\"><\/div>\n<div dir=\"auto\">\n<p><strong>Hejar Ro\u015f\u00een-<\/strong><strong style=\"font-family: -apple-system, BlinkMacSystemFont, 'Segoe UI', Roboto, Oxygen, Oxygen-Sans, Ubuntu, Cantarell, 'Helvetica Neue', 'Open Sans', Arial, sans-serif;\">Rupela N\u00fb<\/strong><\/p>\n<\/div>\n<\/div>\n","protected":false},"excerpt":{"rendered":"<p>Abuzer Bali Bali, 1940 y\u0131l\u0131nda Malatya\u2019da do\u011fdu. Bug\u00fcne kadar yay\u0131nlanm\u0131\u015f bir\u00e7ok kitab\u0131 olan yazar, Ankara \u00dcniversitesi Genel Dilbilim ve Edebiyat B\u00f6l\u00fcm\u00fc\u2019n\u00fcn yan\u0131s\u0131ra Berlin Frei \u00dcniversitesi\u2019nde Siyasal Bilgiler B\u00f6l\u00fcm\u00fc\u2019n\u00fc ve \u0130rani Diller Fak\u00fcltesi\u2019nin K\u00fcrdoloji B\u00f6l\u00fcm\u00fc\u2019nde K\u00fcrt Dili Grameri \u00fczerine e\u011fitim ald\u0131. K\u00fcrt Dili Grameri \u00fczerine yapt\u0131\u011f\u0131 doktora \u00e7al\u0131\u015fmas\u0131 \u0130stanbul\u2019da 1992 y\u0131l\u0131nda yay\u0131nland\u0131. Yazar\u0131n yay\u0131nlanan baz\u0131 eserleri &hellip;<\/p>\n","protected":false},"author":32,"featured_media":23689,"comment_status":"open","ping_status":"open","sticky":false,"template":"","format":"standard","meta":{"footnotes":""},"categories":[5371],"tags":[6039],"class_list":["post-23688","post","type-post","status-publish","format-standard","has-post-thumbnail","","category-alinti-yazilar","tag-sernivis"],"_links":{"self":[{"href":"https:\/\/candname.com\/tr\/index.php?rest_route=\/wp\/v2\/posts\/23688","targetHints":{"allow":["GET"]}}],"collection":[{"href":"https:\/\/candname.com\/tr\/index.php?rest_route=\/wp\/v2\/posts"}],"about":[{"href":"https:\/\/candname.com\/tr\/index.php?rest_route=\/wp\/v2\/types\/post"}],"author":[{"embeddable":true,"href":"https:\/\/candname.com\/tr\/index.php?rest_route=\/wp\/v2\/users\/32"}],"replies":[{"embeddable":true,"href":"https:\/\/candname.com\/tr\/index.php?rest_route=%2Fwp%2Fv2%2Fcomments&post=23688"}],"version-history":[{"count":1,"href":"https:\/\/candname.com\/tr\/index.php?rest_route=\/wp\/v2\/posts\/23688\/revisions"}],"predecessor-version":[{"id":23690,"href":"https:\/\/candname.com\/tr\/index.php?rest_route=\/wp\/v2\/posts\/23688\/revisions\/23690"}],"wp:featuredmedia":[{"embeddable":true,"href":"https:\/\/candname.com\/tr\/index.php?rest_route=\/wp\/v2\/media\/23689"}],"wp:attachment":[{"href":"https:\/\/candname.com\/tr\/index.php?rest_route=%2Fwp%2Fv2%2Fmedia&parent=23688"}],"wp:term":[{"taxonomy":"category","embeddable":true,"href":"https:\/\/candname.com\/tr\/index.php?rest_route=%2Fwp%2Fv2%2Fcategories&post=23688"},{"taxonomy":"post_tag","embeddable":true,"href":"https:\/\/candname.com\/tr\/index.php?rest_route=%2Fwp%2Fv2%2Ftags&post=23688"}],"curies":[{"name":"wp","href":"https:\/\/api.w.org\/{rel}","templated":true}]}}