{"id":23664,"date":"2024-09-01T07:17:57","date_gmt":"2024-09-01T04:17:57","guid":{"rendered":"https:\/\/candname.com\/tr\/?p=23664"},"modified":"2024-08-28T14:20:50","modified_gmt":"2024-08-28T11:20:50","slug":"amasyada-medlere-ait-2-bin-600-yillik-atesgah-kesfedildi","status":"publish","type":"post","link":"https:\/\/candname.com\/tr\/?p=23664","title":{"rendered":"Amasya\u2019da Medler&#8217;e ait 2 bin 600 y\u0131ll\u0131k ate\u015fgah ke\u015ffedildi"},"content":{"rendered":"<div class=\"status-summary\"><span class=\"big-post-text text-default\"><strong>Amasya&#8217;n\u0131n G\u00f6yn\u00fccek il\u00e7esindeki Oluz H\u00f6y\u00fck kaz\u0131lar\u0131nda, milattan \u00f6nce 600 y\u0131llar\u0131nda b\u00f6lgede h\u00fck\u00fcm s\u00fcrm\u00fc\u015f Medler&#8217;e ait 2 bin 600 y\u0131ll\u0131k ate\u015fgah ortaya \u00e7\u0131kar\u0131ld\u0131.<\/strong><\/span><\/div>\n<div><\/div>\n<div>\n<p>Amasya&#8217;n\u0131n G\u00f6yn\u00fccek il\u00e7esindeki Oluz H\u00f6y\u00fck kaz\u0131lar\u0131nda, milattan \u00f6nce 600 y\u0131llar\u0131nda b\u00f6lgede h\u00fck\u00fcm s\u00fcrm\u00fc\u015f Medler&#8217;e ait 2 bin 600 y\u0131ll\u0131k ate\u015fgah ortaya \u00e7\u0131kar\u0131ld\u0131.<\/p>\n<p>Daha \u00f6nceki y\u0131llarda yap\u0131lan kaz\u0131larda Medler&#8217;e ait oldu\u011fu tespit edilen \u00e7anak ve \u00e7\u00f6mlek par\u00e7alar\u0131 ile sunak ve mimari yap\u0131lar ortaya \u00e7\u0131kar\u0131l\u0131rken bu y\u0131lki kaz\u0131larda ise yine Medler&#8217;e ait oldu\u011fu belirlenen ate\u015fgah bulundu.<\/p>\n<p>Kaz\u0131 sorumlusu \u0130stanbul \u00dcniversitesi Edebiyat Fak\u00fcltesi Arkeoloji B\u00f6l\u00fcm\u00fc \u00d6\u011fretim \u00dcyesi Prof. Dr. \u015eevket D\u00f6nmez Oluz AA\u2019ya H\u00f6y\u00fck&#8217;te 18 y\u0131ld\u0131r kaz\u0131 \u00e7al\u0131\u015fmalar\u0131 y\u00fcr\u00fctt\u00fcklerini s\u00f6yledi.<\/p>\n<p>D\u00f6nmez, \u201chayalet\u201d bir toplum olarak bilinen Medler&#8217;in milattan \u00f6nce 580 ve 600 y\u0131llar\u0131 aras\u0131nda Oluz H\u00f6y\u00fck&#8217;e yerle\u015fti\u011fini belirterek, \u015funlar\u0131 anlatt\u0131:<\/p>\n<p>&#8220;Medler taraf\u0131ndan kutsal say\u0131lan ate\u015fgah kare bir bi\u00e7imden olu\u015fuyor. Bu sene bizi heyecanland\u0131ran ana unsur Med d\u00f6nemini kaz\u0131yor olmam\u0131z. Medler milattan \u00f6nce 600\u2019lerde Urartu Krall\u0131\u011f\u0131&#8217;n\u0131n y\u0131k\u0131lmas\u0131ndan itibaren Anadolu\u2019ya girmeye ba\u015flam\u0131\u015f ve bat\u0131ya do\u011fru bir yay\u0131l\u0131m g\u00f6stermi\u015f. Milattan \u00f6nce 580\u2019lere geldi\u011fimizde Oluz H\u00f6y\u00fck\u2019\u00fcn Medler&#8217;in bat\u0131 s\u0131n\u0131r\u0131ndan bir yerle\u015fme oldu\u011funu anlayabiliyoruz. En az\u0131ndan haritada bunu anlayabiliyorduk. \u00d6zellikle 4. mimari tabakada yani milattan \u00f6nce 600 ile 550 y\u0131llar\u0131 aras\u0131ndaki tabakada yapt\u0131\u011f\u0131m\u0131z kaz\u0131larda bizi \u00e7ok \u015fa\u015f\u0131rtan arkeolojik veriler 2023 y\u0131l\u0131nda ortaya \u00e7\u0131kmaya ba\u015flad\u0131. Bu seneki heyecan\u0131m\u0131z\u0131n da sebebi bu. \u00c7\u00fcnk\u00fc ilk defa Medler&#8217;e ait Anadolu\u2019da arkeolojik kal\u0131nt\u0131lar, mimari unsurlar ve k\u00fc\u00e7\u00fck buluntular bulduk ve bunlar\u0131 kimliklendirdik.&#8221;<\/p>\n<p><b><strong>&#8220;Ate\u015fgah, Medler i\u00e7in kutsal mekan say\u0131l\u0131yor&#8221;<\/strong><\/b><\/p>\n<p>Medler&#8217;in bug\u00fcne kadar \u00f6n Asya\u2019da \u00e7ok fazla arkeolojik izleri bilinmeyen bir toplum oldu\u011funu ifade eden D\u00f6nmez, s\u00f6zlerini \u015f\u00f6yle s\u00fcrd\u00fcrd\u00fc:<\/p>\n<p>&#8220;Oluz H\u00f6y\u00fck kaz\u0131lar\u0131 bu anlamda Med k\u00fclt\u00fcr\u00fcn\u00fc biraz cisimle\u015ftirmeye ve somutla\u015ft\u0131rmaya ba\u015flad\u0131. Hemen arkam\u0131zda \u00e7al\u0131\u015fma alan\u0131m\u0131z\u0131 Med Suna\u011f\u0131 olarak adland\u0131rd\u0131k. Asl\u0131nda bu bir ge\u00e7 Firik suna\u011f\u0131, kare bi\u00e7imli, bunun bir benzeri Kubaba Suna\u011f\u0131 olarak yine Oluz H\u00f6y\u00fck\u2019te var. Bu suna\u011f\u0131 insanlar kullan\u0131yorken Medler&#8217;in buraya geldi\u011fini, \u00f6zellikle bu sunak \u00fczerinde bir tak\u0131m eklentiler ve bir tak\u0131m revizyonlar yaparak, \u00f6rne\u011fin kuzeyine bir kutsal ate\u015f oca\u011f\u0131 ve g\u00fcneyine de bir mil dedi\u011fimiz \u00fczerinde ate\u015f yanan bir platform ekleyerek bu suna\u011f\u0131 bir ate\u015fgaha \u00e7evirmi\u015f olduklar\u0131n\u0131 bu seneki \u00e7al\u0131\u015fmalarda yava\u015f yava\u015f anlamaya ba\u015flad\u0131k.<\/p>\n<p><b><strong>&#8220;\u00c7ok tanr\u0131l\u0131 dinlerden erken tek tanr\u0131l\u0131 Zerd\u00fc\u015ftl\u00fck dinine ge\u00e7i\u015f gibi g\u00f6r\u00fcn\u00fcyor&#8221;<\/strong><\/b><\/p>\n<p>Tabii bu Anadolu i\u00e7in dinsel yap\u0131lanmada ve dinsel d\u00f6n\u00fc\u015f\u00fcmde \u00e7ok \u00f6nemli bir ad\u0131m. Burada Anadolu bir anda Kubaba dininden, ate\u015f k\u00fclt\u00fcr\u00fcne ve belki de erken Zerd\u00fc\u015ftl\u00fck d\u00f6nemine sanki ad\u0131m at\u0131yor gibi. Bunun bir anlam\u0131 da \u015fu, \u00e7ok tanr\u0131l\u0131 dinlerden tek tanr\u0131l\u0131 dinlere bir ge\u00e7i\u015f var gibi g\u00f6r\u00fcn\u00fcyor. A\u00e7\u0131k ve geni\u015f alanlarda belli bir mimariye ba\u011fl\u0131 olarak ate\u015f yanan yer olan ate\u015fgah, Medler i\u00e7in kutsal mekan say\u0131l\u0131yor.&#8221;<\/p>\n<p>D\u00f6nmez, \u201cMedler&#8217;in tart\u0131\u015fmas\u0131z bir bi\u00e7imde \u0130rani bir halkt\u0131r Perslerle akrabad\u0131r. Onun d\u0131\u015f\u0131ndaki iddialar tamamen d\u00fczmecedir ve bizimle ilgisi yoktur\u201d dedi.<\/p>\n<p>Oluz H\u00f6y\u00fck\u2019teki kaz\u0131lar ekim ay\u0131n\u0131n sonuna kadar devam edecek.(AA)<\/p>\n<p>&nbsp;<\/p>\n<\/div>\n","protected":false},"excerpt":{"rendered":"<p>Amasya&#8217;n\u0131n G\u00f6yn\u00fccek il\u00e7esindeki Oluz H\u00f6y\u00fck kaz\u0131lar\u0131nda, milattan \u00f6nce 600 y\u0131llar\u0131nda b\u00f6lgede h\u00fck\u00fcm s\u00fcrm\u00fc\u015f Medler&#8217;e ait 2 bin 600 y\u0131ll\u0131k ate\u015fgah ortaya \u00e7\u0131kar\u0131ld\u0131. Amasya&#8217;n\u0131n G\u00f6yn\u00fccek il\u00e7esindeki Oluz H\u00f6y\u00fck kaz\u0131lar\u0131nda, milattan \u00f6nce 600 y\u0131llar\u0131nda b\u00f6lgede h\u00fck\u00fcm s\u00fcrm\u00fc\u015f Medler&#8217;e ait 2 bin 600 y\u0131ll\u0131k ate\u015fgah ortaya \u00e7\u0131kar\u0131ld\u0131. Daha \u00f6nceki y\u0131llarda yap\u0131lan kaz\u0131larda Medler&#8217;e ait oldu\u011fu tespit edilen \u00e7anak &hellip;<\/p>\n","protected":false},"author":32,"featured_media":23665,"comment_status":"open","ping_status":"open","sticky":false,"template":"","format":"standard","meta":{"footnotes":""},"categories":[3],"tags":[5018,117,1616,3419,5838,5580],"class_list":["post-23664","post","type-post","status-publish","format-standard","has-post-thumbnail","","category-haber","tag-amasya","tag-kurtler","tag-manset","tag-med","tag-medler","tag-turkler"],"_links":{"self":[{"href":"https:\/\/candname.com\/tr\/index.php?rest_route=\/wp\/v2\/posts\/23664","targetHints":{"allow":["GET"]}}],"collection":[{"href":"https:\/\/candname.com\/tr\/index.php?rest_route=\/wp\/v2\/posts"}],"about":[{"href":"https:\/\/candname.com\/tr\/index.php?rest_route=\/wp\/v2\/types\/post"}],"author":[{"embeddable":true,"href":"https:\/\/candname.com\/tr\/index.php?rest_route=\/wp\/v2\/users\/32"}],"replies":[{"embeddable":true,"href":"https:\/\/candname.com\/tr\/index.php?rest_route=%2Fwp%2Fv2%2Fcomments&post=23664"}],"version-history":[{"count":1,"href":"https:\/\/candname.com\/tr\/index.php?rest_route=\/wp\/v2\/posts\/23664\/revisions"}],"predecessor-version":[{"id":23666,"href":"https:\/\/candname.com\/tr\/index.php?rest_route=\/wp\/v2\/posts\/23664\/revisions\/23666"}],"wp:featuredmedia":[{"embeddable":true,"href":"https:\/\/candname.com\/tr\/index.php?rest_route=\/wp\/v2\/media\/23665"}],"wp:attachment":[{"href":"https:\/\/candname.com\/tr\/index.php?rest_route=%2Fwp%2Fv2%2Fmedia&parent=23664"}],"wp:term":[{"taxonomy":"category","embeddable":true,"href":"https:\/\/candname.com\/tr\/index.php?rest_route=%2Fwp%2Fv2%2Fcategories&post=23664"},{"taxonomy":"post_tag","embeddable":true,"href":"https:\/\/candname.com\/tr\/index.php?rest_route=%2Fwp%2Fv2%2Ftags&post=23664"}],"curies":[{"name":"wp","href":"https:\/\/api.w.org\/{rel}","templated":true}]}}