{"id":23661,"date":"2024-08-30T07:04:45","date_gmt":"2024-08-30T04:04:45","guid":{"rendered":"https:\/\/candname.com\/tr\/?p=23661"},"modified":"2024-08-26T14:19:22","modified_gmt":"2024-08-26T11:19:22","slug":"kurtler-ve-malazgirt-savasi","status":"publish","type":"post","link":"https:\/\/candname.com\/tr\/?p=23661","title":{"rendered":"K\u00fcrtler Ve Malazgirt Sava\u015f\u0131"},"content":{"rendered":"<article>1071 Malazgirt Sava\u015f\u0131 \u00f6ncesinde Bizans \u0130mparatoru Romen Diyejon, Do\u011fu Roma ordusunda Frenk, Ermeni, Norman, Slav, Abaza\u2026 gibi farkl\u0131 uluslardan ve M\u00fcsl\u00fcmanl\u0131\u011f\u0131 kabul etmeyen H\u0131ristiyan Pe\u00e7enek, Uz T\u00fcrk boylar\u0131n i\u00e7inde bulundu\u011fu ve d\u00fcnyan\u0131n en b\u00fcy\u00fck ordusunu kurup Anadolu\u2019ya sefere \u00e7\u0131kar. M\u00fcsl\u00fcmanlar\u0131 Anadolu\u2019da \u00e7\u0131karacaklar\u0131n\u0131, Anadolu\u2019yu kendi valilikleri aras\u0131nda payla\u015facaklar\u0131n\u0131, b\u00fct\u00fcn camileri kiliseye \u00e7evireceklerini ve M\u00fcsl\u00fcman devletlerine kendi \u00fclkem gibi h\u00e2kim olmadan geri d\u00f6nmeyece\u011fini bildirmi\u015fti. Bunu haber alan M\u00fcsl\u00fcman Sel\u00e7uklu h\u00fck\u00fcmdar\u0131 Alparslan Anadolu\u2019daki M\u00fcsl\u00fcman devletlerden, beyliklerden yard\u0131m talep eder. Bu \u00e7a\u011fr\u0131ya bir\u00e7o\u011fu \u015f\u00f6yle cevap verir\u00a0<em>\u201cYery\u00fcz\u00fcn\u00fcn en b\u00fcy\u00fck ordusu Bizans ordusuna kar\u015f\u0131 durulmayaca\u011f\u0131n\u0131, yenileceklerini s\u00f6yleyip\u201d<\/em>\u00a0Alparslan\u2019\u0131n cihat \u00e7a\u011fr\u0131s\u0131na olumlu cevap vermemi\u015flerdir. K\u00fcrtler, sava\u015ftan bir g\u00fcn \u00f6nce 25 A\u011fustos 1071\u2019de Molla Yahya (Mele Yahya) 10 bin K\u00fcrt s\u00fcvari sava\u015f\u00e7\u0131 genciyle Alparslan\u2019\u0131n yan\u0131nda yer al\u0131r.<\/p>\n<p>K\u00fcrtlerin ileri geleni Mele Yahya (\u0130mam Yahya)\u00a0<em>\u201cDin karde\u015flerimizin yan\u0131nda cihat etmeye geldik.<\/em>\u201d demi\u015ftir.<\/p>\n<p>Sultan Alparslan Mele Yahya\u2019ya sar\u0131l\u0131r amcao\u011flum\u00a0<em>\u201cK\u00fcrt-T\u00fcrk amca \u00e7ocuklar\u0131d\u0131r.\u201d<\/em>\u00a0demi\u015ftir. Malazgirt Sava\u015f\u0131\u2019n\u0131n kazan\u0131lmas\u0131nda K\u00fcrtlerin b\u00fcy\u00fck etkisi olmu\u015ftur.<\/p>\n<p>Tarihte ve g\u00fcn\u00fcm\u00fczde maalesef bir\u00e7ok ki\u015fi K\u00fcrtlerin, Bat\u0131l\u0131 emperyalistlere kar\u015f\u0131 T\u00fcrklere verdi\u011fi deste\u011fi yok saymakta ve K\u00fcrtlerin varl\u0131\u011f\u0131n\u0131 bile ink\u00e2r etmektedir. Bu durum \u0130nan\u00e7l\u0131 K\u00fcrtleri derinde yaralamakta ama kendilerini \u00f6zen s\u00f6ylemlere kar\u015f\u0131 elli kolu ba\u011fl\u0131 seyirci kalmaktad\u0131r. Zaman zaman g\u00f6rm\u00fc\u015f\u00fcz ve \u015fahit olmu\u015fuzdur; en saf i\u00e7ten duygularla \u201cK\u00fcrtler vard\u0131r, ben de K\u00fcrt\u2019\u00fcm\u201d dedi\u011fi zaman; hemen baz\u0131 \u00e7evreler \u201cK\u00fcrt yoktur, bunlar da\u011fl\u0131 T\u00fcrklerdir\u201d deyip ayr\u0131l\u0131k\u00e7\u0131 hareketler ve K\u00fcrt Milliyet\u00e7ili\u011fi etiketini yap\u0131\u015ft\u0131rmaktad\u0131r. Bu gibi benzer durumlar 1970 y\u0131llar\u0131nda inan\u00e7l\u0131, ayd\u0131n K\u00fcrtleri sosyalizm kuca\u011f\u0131na atm\u0131\u015flard\u0131r. Bug\u00fcn baz\u0131 ayd\u0131n K\u00fcrtlerin materyalist d\u00fc\u015f\u00fcnmesinin alt\u0131nda bu ayr\u0131\u015ft\u0131r\u0131c\u0131 d\u00fc\u015f\u00fcnce yatmaktad\u0131r. Asl\u0131nda b\u00f6yle d\u00fc\u015f\u00fcnen ve K\u00fcrtler \u00fczerinde tahakk\u00fcm kuran \u00e7evrelerin amac\u0131 K\u00fcrtler aras\u0131nda sek\u00fcler anlay\u0131\u015f\u0131 yayg\u0131nla\u015ft\u0131rmak ve K\u00fcrtleri \u0130slam dininden uzakla\u015ft\u0131rmakt\u0131r.<\/p>\n<p>\u00d6rnek vermek gerekirse; bir televizyon Program s\u0131ras\u0131nda &#8220;Malazgirt&#8217;te K\u00fcrtler yoktu&#8221; \u015feklinde \u0131srarla tweet atan takip\u00e7ilere sinirlenen Murat Bardak\u00e7\u0131, Malazgirt Sava\u015f\u0131&#8217;nda K\u00fcrtlerin rol\u00fcyle ilgili en \u00f6nemli bilgi 13. y\u00fczy\u0131l yazarlar\u0131ndan S\u0131bt \u0130bn\u00fc&#8217;l-Cevzi ismiyle tan\u0131nan Ebu&#8217;l-Muzaffer Yusuf&#8217;un &#8220;Mir&#8217;at\u00fc&#8217;z-zeman fi Tarihi&#8217;l-\u00e2yan&#8221; isimli eserinde \u015fu \u015fekilde ge\u00e7ti\u011fini s\u00f6yler: &#8220;Az \u00f6nce 10 bin K\u00fcrt de Sultan&#8217;a kat\u0131lm\u0131\u015ft\u0131. Bununla beraber (sultan) Tanr\u0131&#8217;dan sonra buyru\u011fundaki 4 bin ki\u015filik hassa askerine g\u00fcveniyordu&#8221;. \u015eam&#8217;da ya\u015fayan S\u0131bt \u0130bn\u00fc&#8217;l-Cevzi, Malazgirt&#8217;ten yakla\u015f\u0131k 180 y\u0131l sonra tarihini kaleme alm\u0131\u015ft\u0131r. S\u0131bt, 11. y\u00fczy\u0131l\u0131n ikinci yar\u0131s\u0131na ait bilgileri 1088&#8217;de \u00f6len Garsunni&#8217;me&#8217;nin &#8220;Uyun\u00fc&#8217;t-Tev\u00e2rih&#8221; isimli eserinden alm\u0131\u015ft\u0131r.<\/p>\n<p>Malazgirt Sava\u015f\u0131&#8217;na kat\u0131lan K\u00fcrtlerle ilgili bilgi muharebeden yakla\u015f\u0131k 260 y\u0131l sonra Kenz\u00fc&#8217;d-D\u00fcrer ve C\u00e2mi\u00fc&#8217;l-Gurer isimli bir eser yazan Meml\u00fck tarih\u00e7isi \u0130bn\u00fc&#8217;d-Devaddari&#8217;de de vard\u0131r. Kenz\u00fc&#8217;d-D\u00fcrer&#8217;de bu konu &#8220;Sultan Alparslan&#8217;a K\u00fcrtlerden ve s\u00e2ir kavimlerden olmak \u00fczere 10 bin kadar insan da kat\u0131lm\u0131\u015ft\u0131.&#8221; \u015feklinde ge\u00e7er.<a title=\"\" href=\"http:\/\/www.anadolugenclik.com.tr\/#_ftn1\" name=\"_ftnref1\">[1]<\/a><\/p>\n<p>D\u00f6nemin Ba\u015fbakan\u0131 Ahmet Davuto\u011flu, Malazgirt sava\u015f\u0131nda T\u00fcrklerin yan\u0131nda K\u00fcrtlerin de oldu\u011funu s\u00f6yledi. T\u00fcrk Tarih Kurumu eski Ba\u015fkan\u0131 ve MHP Milletvekili Yusuf Hala\u00e7o\u011flu sadece dev\u015firmeler vard\u0131, diyerek Davuto\u011flu\u2019nu yalanlad\u0131.<a title=\"\" href=\"http:\/\/www.anadolugenclik.com.tr\/#_ftn2\" name=\"_ftnref2\">[2]<\/a>\u00a0Dolay\u0131s\u0131yla MHP Milletvekili Yusuf Hala\u00e7o\u011flu K\u00fcrtleri yok saym\u0131\u015ft\u0131r. Bu yok sayman\u0131n herhangi bir tarih\u00ee kaynak ve belgesi bulunmaktad\u0131r. Bir \u0131rk\u0131 ge\u00e7mi\u015finden koparmak, yok sayma d\u00fc\u015f\u00fcncesi, K\u00fcrtleri asimile etme politikalar\u0131 ve K\u00fcrt\u2019e dilini yasaklamak K\u00fcrt halk\u0131na sava\u015f a\u00e7makt\u0131r.<\/p>\n<p>1071 Malazgirt Sava\u015f\u0131ndan \u00f6nce de Malazgirt topraklar\u0131nda K\u00fcrtler ya\u015f\u0131yordu. Malazgirt ad\u0131 da K\u00fcrt\u00e7edir. Malazgirt ad\u0131n\u0131n kelime kelime ay\u0131r\u0131p sonra bir araya getirdi\u011fimizde ger\u00e7ek ortaya \u00e7\u0131kmaktad\u0131r. K\u00fcrt\u00e7e 3 kelimeden ortaya \u00e7\u0131kmaktad\u0131r. K\u00fcrt\u00e7e de 1) Me (biz) 2) lez (tez, \u00e7abuk, erken) 3) girt (ald\u0131k) kelimelerinden olu\u015fur. Yani Malazgirt kelime anlam\u0131 \u2018Biz erken tuttuk\u2019 anlam\u0131na gelmektedir.<\/p>\n<p>\u015eimdi K\u00fcrtleri yok sayanlara soral\u0131m e\u011fer K\u00fcrtler olmasayd\u0131 Sel\u00e7uklular Malazgirt Sava\u015f\u0131\u2019nda Bizans \u0130mparatorunu yenebilirler miydi?<\/p>\n<p>\u0130dris-i Bitlis\u2019inin \u00f6nderli\u011finde K\u00fcrtler olmasayd\u0131 Osmanl\u0131lar \u00c7ald\u0131ran Ovas\u0131nda Safevileri yenebilirler miydi?<\/p>\n<p>II. Abdulhamit d\u00f6neminde K\u00fcrt A\u015firetlerinden olu\u015fan Hamidiye Alaylar\u0131 etkisiyle do\u011fu s\u0131n\u0131r\u0131 g\u00fcvenlik alt\u0131na al\u0131nabilir miydi?<\/p>\n<p>T\u00fcrkler, \u00c7anakkale Cephesinde, Sar\u0131kam\u0131\u015f ve Kurtulu\u015f Sava\u015f\u0131\u2019nda amcao\u011fullar\u0131 olan K\u00fcrtlerin deste\u011fini g\u00f6rm\u00fc\u015flerdir. Cumhuriyetin kurulu\u015funda rol oynam\u0131\u015flar ama Cumhuriyetten sonra K\u00fcrtler yok say\u0131lm\u0131\u015f, K\u00fcrtlerin \u00e2limleri dara\u011fac\u0131nda ast\u0131r\u0131lm\u0131\u015f, K\u00fcrt\u00e7e yer isimleri de\u011fi\u015ftirilmi\u015f ve K\u00fcrt s\u00f6z\u00fc unutulsun diye Do\u011fu ve G\u00fcneydo\u011fu Anadolu \u015fiddetli \u00f6nlemler al\u0131nm\u0131\u015ft\u0131r. K\u00fcrtlerin dilleri, k\u00fclt\u00fcrleri yok say\u0131lm\u0131\u015f ve kurmu\u015f olduklar\u0131 devletlerinde az\u0131nl\u0131klardan daha az haklara sahip olmu\u015ftur. T\u00fcrkiye\u2019de az\u0131nl\u0131klar, Frans\u0131zlar, \u0130ngilizler, Ermeniler kendi dillerinde gazete ve dergi \u00e7\u0131karabiliyorken K\u00fcrtler kendi dillerinde gazete ve dergi \u00e7\u0131kard\u0131klar\u0131nda yakalan\u0131p yarg\u0131lanm\u0131\u015flard\u0131r. K\u00fcrtlerin kendi \u00fclkelerinde yabanc\u0131lar ve az\u0131nl\u0131klar kadar haklar\u0131 olmad\u0131\u011f\u0131 ortaya \u00e7\u0131km\u0131\u015ft\u0131r.<\/p>\n<p>Bu d\u00fc\u015f\u00fcnce T\u00fcrkiye\u2019de Milli G\u00f6r\u00fc\u015f ortaya \u00e7\u0131kana kadar s\u00fcrm\u00fc\u015ft\u00fcr. Erbakan\u2019la beraber K\u00fcrt-T\u00fcrk ayr\u0131m\u0131 yapmam\u0131\u015f K\u00fcrt milletvekilleri bakanl\u0131klara getirilmi\u015f ve yat\u0131r\u0131mlar do\u011fu bat\u0131 ayr\u0131m\u0131 yap\u0131lmam\u0131\u015ft\u0131r. 1991 y\u0131l\u0131nda Refah Partisi Genel Ba\u015fkan\u0131 Necmettin Erbakan K\u00fcrt Raporu haz\u0131rlamas\u0131 i\u00e7in \u0130stanbul \u0130l ba\u015fkan\u0131na g\u00f6rev vermi\u015ftir.<\/p>\n<p>Milli G\u00f6r\u00fc\u015f taraf\u0131ndan kurulan t\u00fcm partiler \u00f6ncelikle Do\u011fu ve G\u00fcneydo\u011fu Anadolu b\u00f6lgesinde \u00f6rg\u00fctlemesini ger\u00e7ekle\u015ftirmi\u015ftir. \u00d6rne\u011fin Milli Nizam Partisi ilk \u00f6rg\u00fctlenme \u00e7al\u0131\u015fmalar\u0131 Mu\u015f\/Malazgirt il\u00e7esinde ba\u015flam\u0131\u015ft\u0131r. Bunun sebebi de 1071 Malazgirt Sava\u015f\u0131\u2019yla Anadolu kap\u0131lar\u0131n \u0130slam\u2019a a\u00e7\u0131lmas\u0131d\u0131r. Sembol alarak \u00f6nem verilmi\u015ftir. Milli Selamet Partisi Anadolu\u2019da yapt\u0131\u011f\u0131 mitinglerde T\u00fcrkiye Cumhuriyeti h\u00fck\u00fcmetlerinin \u0131rk\u00e7\u0131 politikalar\u0131n \u00f6zellikle K\u00fcrt k\u00f6kenli yurtta\u015flar\u0131 k\u00fc<a name=\"_GoBack\"><\/a>st\u00fcrd\u00fc\u011f\u00fc tezi s\u00fcrekli g\u00fcndeme getirmi\u015ftir. Milli Selamet Partisi de t\u00fcm yurtta\u015flar\u0131n ay\u0131r\u0131m g\u00f6zetmeksizin e\u015fit de\u011ferlendirilece\u011fini, etnik k\u00f6kenin \u00fcst\u00fcnl\u00fck arac\u0131 olarak g\u00f6r\u00fclmeyece\u011fini vurgulanm\u0131\u015ft\u0131r. Milli G\u00f6r\u00fc\u015f iktidar\u0131nda \u00f6zellikle K\u00fcrt k\u00f6kenli yurtta\u015flar\u0131n ikinci s\u0131n\u0131f vatanda\u015f muamelesi g\u00f6rmekten kurtulaca\u011f\u0131 s\u00f6ylemi \u00e7ok s\u0131kl\u0131kla kullan\u0131lm\u0131\u015ft\u0131r<a title=\"\" href=\"http:\/\/www.anadolugenclik.com.tr\/#_ftn3\" name=\"_ftnref3\"><sup>[3]<\/sup><\/a>. K\u00fcrtler, \u00a0Milli G\u00f6r\u00fc\u015f taraf\u0131nda kurulan partiler i\u00e7in \u201ci\u015fte bu benim partimdir\u201d demi\u015ftir. \u00dclke genelinde Milli G\u00f6r\u00fc\u015f partilerin oy oranlar\u0131 Do\u011fu ve G\u00fcneydo\u011fu Anadolu da hep y\u00fckselmi\u015ftir.<\/p>\n<p><strong>Kenan Eren-anadolugenclik.com<\/strong><\/p>\n<div>\n<hr \/>\n<div id=\"ftn1\">[1]\u00a0https:\/\/www.timeturk.com\/malazgirt-te-kurtlerin-rolu-neydi\/haber-51049<\/p>\n<\/div>\n<div id=\"ftn2\">[2]\u00a0\/\/http:\/\/www.gazete2023.com\/siyaset\/malazgirt-savasinda-kurtler-var-miydi-h31537.htmla<\/p>\n<\/div>\n<div id=\"ftn3\">[3]\u00a0Poyraz,\u00a0<em>T\u00fcrk Siyasal Ya\u015fam\u0131nda Milli G\u00f6r\u00fc\u015f Hareketi,<\/em>\u00a0a.g.t.,298.<\/p>\n<\/div>\n<\/div>\n<\/article>\n<div class=\"share\">\n<div class=\"detail\"><\/div>\n<\/div>\n","protected":false},"excerpt":{"rendered":"<p>1071 Malazgirt Sava\u015f\u0131 \u00f6ncesinde Bizans \u0130mparatoru Romen Diyejon, Do\u011fu Roma ordusunda Frenk, Ermeni, Norman, Slav, Abaza\u2026 gibi farkl\u0131 uluslardan ve M\u00fcsl\u00fcmanl\u0131\u011f\u0131 kabul etmeyen H\u0131ristiyan Pe\u00e7enek, Uz T\u00fcrk boylar\u0131n i\u00e7inde bulundu\u011fu ve d\u00fcnyan\u0131n en b\u00fcy\u00fck ordusunu kurup Anadolu\u2019ya sefere \u00e7\u0131kar. M\u00fcsl\u00fcmanlar\u0131 Anadolu\u2019da \u00e7\u0131karacaklar\u0131n\u0131, Anadolu\u2019yu kendi valilikleri aras\u0131nda payla\u015facaklar\u0131n\u0131, b\u00fct\u00fcn camileri kiliseye \u00e7evireceklerini ve M\u00fcsl\u00fcman devletlerine kendi &hellip;<\/p>\n","protected":false},"author":32,"featured_media":23662,"comment_status":"open","ping_status":"open","sticky":false,"template":"","format":"standard","meta":{"footnotes":""},"categories":[5371],"tags":[2467,6707,6706,5951,1616,6704,6705],"class_list":["post-23661","post","type-post","status-publish","format-standard","has-post-thumbnail","","category-alinti-yazilar","tag-anadolu","tag-anadolu-genclik","tag-anadolu-zaferi","tag-malazgirit","tag-manset","tag-zafer","tag-zafer-ayi"],"_links":{"self":[{"href":"https:\/\/candname.com\/tr\/index.php?rest_route=\/wp\/v2\/posts\/23661","targetHints":{"allow":["GET"]}}],"collection":[{"href":"https:\/\/candname.com\/tr\/index.php?rest_route=\/wp\/v2\/posts"}],"about":[{"href":"https:\/\/candname.com\/tr\/index.php?rest_route=\/wp\/v2\/types\/post"}],"author":[{"embeddable":true,"href":"https:\/\/candname.com\/tr\/index.php?rest_route=\/wp\/v2\/users\/32"}],"replies":[{"embeddable":true,"href":"https:\/\/candname.com\/tr\/index.php?rest_route=%2Fwp%2Fv2%2Fcomments&post=23661"}],"version-history":[{"count":1,"href":"https:\/\/candname.com\/tr\/index.php?rest_route=\/wp\/v2\/posts\/23661\/revisions"}],"predecessor-version":[{"id":23663,"href":"https:\/\/candname.com\/tr\/index.php?rest_route=\/wp\/v2\/posts\/23661\/revisions\/23663"}],"wp:featuredmedia":[{"embeddable":true,"href":"https:\/\/candname.com\/tr\/index.php?rest_route=\/wp\/v2\/media\/23662"}],"wp:attachment":[{"href":"https:\/\/candname.com\/tr\/index.php?rest_route=%2Fwp%2Fv2%2Fmedia&parent=23661"}],"wp:term":[{"taxonomy":"category","embeddable":true,"href":"https:\/\/candname.com\/tr\/index.php?rest_route=%2Fwp%2Fv2%2Fcategories&post=23661"},{"taxonomy":"post_tag","embeddable":true,"href":"https:\/\/candname.com\/tr\/index.php?rest_route=%2Fwp%2Fv2%2Ftags&post=23661"}],"curies":[{"name":"wp","href":"https:\/\/api.w.org\/{rel}","templated":true}]}}