{"id":23605,"date":"2024-07-09T20:49:03","date_gmt":"2024-07-09T17:49:03","guid":{"rendered":"https:\/\/candname.com\/tr\/?p=23605"},"modified":"2024-07-09T20:49:03","modified_gmt":"2024-07-09T17:49:03","slug":"doktor-sukru-mehmed-sekban-kurdler-turklerden-ne-istiyor","status":"publish","type":"post","link":"https:\/\/candname.com\/tr\/?p=23605","title":{"rendered":"Doktor \u015e\u00fckr\u00fc Mehmed Sekban: \u201cK\u00fcrdler T\u00fcrklerden Ne \u0130stiyor\u201d"},"content":{"rendered":"<p>Doktor \u015e\u00fckr\u00fc Mehmed Beyrut\u2019ta bulundu\u011fu s\u00fcre i\u00e7erisinde 24 Temmuz 1923\u2019te Lozan Antla\u015fmas\u0131 imzalan\u0131r. Lozan Antla\u015fmas\u0131\u2019n\u0131n imzalanmas\u0131ndan yakla\u015f\u0131k \u00fc\u00e7 ay \u00f6nce, antla\u015fma metni mevcut \u015fekliyle birinci BMM taraf\u0131ndan onay\u0131n\u0131n sorun olabilece\u011fi endi\u015fesiyle, ani bir kararla 1 Nisan 1923\u2019te esas olarak Lozan\u2019\u0131 kabul edecek yeni Meclis se\u00e7imlerine gidildi. Yap\u0131lan yeni se\u00e7imlerde, \u00f6zellikle K\u00fcrdistan\u2019da se\u00e7ilen mebuslar ba\u015fta olmak \u00fczere b\u00fct\u00fcn adaylar merkezden belirlendi. B\u00f6ylece muhalif olabilecek K\u00fcrdler tamamen siyasetten uzakla\u015ft\u0131r\u0131larak tasfiye edildi ve K\u00fcrdlerin bir k\u0131sm\u0131n\u0131n daha \u00f6nceleri a\u00e7\u0131klanan vaatler nedeniyle Kemalist hareketten olan beklentileri de bo\u015fa \u00e7\u0131km\u0131\u015f oldu.<\/p>\n<p><img loading=\"lazy\" decoding=\"async\" class=\"alignnone size-full wp-image-23606\" src=\"https:\/\/candname.com\/tr\/wp-content\/uploads\/2024\/07\/Kurdler-Turlerden-Ne-Istiyorlar.jpg\" alt=\"\" width=\"975\" height=\"1496\" \/><\/p>\n<p>Lozan Antla\u015fmas\u0131 metninde K\u00fcrdlerin hak ve hukukuna dair do\u011frudan hi\u00e7bir madde bulunmaz. Be\u015f k\u0131s\u0131mdan ve toplam olarak 143 maddeden olu\u015fan anla\u015fma metninin \u201cAz\u0131nl\u0131k haklar\u0131\u201d b\u00f6l\u00fcm\u00fcnde, K\u00fcrdler i\u00e7in de baz\u0131 dil ve k\u00fclt\u00fcrel haklar aranabilir. Ancak Ankara H\u00fck\u00fcmeti, K\u00fcrdleri M\u00fcsl\u00fcman \u00e7o\u011funluk i\u00e7erisine koyup az\u0131nl\u0131k olarak kabul etmedi\u011fi i\u00e7in, s\u00f6zkonusu haklar\u0131n K\u00fcrdlere tan\u0131nmas\u0131n\u0131 kabul etmemi\u015ftir. Kemalist y\u00f6netime g\u00f6re var\u0131lan anla\u015fma gere\u011fince az\u0131nl\u0131k haklar\u0131 M\u00fcsl\u00fcman olmayanlar i\u00e7in ge\u00e7erliydi. \u00c7\u00fcnk\u00fc alt komisyon belgelerinde M\u00fcsl\u00fcman az\u0131nl\u0131klardan bahsedilirken, parantez i\u00e7erisinde \u201cK\u00fcrdler, \u00c7erkezler ve Araplar\u201d s\u0131ralanmaktad\u0131r. Antla\u015fman\u0131n 39. maddesinin 4. paragraf\u0131nda bahsedilen haklar ise T\u00fcrkiye\u2019de yerle\u015fik olan herkesten bahsetmektedir: \u201cHerhangi T\u00fcrkiye tebaas\u0131n\u0131n m\u00fcnasebat\u0131 hususiye ve ticariyede, gerek din, matbuat veya her nevi ne\u015friyat hususunda ve gerek i\u00e7timaat\u0131 umumiyede herhangi bir lisan\u0131 serbest\u00e7e istimal etmesine kar\u015f\u0131 hi\u00e7bir kay\u0131t vaz\u2019edilmeyecektir.\u201d<a href=\"https:\/\/kovarabir.com\/11370\/doktor-sukru-mehmed-sekban-kurdler-turklerden-ne-istiyor\/#_ftn1\" name=\"_ftnref1\">[1]<\/a>\u00a0paragraf\u0131ndan hareket ederek K\u00fcrd dilinin bas\u0131n yay\u0131n alan\u0131nda kullan\u0131labilece\u011fi yorumu yap\u0131lmaktad\u0131r ve yap\u0131labilir de. Ancak Lozan Antla\u015fmas\u0131\u2019n\u0131n imzalanmas\u0131ndan k\u0131sa bir m\u00fcddet sonra gizli veya a\u00e7\u0131k uygulamalar ve \u00e7\u0131kart\u0131lan yeni kanunlarla ba\u015fta dil olmak \u00fczere K\u00fcrdler ve K\u00fcrdistan\u2019a dair ne varsa yok say\u0131ld\u0131 ve yasakland\u0131. O ana kadar \u201cT\u00fcrk-K\u00fcrt karde\u015fli\u011finden\u201d bahseden Mustafa Kemal, Cumhuriyetin kurucu unsurlardan bahsederken art\u0131k \u015f\u00f6yle demektedir: \u201cCumhuriyetimizin as\u0131l unsuru T\u00fcrk halk\u0131d\u0131r.\u201d<a href=\"https:\/\/kovarabir.com\/11370\/doktor-sukru-mehmed-sekban-kurdler-turklerden-ne-istiyor\/#_ftn2\" name=\"_ftnref2\"><sup>[2]<\/sup><\/a><\/p>\n<p>Doktor \u015e\u00fckr\u00fc Mehmed Sekban\u2019\u0131n \u201cK\u00fcrtler T\u00fcrklerden Ne \u0130stiyorlar?\u201d ba\u015fl\u0131\u011f\u0131yla 14 Eyl\u00fcl 1923\u2019te Beyrut\u2019tan T\u00fcrkiye Cumhuriyeti Devleti Bay\u0131nd\u0131rl\u0131k Bakan\u0131 ve Diyarbak\u0131r Milletvekili Feyzi (Pirin\u00e7\u00e7io\u011flu) Bey \u00fczerinden Mustafa Kemal\u2019e ula\u015ft\u0131rmak istedi\u011fi mektup b\u00f6yle bir s\u00fcre\u00e7te yaz\u0131lm\u0131\u015f. Mektubun orijinal metni otuz bir sayfadan ibaret olup Osmanl\u0131 T\u00fcrk\u00e7esiyle kaleme al\u0131nm\u0131\u015ft\u0131r. Feyzi Bey\u2019e \u00fc\u00e7 mektup g\u00f6nderdi\u011fi halde cevap alamaz ve bunun \u00fczerin Z\u00fclfi Bey\u2019e (Diyarbekir parlamenteri ve Lozan heyeti \u00fcyesi Z\u00fclf\u00fc Ti\u011frel) yazm\u0131\u015f. Mektubun g\u00f6nderilmesi \u00fczerinden \u00fc\u00e7 ay ge\u00e7mesine ra\u011fmen Fevzi Bey\u2019den bir cevap alamad\u0131\u011f\u0131 i\u00e7in, 18 Aral\u0131k 1923\u2019te mektubu taahh\u00fctl\u00fc olarak g\u00f6ndererek kamuoyuna a\u00e7\u0131klam\u0131\u015f ve \u015f\u00f6yle bir ilave not eklemi\u015f: \u201cAradan \u00fc\u00e7 ay ge\u00e7ti\u011fi halde bu mektuba hen\u00fcz bir cevap zuhur etmemesine nazaran verilecek h\u00fckm\u00fc -ba\u015fka s\u00f6z s\u00f6ylemeden- karin-i kir\u00e2m\u0131n takdir ve vicdanlar\u0131na havale ediyorum.\u201d<a href=\"https:\/\/kovarabir.com\/11370\/doktor-sukru-mehmed-sekban-kurdler-turklerden-ne-istiyor\/#_ftn3\" name=\"_ftnref3\">[3]<\/a><\/p>\n<p>Cumhuriyet\u2019in kurulu\u015fundan sonra yok say\u0131lan ve ink\u00e2r edilen K\u00fcrd milletinin hak ve hukukunun tan\u0131nmas\u0131 i\u00e7in, K\u00fcrd ayd\u0131nlar\u0131 \u015e\u00fckr\u00fc Mehmed Sekban\u2019\u0131n mektubunun mahiyetine benzer i\u00e7erikte mektuplar, daha sonra da farkl\u0131 zamanlarda cumhuriyetin kurucu kadrolar\u0131 ve y\u00f6neticilerine yazm\u0131\u015flar. Cumhuriyet\u2019in 10. y\u0131l\u0131 dolay\u0131s\u0131yla Celadet Bedirhan da \u201cT\u00fcrkiye Cumhurreisi Gazi Mustafa Kemal Pa\u015fa Hazretlerine\u201d ba\u015fl\u0131\u011f\u0131yla bir a\u00e7\u0131k mektup g\u00f6nderir ve mevzubahis mektup daha sonra kitap \u015feklinde bas\u0131l\u0131r.<a href=\"https:\/\/kovarabir.com\/11370\/doktor-sukru-mehmed-sekban-kurdler-turklerden-ne-istiyor\/#_ftn4\" name=\"_ftnref4\">[4]<\/a>\u00a0Benzer bir a\u00e7\u0131k mektup da Mustafa Remzi Bucak taraf\u0131ndan, 03.01.1965 tarihinde d\u00f6nemin ba\u015fbakan\u0131 \u0130smet \u0130n\u00f6n\u00fc\u2019ye g\u00f6nderilmi\u015ftir.<\/p>\n<p>\u0130\u015fte yukar\u0131da k\u0131saca bahsetti\u011fimiz ko\u015fullarda \u015e\u00fckr\u00fc Mehmed Sekban\u2019\u0131n 14 Eyl\u00fcl 1923\u2019te Beyrut\u2019tan \u201cK\u00fcrtler T\u00fcrlerden Ne \u0130stiyor\u201d ba\u015fl\u0131\u011f\u0131yla \u015fahs\u0131 ad\u0131na yazd\u0131\u011f\u0131 mektupta, k\u0131saca s\u00fcreci de\u011ferlendirip kendi siyasi ser\u00fcveninden bahsettikten sonra, K\u00fcrd meselesinin \u00e7\u00f6z\u00fcm\u00fcne dair T\u00fcrklerin \u00f6n\u00fcnde d\u00f6rt se\u00e7ene\u011fin oldu\u011funu belirtir: T\u00fcrkler, ya bug\u00fcnk\u00fc T\u00fcrkiye hududu d\u00e2hilindeki K\u00fcrtleri Osmanl\u0131 devleti idaresinde oldu\u011fu gibi terk ederler, yahut T\u00fcrkle\u015ftirmek politikas\u0131n\u0131 takip ederler, yahut Panturanizm gayesini takip ederek imha ve tehcir politikas\u0131n\u0131 ittihaz ederler. Bir d\u00f6rd\u00fcnc\u00fcs\u00fc de K\u00fcrtleri bir millet olarak tan\u0131y\u0131p kendilerine m\u00fcsait olmak esb\u00e2b\u0131n\u0131 izhar ederler.<a href=\"https:\/\/kovarabir.com\/11370\/doktor-sukru-mehmed-sekban-kurdler-turklerden-ne-istiyor\/#_ftn5\" name=\"_ftnref5\">[5]<\/a><\/p>\n<p>Bu genel giri\u015ften sonra, Doktor \u015e\u00fckr\u00fc Mehmed Sekban\u2019\u0131n ad\u0131 ge\u00e7en mektubunda, o zaman ileri s\u00fcrd\u00fc\u011f\u00fc fikirleri \u00f6zetleyerek \u015f\u00f6yle s\u0131ralayabiliriz:<\/p>\n<ul>\n<li>K\u00fcrtlerin T\u00fcrkle\u015fmesi ve asimilasyonu meselesi m\u00fcmk\u00fcn de\u011fil. \u00dc\u00e7-d\u00f6rt y\u00fcz sene evvel k\u0131l\u0131\u00e7 kuvvetiyle asimle edilemeyen K\u00fcrtleri, bundan sonra T\u00fcrk\u00fcn zay\u0131f hars-\u0131 medenisi hi\u00e7bir vakit maalesef temsil (asimile) edemeyecektir. Cebren asimilasyon\/kolonizasyon ve imha politikas\u0131: Belki m\u00fcmk\u00fcnd\u00fcr. Belki diyorum. \u00c7\u00fcnk\u00fc top, t\u00fcfek ve ves\u00e2\u2019it-i cedide-i harbiyeye kar\u015f\u0131 K\u00fcrtlerin kendi kendilerini m\u00fcdafaa edememeleri muhtemeldir. Fakat bundan ne faida olur?<\/li>\n<li>K\u00fctleri bir millet olarak tan\u0131mak ve hukuk-i siyasisine h\u00fcrmet etmek. K\u00fcrtler \u0130ran, T\u00fcrkiye ve Irak devletleri aras\u0131nda b\u00f6l\u00fcnm\u00fc\u015f olarak kal\u0131yorlar ve millet olarak kendi kaderlerini belirlemeye sahip olam\u0131yorlar. Milletlerin, kendi mukadderatlar\u0131n\u0131 bizat idare etmeleri beynelmilel bir akide, bir d\u00fcstur olmu\u015ftur. Hi\u00e7bir kuvvet bunu men edemez.<\/li>\n<li>K\u00fcrdistan\u2019\u0131n tasavvur edilen idaresi i\u00e7in muhtelif numuneler bulunabilir. Avusturya, Macaristan, Prusya (Bavyera, Saksonya) gibi bir hid\u00eeviyet te\u015fkili, bir Cebeli L\u00fcbnan mutasarr\u0131fl\u0131\u011f\u0131 tarz\u0131nda t\u00fcrl\u00fc t\u00fcrl\u00fc siyasi \u015fekiller bulmak m\u00fcmk\u00fcnd\u00fcr. Te\u015fkilat-\u0131 Esasiye Kanunnamesinin yirmi ikinci maddesine m\u00fcracaatla ekseriyetle K\u00fcrdlerin sakin olduklar\u0131 havaliyi 22. Maddeni tarifat\u0131 ve\u00e7hile birle\u015ftirerek M\u00fcfetti\u015f-i Um\u00fbmilik ihdas edelim, M\u00fcfetti\u015f-i Um\u00fbmi K\u00fcrt olmal\u0131d\u0131r ve intihab\u0131 Millet Meclisi taraf\u0131ndan icra edilsin.<\/li>\n<li>T\u00fcrkler ne derlerse desinler ve ne d\u00fc\u015f\u00fcn\u00fcrlerse d\u00fc\u015f\u00fcns\u00fcnler biz K\u00fcrtler de \u201clisan-\u0131 millimize h\u00e2kim ve mahsul-i say\u0131m\u0131za mutasarr\u0131f olmak istiyoruz. Bir milletin kendi lisan\u0131n\u0131 (dilini) talim ve tedvin etmekten daha mukaddes ne hak olabilir. K\u00fcrd\u00fcn lisan\u0131ndan aziz ne mukaddesat\u0131 olabilir?<\/li>\n<li>T\u00fcrk-K\u00fcrt meselesi daima mevcut olagelmi\u015ftir. \u0130stanbul\u2019da m\u00fctarekeyi m\u00fcteakip gelen b\u00fct\u00fcn kabineler K\u00fcrt meselesini anlad\u0131klar\u0131 vecihle (yolla) halletmek istemi\u015fler. K\u00fcrt meselesi ancak ve ancak Mustafa Kemal Pa\u015fa\u2019n\u0131n zaman-i riyasetlerinde haledilebilir.<a href=\"https:\/\/kovarabir.com\/11370\/doktor-sukru-mehmed-sekban-kurdler-turklerden-ne-istiyor\/#_ftn6\" name=\"_ftnref6\">[6]<\/a><\/li>\n<\/ul>\n<p>Elbette ki Doktor \u015e\u00fckr\u00fc Mehmed Bey\u2019in K\u00fcrd meselesinin \u00e7\u00f6z\u00fcm\u00fcne dair yukar\u0131da k\u0131saca \u00f6zetlenen \u00f6nerileri ve talepleri, i\u00e7inde yer ald\u0131\u011f\u0131 \u00f6rg\u00fctsel yap\u0131n\u0131n ve di\u011fer bir k\u0131s\u0131m K\u00fcrd ayd\u0131nlar\u0131n\u0131n, meselenin \u00e7\u00f6z\u00fcm\u00fc amac\u0131yla Mustafa Kemal ve arkada\u015flar\u0131ndan olan beklentilerinden ba\u011f\u0131ms\u0131z olarak d\u00fc\u015f\u00fcn\u00fclemez.<\/p>\n<p>Fakat yeni Kemalist y\u00f6netim, \u00e7\u00f6z\u00fcm yerine, bir taraftan yasal K\u00fcrd \u00f6rg\u00fctlerini kapat\u0131rken di\u011fer taraftan da T\u00fcrkle\u015ftirme ve ink\u00e2r politikas\u0131n\u0131 takip ederek, tehcir ve imha politikas\u0131n\u0131 uygulamaya ba\u015flad\u0131lar. K\u00fcrdler bu durum kar\u015f\u0131s\u0131nda illegal \u00f6rg\u00fctlenmek durumunda kalarak kurmay Miralay\u0131 Halid Bey\u2019in ba\u015fkanl\u0131\u011f\u0131nda \u201cK\u00fcrdistan \u0130stiklal ve \u0130stihlas Cemiyeti<a href=\"https:\/\/kovarabir.com\/11370\/doktor-sukru-mehmed-sekban-kurdler-turklerden-ne-istiyor\/#_ftn7\" name=\"_ftnref7\">[7]<\/a>\u00a0ya da di\u011fer ad\u0131yla K\u00fcrdistan \u0130stiklal Cemiyeti veya daha k\u0131sa ve yayg\u0131n bilinen ad\u0131yla Azadi \u00d6rg\u00fct\u00fc olu\u015fturarak 1925 \u201cK\u00fcrd Milli Ayaklanmas\u0131\u201dna<a href=\"https:\/\/kovarabir.com\/11370\/doktor-sukru-mehmed-sekban-kurdler-turklerden-ne-istiyor\/#_ftn8\" name=\"_ftnref8\">[8]<\/a>\u00a0do\u011fru giden yolun ta\u015flar\u0131n\u0131 d\u00f6\u015femeye ba\u015flad\u0131lar. Ba\u011fdat\u2019ta bulunan \u0130ngiliz Hava Kuvvetleri Komutanl\u0131\u011f\u0131 yetkililerinin firari K\u00fcrd subaylar\u0131na dayand\u0131rarak haz\u0131rlad\u0131klar\u0131 rapora g\u00f6re, \u201c\u015eimdiki \u00f6rg\u00fct, K\u00fcrd Mustafa Pa\u015fa, Molla Said-i Kurd\u00ee ve \u0130brahim Bey El Heyderi (\u015fu anda Irak h\u00fck\u00fcmetinin Evkaf Bakan\u0131\u2019d\u0131r)\u2019nin \u00f6nde gelen \u00fcyelerden oldu\u011fu, Emin \u00c2li Bedirhan\u2019\u0131n yard\u0131mc\u0131l\u0131\u011f\u0131n\u0131 yapt\u0131\u011f\u0131 Seyid Abd\u00fclkadir ba\u015fkanl\u0131\u011f\u0131nda 1918-1919 y\u0131llar\u0131nda \u0130stanbul\u2019da bulunan bir cemiyetin devam\u0131 olarak savunulmaktad\u0131r. Bu cemiyetin Doktor \u015e\u00fckr\u00fc Muhammed (\u015fu anda Ba\u011fdat\u2019tad\u0131r) vas\u0131tas\u0131yla \u0130stanbul\u2019daki \u0130ngiliz Y\u00fcksek komiserli\u011fi taraf\u0131ndan tan\u0131nd\u0131\u011f\u0131 ve H\u00fck\u00fcmetin ku\u015fkular\u0131 sebebiyle karargah\u0131n\u0131 1921\u2019de Erzurum\u2019a ta\u015f\u0131nm\u0131\u015f ve \u015fimdiye kadar da hareket bu merkezden geli\u015fmi\u015ftir.<a href=\"https:\/\/kovarabir.com\/11370\/doktor-sukru-mehmed-sekban-kurdler-turklerden-ne-istiyor\/#_ftn9\" name=\"_ftnref9\">[9]<\/a><\/p>\n<p><a href=\"https:\/\/kovarabir.com\/11370\/doktor-sukru-mehmed-sekban-kurdler-turklerden-ne-istiyor\/#_ftnref1\" name=\"_ftn1\">[1]<\/a>\u00a0http:\/\/ua.mfa.gov.tr\/detay.aspx?88<\/p>\n<p><a href=\"https:\/\/kovarabir.com\/11370\/doktor-sukru-mehmed-sekban-kurdler-turklerden-ne-istiyor\/#_ftnref2\" name=\"_ftn2\"><sup>[2]<\/sup><\/a>\u00a0Tekin Alp,\u00a0<em>T\u00fcrkle\u015ftirme<\/em>, say. 8, Resimli Ay Matbaas\u0131, \u0130stanbul, 1928<\/p>\n<p><a href=\"https:\/\/kovarabir.com\/11370\/doktor-sukru-mehmed-sekban-kurdler-turklerden-ne-istiyor\/#_ftnref3\" name=\"_ftn3\">[3]<\/a>\u00a0<em>Dr. \u015e\u00fckr\u00fc Mehmed Sekban\u2019\u0131n Mustafa Kemal\u2019e Mektubu, K\u00fcrtler T\u00fcrklerden Ne \u0130stiyor?<\/em>\u00a0Haz\u0131rlayan: H\u00fcseyin Siyabend Aytemur, H\u00eevda Yay\u0131nlar\u0131, \u0130stanbul, 2021, s. 80-81<\/p>\n<p><a href=\"https:\/\/kovarabir.com\/11370\/doktor-sukru-mehmed-sekban-kurdler-turklerden-ne-istiyor\/#_ftnref4\" name=\"_ftn4\">[4]<\/a>\u00a0Mir Celadet \u00c2li Bedirhan,\u00a0<em>Bir K\u00fcrt Ayd\u0131n\u0131ndan Mustafa Kemale Mekt\u00fbp<\/em>, Doz Yay\u0131nlar\u0131, \u0130stanbul, 2010<\/p>\n<p><a href=\"https:\/\/kovarabir.com\/11370\/doktor-sukru-mehmed-sekban-kurdler-turklerden-ne-istiyor\/#_ftnref5\" name=\"_ftn5\">[5]<\/a>\u00a0<em>Dr. \u015e\u00fckr\u00fc Mehmed Sekban\u2019\u0131n Mustafa Kemal\u2019e Mektubu, K\u00fcrtler T\u00fcrklerden Ne \u0130stiyor?<\/em>\u00a0Haz\u0131rlayan: H\u00fcseyin Siyabend Aytemur, H\u00eevda Yay\u0131nlar\u0131, \u0130stanbul, 2021, s. 70<\/p>\n<p><a href=\"https:\/\/kovarabir.com\/11370\/doktor-sukru-mehmed-sekban-kurdler-turklerden-ne-istiyor\/#_ftnref6\" name=\"_ftn6\">[6]<\/a>\u00a0<em>Dr. \u015e\u00fckr\u00fc Mehmed Sekban\u2019\u0131n Mustafa Kemal\u2019e Mektubu, K\u00fcrtler T\u00fcrklerden Ne \u0130stiyor?<\/em>\u00a0Haz\u0131rlayan: H\u00fcseyin Siyabend Aytemur, H\u00eevda Yay\u0131nlar\u0131, \u0130stanbul, 2021, s. 63-81<\/p>\n<p><a href=\"https:\/\/kovarabir.com\/11370\/doktor-sukru-mehmed-sekban-kurdler-turklerden-ne-istiyor\/#_ftnref7\" name=\"_ftn7\">[7]<\/a>\u00a0\u015eevket Beysano\u011flu,\u00a0<em>An\u0131tlar ve Kitabeleri ile Diyarbak\u0131r Tarihi (Cumhuriyet D\u00f6nemi)<\/em>, Diyarbak\u0131r B\u00fcy\u00fck\u015fehir Belediyesi K\u00fclt\u00fcr ve Sanat Yay\u0131nlar\u0131, 3. Cilt, 2001, r. 975<\/p>\n<p><a href=\"https:\/\/kovarabir.com\/11370\/doktor-sukru-mehmed-sekban-kurdler-turklerden-ne-istiyor\/#_ftnref8\" name=\"_ftn8\">[8]<\/a>\u00a0Bitlisli \u0130hsan Nuri,\u00a0<em>K\u00fcrd K\u0131yam\u0131 Millisi (K\u00fcrd Milli Ayaklanmas\u0131) Sebepleri, Askeri \u00d6nemi, Sevk \u0130dare Etme \u015eekli<\/em>, Ba\u011fdad \u0130stiklal Matbaas\u0131, 1925<\/p>\n<p><a href=\"https:\/\/kovarabir.com\/11370\/doktor-sukru-mehmed-sekban-kurdler-turklerden-ne-istiyor\/#_ftnref9\" name=\"_ftn9\">[9]<\/a>\u00a0Ahmet Mesut,\u00a0<em>\u0130ngiliz Belgelerinde K\u00fcrdistan (1918-1958)<\/em>, Doz Yay\u0131nlar\u0131, \u0130stanbul, 1991, s. 143<\/p>\n<p><strong>Said Veroj<\/strong><\/p>\n<p><strong>Bu yaz\u0131 www.kovarabir.com sitesinden al\u0131nm\u0131\u015ft\u0131r.<\/strong><\/p>\n","protected":false},"excerpt":{"rendered":"<p>Doktor \u015e\u00fckr\u00fc Mehmed Beyrut\u2019ta bulundu\u011fu s\u00fcre i\u00e7erisinde 24 Temmuz 1923\u2019te Lozan Antla\u015fmas\u0131 imzalan\u0131r. Lozan Antla\u015fmas\u0131\u2019n\u0131n imzalanmas\u0131ndan yakla\u015f\u0131k \u00fc\u00e7 ay \u00f6nce, antla\u015fma metni mevcut \u015fekliyle birinci BMM taraf\u0131ndan onay\u0131n\u0131n sorun olabilece\u011fi endi\u015fesiyle, ani bir kararla 1 Nisan 1923\u2019te esas olarak Lozan\u2019\u0131 kabul edecek yeni Meclis se\u00e7imlerine gidildi. Yap\u0131lan yeni se\u00e7imlerde, \u00f6zellikle K\u00fcrdistan\u2019da se\u00e7ilen mebuslar ba\u015fta olmak &hellip;<\/p>\n","protected":false},"author":55,"featured_media":23607,"comment_status":"open","ping_status":"open","sticky":false,"template":"","format":"standard","meta":{"footnotes":""},"categories":[5371,25],"tags":[6692,1616],"class_list":["post-23605","post","type-post","status-publish","format-standard","has-post-thumbnail","","category-alinti-yazilar","category-tarih","tag-doktor-sukru-sekban","tag-manset"],"_links":{"self":[{"href":"https:\/\/candname.com\/tr\/index.php?rest_route=\/wp\/v2\/posts\/23605","targetHints":{"allow":["GET"]}}],"collection":[{"href":"https:\/\/candname.com\/tr\/index.php?rest_route=\/wp\/v2\/posts"}],"about":[{"href":"https:\/\/candname.com\/tr\/index.php?rest_route=\/wp\/v2\/types\/post"}],"author":[{"embeddable":true,"href":"https:\/\/candname.com\/tr\/index.php?rest_route=\/wp\/v2\/users\/55"}],"replies":[{"embeddable":true,"href":"https:\/\/candname.com\/tr\/index.php?rest_route=%2Fwp%2Fv2%2Fcomments&post=23605"}],"version-history":[{"count":1,"href":"https:\/\/candname.com\/tr\/index.php?rest_route=\/wp\/v2\/posts\/23605\/revisions"}],"predecessor-version":[{"id":23608,"href":"https:\/\/candname.com\/tr\/index.php?rest_route=\/wp\/v2\/posts\/23605\/revisions\/23608"}],"wp:featuredmedia":[{"embeddable":true,"href":"https:\/\/candname.com\/tr\/index.php?rest_route=\/wp\/v2\/media\/23607"}],"wp:attachment":[{"href":"https:\/\/candname.com\/tr\/index.php?rest_route=%2Fwp%2Fv2%2Fmedia&parent=23605"}],"wp:term":[{"taxonomy":"category","embeddable":true,"href":"https:\/\/candname.com\/tr\/index.php?rest_route=%2Fwp%2Fv2%2Fcategories&post=23605"},{"taxonomy":"post_tag","embeddable":true,"href":"https:\/\/candname.com\/tr\/index.php?rest_route=%2Fwp%2Fv2%2Ftags&post=23605"}],"curies":[{"name":"wp","href":"https:\/\/api.w.org\/{rel}","templated":true}]}}