{"id":23573,"date":"2024-06-18T07:00:10","date_gmt":"2024-06-18T04:00:10","guid":{"rendered":"https:\/\/candname.com\/tr\/?p=23573"},"modified":"2024-06-16T07:59:27","modified_gmt":"2024-06-16T04:59:27","slug":"1514-osmanli-1849-kurt-beyliklerinin-sonu-bitlis-ve-cevresi-tarihi","status":"publish","type":"post","link":"https:\/\/candname.com\/tr\/?p=23573","title":{"rendered":"1514 OSMANLI-1849 K\u00dcRT BEYL\u0130KLER\u0130N\u0130N SONU (B\u0130TL\u0130S VE \u00c7EVRES\u0130 TAR\u0130H\u0130)"},"content":{"rendered":"<div class=\"x11i5rnm xat24cr x1mh8g0r x1vvkbs xtlvy1s x126k92a\">\n<div dir=\"auto\">-1514 Osmanl\u0131<\/div>\n<\/div>\n<div class=\"x11i5rnm xat24cr x1mh8g0r x1vvkbs xtlvy1s x126k92a\">\n<div dir=\"auto\">-1532 Tekrar Safevi<\/div>\n<\/div>\n<div class=\"x11i5rnm xat24cr x1mh8g0r x1vvkbs xtlvy1s x126k92a\">\n<div dir=\"auto\">-1534 Tekrar Osmanl\u0131<\/div>\n<\/div>\n<div class=\"x11i5rnm xat24cr x1mh8g0r x1vvkbs xtlvy1s x126k92a\">\n<div dir=\"auto\">-1639 Kasr-\u0131 \u015eirin antla\u015fmas\u0131<\/div>\n<\/div>\n<div class=\"x11i5rnm xat24cr x1mh8g0r x1vvkbs xtlvy1s x126k92a\">\n<div dir=\"auto\">-1849 Bitlis Beyli\u011finin ve di\u011fer \u00f6zerk beyliklerin tasfiyesi<\/div>\n<\/div>\n<div class=\"x11i5rnm xat24cr x1mh8g0r x1vvkbs xtlvy1s x126k92a\">\n<div dir=\"auto\">\u015eeyh C\u00fcneyd\u2019in torunu \u0130smail Safevi, Uzun Hasan\u2019\u0131n torunu Elvend Mirza liderli\u011findeki Akkoyunlular\u0131 Nah\u00e7\u0131van yak\u0131nlar\u0131nda yenerek 1501 y\u0131l\u0131nda Tebriz\u2019de kendini \u015eah ilan eder. Bitlis 1507\u2019de Emir \u015eeref taraf\u0131ndan Safevi devletine ba\u011flan\u0131r.<\/div>\n<\/div>\n<div class=\"x11i5rnm xat24cr x1mh8g0r x1vvkbs xtlvy1s x126k92a\">\n<div dir=\"auto\">\u015eah \u0130smail, Azerbeycan, \u0130ran, K\u00fcrdistan, Irak, Afganistan ve T\u00fckemensitan\u2019\u0131 i\u00e7ine alan bir co\u011frafyay\u0131 egemenli\u011fi alt\u0131na al\u0131r. Tarihte ilk kez Onikinci imaml\u0131\u011f\u0131n\u0131 resm\u00ee mezhep olarak kabul eden atalar\u0131n\u0131n kurmak istedi\u011fi 250 y\u0131ll\u0131k \u015eii bir devleti kurmu\u015f olur. Fakat \u015eah \u0130smail bu mezhep\u00e7i yakla\u015f\u0131m\u0131n\u0131 K\u00fcrtlere kar\u015f\u0131da izleyerek hayat\u0131n\u0131n en b\u00fcy\u00fck hatas\u0131n\u0131 yapar. Serendaj ve Kirman\u015fah K\u00fcrt beyliklerine k\u0131l\u0131\u00e7 zoruyla K\u0131z\u0131lba\u015f valiler atar, kendisine ba\u011fl\u0131l\u0131\u011f\u0131n\u0131 bildirmek i\u00e7in yan\u0131na giden 11 K\u00fcrt beyini \u00e7e\u015fitli bahaneler ileri s\u00fcrerek Sason ve \u015eirvan beyleri hari\u00e7 tutuklar. Buralara da kendi y\u00f6netimlerini atar. Bir s\u00fcre sonra \u00d6zbek sald\u0131r\u0131s\u0131 olunca Bitlis ve Hasankeyf emirleri d\u0131\u015f\u0131ndakileri kendisine destek olmas\u0131 kar\u015f\u0131l\u0131\u011f\u0131nda serbest b\u0131rak\u0131r. Bu olaylar \u015eah \u0130smail\u2019e olan g\u00fcveni k\u0131rar. Ortaya \u00e7\u0131kan ko\u015fullar K\u00fcrt emirliklerini Osmanl\u0131\u2019n\u0131n yan\u0131na \u00e7ekmek isteyen Akkoyunlu saray\u0131ndan \u015eah \u0130smail\u2019in elinden ka\u00e7arak kurtulan Osmanl\u0131 devlet adam\u0131 \u0130dris-i Bitlisinin i\u015fini kolayla\u015ft\u0131r\u0131r. B\u00f6lge Osmanl\u0131-Safevi sava\u015f atmosferine girdi\u011finde Bitlis beyleri dahil b\u00fct\u00fcn beylikler b\u00f6lgelerinden Safevileri \u00e7\u0131karmaya ba\u015flar ve ba\u011f\u0131ms\u0131zl\u0131klar\u0131n\u0131 korumay\u0131 ba\u015far\u0131r. Emir \u015eeref 1511 y\u0131l\u0131nda kendi a\u015fireti Ruzigiler taraf\u0131ndan hapisten kurtar\u0131l\u0131r.<\/div>\n<\/div>\n<div class=\"x11i5rnm xat24cr x1mh8g0r x1vvkbs xtlvy1s x126k92a\">\n<div dir=\"auto\">Yavuz ordusunu ayakta tutmak i\u00e7in Erzincan\u2019a geldi\u011finde ganimet i\u00e7in binlerce Aleviyi k\u0131l\u0131\u00e7tan ge\u00e7irerek Alevi K\u0131z\u0131lba\u015f katliamlar\u0131n\u0131n ilk perdesini a\u00e7ar. Da\u011f\u0131lmaya ba\u015flayan ordusu bu ganimetlerle toparlan\u0131r. Fakat as\u0131l moral g\u00fcc\u00fc K\u00fcrt ordusu Yavuz\u2019un yan\u0131na geldi\u011finde olur. \u0130dris K\u00fcrt beyliklerinden tam 70 bin g\u00fc\u00e7 toplam\u0131\u015ft\u0131r bu Yavuz\u2019un ordusuna e\u015fit say\u0131daki g\u00fc\u00e7le say\u0131 2\u2019ye katlan\u0131r. \u015eah \u0130smail bu say\u0131 kar\u015f\u0131s\u0131nda sava\u015f\u0131 bir s\u00fcre ertelemek yeni kuvvetler elde edebilmek i\u00e7in y\u00f6n de\u011fi\u015ftirir fakat pe\u015fine d\u00fc\u015fen kalabal\u0131k orduyla \u00c7ald\u0131ran ovas\u0131nda kar\u015f\u0131la\u015fmaktan kurtulamaz. Sava\u015f neredeyse \u015eah\u2019\u0131n ona \u00f6l\u00fcm\u00fcne ba\u011fl\u0131 manevi ordusu ile Osmanl\u0131 i\u00e7in cansiparane sava\u015fan \u0130dris\u2019in komutas\u0131ndaki K\u00fcrt sava\u015f\u00e7\u0131lar aras\u0131nda ge\u00e7er. \u015eah yenilir ota\u011f\u0131n\u0131 b\u0131rak\u0131p ka\u00e7mak zorunda kal\u0131r.<\/div>\n<\/div>\n<div class=\"x11i5rnm xat24cr x1mh8g0r x1vvkbs xtlvy1s x126k92a\">\n<div dir=\"auto\">Yavuz K\u00fcrt beylerini yan\u0131na kabul ederek bu fedak\u00e2rl\u0131klar\u0131ndan dolay\u0131 tebrik eder \u00f6zerklik anla\u015fmalar\u0131n\u0131 devreye sokar. B\u00f6lge ve Bitlis 1514 y\u0131l\u0131nda Yavuz Sultan Selim\u2019in ba\u015fdan\u0131\u015fman\u0131 \u0130drisi Bitlisinin ikna, telkin ve \u00e7al\u0131\u015fmalar\u0131yla Osmanl\u0131ya ba\u011flan\u0131r. \u0130dris, Halifeli\u011fi ele ge\u00e7irebilmesi i\u00e7in Yavuz\u2019u M\u0131s\u0131r seferine ikna eder. 1517 Mercibad\u0131k ve Ridaniye sava\u015flar\u0131 sonras\u0131 Yavuz Meml\u00fckler\u2019i yenilgiye u\u011fratarak b\u00fct\u00fcn bir Arap co\u011frafyas\u0131n\u0131 ele ge\u00e7irir, kutsal emanetleri ve halifeli\u011fi alarak \u0130stanbul\u2019a d\u00f6ner bu tarihten sonra Osmanl\u0131 sultanlar\u0131 yery\u00fcz\u00fcn\u00fcn Halifesi \u00fcnvan\u0131yla an\u0131lmaya ba\u015flar. Emir \u015eeref Osmanl\u0131dan yana b\u00fcy\u00fck yararl\u0131l\u0131klar g\u00f6sterir bu durum Kanuni S\u00fcleyman zaman\u0131nda da devam eder.<\/div>\n<\/div>\n<div class=\"x11i5rnm xat24cr x1mh8g0r x1vvkbs xtlvy1s x126k92a\">\n<div dir=\"auto\">B\u00f6lge 1532 y\u0131l\u0131nda \u015eah Tahmasb d\u00f6neminde tekrar Safevilerin hakimiyeti alt\u0131na girer. \u015eahkulu isyan\u0131nda yer alan Osmanl\u0131\u2019ya yenilerek \u015eah \u0130smail\u2019e s\u0131\u011f\u0131nan, Safevilerin Azerbaycan valisi Ulama Pa\u015fa Tahmasb\u2019la ters d\u00fc\u015ferek Sultan S\u00fcleyman&#8217;a ba\u011fl\u0131l\u0131\u011f\u0131n\u0131 bildirir ve \u015eeref Beye kar\u015f\u0131 d\u00fc\u015fmanca entrikalar \u00e7evirmeye ba\u015flar. Ulama Osmanl\u0131n\u0131n deste\u011fini ald\u0131ktan sonra bir ordu ile o zaman \u015eah\u2019a ba\u011fl\u0131 olan Bitlis \u00fczerine y\u00fcr\u00fcr bunu haber alan Emir \u015eeref 1533\u2019te \u0130ran&#8217;a s\u0131\u011f\u0131n\u0131r. Ulama, \u015eah\u2019\u0131n ordusu taraf\u0131ndan geri \u00e7ekilmek zorunda b\u0131rak\u0131l\u0131r. \u015eeref Bey yeniden \u015eah Tahm\u00e2sp taraf\u0131ndan Bitlis h\u00fck\u00fcmdarl\u0131\u011f\u0131na \u015eeref Han unvan\u0131yla getirilir. Fakat Ulama \u0130ran ordusunun geri \u00e7ekilmesi \u00fczerine1534 y\u0131l\u0131nda Bitlis\u2019e ikinci bir harek\u00e2t ba\u015flat\u0131r ve yap\u0131lan sava\u015fta \u015eeref Bey yenilir. Ulama \u015eeref Beyin kafas\u0131n\u0131 keserek. Sultan S\u00fcleyman&#8217;a \u0130stanbul&#8217;a g\u00f6nderir. Bitlis Beyli\u011fi 1534\u2019de tekrar Osmanl\u0131 h\u00e2kimiyetine girer.<\/div>\n<\/div>\n<div class=\"x11i5rnm xat24cr x1mh8g0r x1vvkbs xtlvy1s x126k92a\">\n<div dir=\"auto\">\u015eeref Beyin \u00f6l\u00fcm\u00fc \u00fczerine Rojki a\u015fireti onun o\u011flu olan \u015eemseddin&#8217;i Bitlis Beyi olarak ilan eder. Bu s\u0131rada Diyarbekir&#8217;de bulunan b\u00fcy\u00fck vezir \u0130brahim, Sultan S\u00fcleyman ad\u0131na bu atamay\u0131 onaylar. Sultan S\u00fcleyman a\u015fireti o zaman kar\u015f\u0131s\u0131na almak istemez. Buna kar\u015f\u0131n Rojki a\u015firetini beysiz b\u0131rakmak i\u00e7in ba\u015fka bir yola ba\u015fvurur. 1535 y\u0131l\u0131nda \u015eemseddin&#8217;i Bitlis beyli\u011finden al\u0131p Malatya&#8217;ya g\u00f6nderir. Rojkililer Kanuni S\u00fcleyman&#8217;\u0131n amac\u0131n\u0131 anlar. Bey&#8217;in bu \u00f6neriyi kabul etmesini istemezler. Malatya&#8217;ya gitmekten vaz ge\u00e7mesini isterler. Bunun \u00fczerine \u015eemseddin \u0130ran&#8217;a ka\u00e7ar. \u0130ran saray\u0131 taraf\u0131ndan \u015ferefine yara\u015f\u0131r \u015fekilde kar\u015f\u0131lan\u0131r. 1576 y\u0131l\u0131nda 67 ya\u015f\u0131nda Qazvin&#8217;de \u00f6l\u00fcr.1578 y\u0131l\u0131nda o\u011ful \u015eeref Bitlis&#8217;e d\u00f6ner ve Bitlis Beyli\u011finin ba\u015f\u0131na ge\u00e7er.<\/div>\n<\/div>\n<div class=\"x11i5rnm xat24cr x1mh8g0r x1vvkbs xtlvy1s x126k92a\">\n<div dir=\"auto\">Kanuni 46 y\u0131ll\u0131k saltanat\u0131 boyunca bir kez do\u011fuya sefer yapar. \u00c7\u00fcnk\u00fc \u0130drisin temelini att\u0131\u011f\u0131 Osmanl\u0131n\u0131n do\u011fu s\u0131n\u0131rlar\u0131 K\u00fcrtler taraf\u0131ndan Osmanl\u0131 i\u00e7in savunulmaktad\u0131r. \u015eah Tahmsab Van\u2019\u0131 ele ge\u00e7irince Kanuni o tek sefere \u00e7\u0131kar. Yan\u0131nda b\u00f6lgeyi iyi bilen Ulama pa\u015fa ve \u015eah Tahmasb\u0131n ona s\u0131\u011f\u0131nan karde\u015fi Elkas Mirza vard\u0131r. \u015eah Tahmasb Tebrizi bo\u015falt\u0131r Kanuni Van\u2019\u0131 1548 y\u0131l\u0131nda tekrar Osmanl\u0131 topraklar\u0131na ba\u011flayarak geri d\u00f6ner.1 Haziran 1555\u2019te imzalanan Amasya Antla\u015fmas\u0131 ile de Osmanl\u0131 Devleti\u2019nin Bitlis \u00fczerindeki h\u00e2kimiyeti Safev\u00eeler taraf\u0131ndan kabul edilir.<\/div>\n<\/div>\n<div class=\"x11i5rnm xat24cr x1mh8g0r x1vvkbs xtlvy1s x126k92a\">\n<div dir=\"auto\">43 y\u0131l Bitlis Beyli\u011fi ilga edilir. \u015eemseddin o\u011flu \u015eerefhan Irak\u2019\u0131n Kum kentinde 1543 y\u0131l\u0131nda d\u00fcnyaya gelir. Annesi Tokatl\u0131 lakab\u0131yla bilinen Emir Han\u2019\u0131n k\u0131z\u0131d\u0131r. \u0130ran\u2019da Nahc\u0131van valili\u011fi yaparken 1578 y\u0131l\u0131nda 3.Murat zaman\u0131nda Bitlis beyli\u011fine tekrar geri d\u00f6ner. K\u00fcrt tarih yaz\u0131m\u0131n\u0131n en \u00f6nemli kitab\u0131 \u015eerefnameyi yazar. Bu y\u0131llarda s\u00fcr\u00fcp giden Osmanl\u0131-\u0130ran sava\u015flar\u0131nda Osmanl\u0131lara b\u00fcy\u00fck hizmetleri dokunur. 1597 y\u0131l\u0131nda o\u011flu \u015eemseddin lehine Bitlis beyli\u011finden \u00e7ekilir.1574-1587 y\u0131llar\u0131 aras\u0131nda Van Beylerbeyli\u011finde H\u00fcsrev Pa\u015fa vard\u0131r.<\/div>\n<\/div>\n<div class=\"x11i5rnm xat24cr x1mh8g0r x1vvkbs xtlvy1s x126k92a\">\n<div dir=\"auto\">Kanuniden sonra Osmanl\u0131 gerilemeye ba\u015flar. \u0130lk darbeyi Kanuni\u2019nin o\u011flu 2.Selim zaman\u0131nda 1571 y\u0131l\u0131ndaki \u0130nebaht\u0131 deniz sava\u015f\u0131nda b\u00fct\u00fcn bir donanmas\u0131n\u0131 kaybederek al\u0131r. Bu arada 4.Murat 1639 y\u0131l\u0131nda Safevilerle Osmanl\u0131 s\u0131n\u0131r\u0131n\u0131 belirleyen Kasr-\u0131\u015eirin antla\u015fmas\u0131n\u0131 imzalar. K\u00fcrdistan iki imparatorluk aras\u0131nda payla\u015f\u0131l\u0131r. 1682-1725 y\u0131llar\u0131 aras\u0131nda Rusya\u2019y\u0131 bir imparatorlu\u011fa d\u00f6n\u00fc\u015ft\u00fcren B\u00fcy\u00fck Petro yapt\u0131\u011f\u0131 darbelerle Osmanl\u0131n\u0131n \u00e7\u00f6k\u00fc\u015f\u00fcn\u00fc h\u0131zland\u0131r\u0131r. 1699 y\u0131l\u0131nda yap\u0131lan Karlof\u00e7a anla\u015fmas\u0131 Osmanl\u0131\u2019n\u0131n gerileme s\u00fcrecinin ba\u015flang\u0131c\u0131 olur. 1736 y\u0131l\u0131nda da Safeviler yerini Av\u015far hanedanl\u0131\u011f\u0131na b\u0131rak\u0131r.<\/div>\n<\/div>\n<div class=\"x11i5rnm xat24cr x1mh8g0r x1vvkbs xtlvy1s x126k92a\">\n<div dir=\"auto\">\u015eerefhan Bitlisinin torunu Abdal HAN d\u00f6nemi 1638-1657 aras\u0131 Bitlis Emirli\u011finin alt\u0131n \u00e7a\u011f\u0131d\u0131r. 1650&#8217;li y\u0131llarda d\u00f6neminde Osmanl\u0131 Sadrazam\u0131 olan ve daha sonra Van Beylerbeyi olarak atanan Melek Ahmet&#8217;le sava\u015fmaktan \u00e7ekinmez. Osmanl\u0131 ordusuna kar\u015f\u0131 b\u00fcy\u00fck bir direni\u015f ortaya koyar Rojkilerle birlikte Mutki da\u011flar\u0131na \u00e7ekilir, yerine o\u011flu Ziyaeddin atan\u0131r. Geri d\u00f6nd\u00fc\u011f\u00fcnde \u0130stanbul\u2019a s\u00fcrg\u00fcn g\u00f6nderilir.<\/div>\n<\/div>\n<div class=\"x11i5rnm xat24cr x1mh8g0r x1vvkbs xtlvy1s x126k92a\">\n<div dir=\"auto\">Osmanl\u0131 1774\u2019te yine Ruslara kar\u015f\u0131 kaybetti\u011fi sava\u015f sonunda imzalanan K\u00fc\u00e7\u00fck Kaynarca antla\u015fmas\u0131 ile ba\u011f\u0131ms\u0131zl\u0131\u011f\u0131n\u0131 kaybederek Rusya\u2019ya kar\u015f\u0131 \u0130ngiliz ve Frans\u0131zlara ba\u011f\u0131ml\u0131 hale gelir. 1793 y\u0131l\u0131nda nizam\u0131 cedit ordusunun kurulmas\u0131 ve 2.Mahmud\u2019un 1826 y\u0131l\u0131nda Yeni\u00e7eri oca\u011f\u0131n\u0131 kald\u0131rmas\u0131 ile Osmanl\u0131n\u0131n yenile\u015fme s\u00fcreci ba\u015flar. 1829\u2019da Yunanistan ba\u011f\u0131ms\u0131zl\u0131\u011f\u0131n\u0131 kazan\u0131r, K\u00fcrtler ise ancak k\u00fc\u00e7\u00fck \u00e7apl\u0131 1806 Buban, 1832 Revanduz, 1833 Soran isyanlar\u0131n\u0131 ger\u00e7ekle\u015ftirebilirler. Oysa 1833 y\u0131l\u0131nda isyan eden M\u0131s\u0131r valisi Kavalal\u0131 Mehmet Ali Pa\u015fa durdurulamaz \u0130stanbul\u2019a girerken K\u00fctahyada Osmanl\u0131n\u0131n m\u00fcttefikleri Frans\u0131z ve \u0130ngilizlerin M\u0131s\u0131r meselesinde Mehmet Ali Pa\u015fay\u0131 desteklemesi nedeniyle Ruslardan yard\u0131m ister. Yap\u0131lan H\u00fcnkar iskelesi antla\u015fmas\u0131 ile Ruslar bo\u011fazlardan ge\u00e7me hakk\u0131 kazan\u0131r.1839 y\u0131l\u0131nda Abdulmecid tahta \u00e7\u0131kar ve 3 ay sonra Tanzimat ferman\u0131n\u0131 ilan eder bu Osmanl\u0131 i\u00e7in bat\u0131l\u0131la\u015fman\u0131n ilk ba\u015flang\u0131c\u0131d\u0131r. Bu sayede M\u0131s\u0131r meselesini Londra antla\u015fmas\u0131 ile Frans\u0131z ve \u0130ngilizlerle hareket ederek M\u0131s\u0131r\u0131 Mehmet Ali Pa\u015fa\u2019ya b\u0131rakarak ancak \u00e7\u00f6z\u00fcme kavu\u015fturulabilir. 1843 y\u0131l\u0131nda Bedirhan b\u00f6lgesinde kendisine sorun \u00e7\u0131kard\u0131\u011f\u0131n\u0131 iddia etti\u011fi 10 bin Nesturiyi katleder sonra Bab\u0131aliye ba\u015fkald\u0131rarak b\u00fcy\u00fck bir isyan ba\u015flat\u0131r. M\u0131s\u0131r meselesini halleden Abdulmecid 50 bin ki\u015filik bir ordu g\u00f6nderir Bedirhan direnir fakat ihanete u\u011frar 1847\u2019de teslim olarak s\u00fcrg\u00fcne g\u00f6nderilir.<\/div>\n<\/div>\n<div class=\"x11i5rnm xat24cr x1mh8g0r x1vvkbs xtlvy1s x126k92a\">\n<div dir=\"auto\">1847 y\u0131l\u0131nda yeniden fethedildi\u011fi s\u00f6ylenen sadaret ar\u0131zas\u0131nda, merkez Ahlat daha sonra Diyarbak\u0131r eyaletiyle ve Van, Mu\u015f, Hakkari sancaklar\u0131yla Cizre, Botan, Mardin kazalar\u0131ndan olu\u015fan K\u00fcrdistan eyaleti kurularak yeniden bir idari d\u00fczenlemeye gidilmeye ba\u015flar. Osmanl\u0131 1849\u2019da b\u00fct\u00fcn beylikleri ortadan kald\u0131rarak merkeze ba\u011fl\u0131 idareciler atar. Re\u015fid Pa\u015fa son Bitlis beyi \u015eerif\u2019i yap\u0131lan sava\u015f\u0131n sonunda esir alarak \u0130stanbul\u2019a s\u00fcrg\u00fcne g\u00f6nderir. Bu tarihten sonra Osmanl\u0131 y\u00f6netimi Bitlis ve K\u00fcrdistan\u2019da kendi merkezi y\u00f6netimlerini mutlak k\u0131lmak i\u00e7in \u00e7al\u0131\u015fmaya ba\u015flar.<\/div>\n<div dir=\"auto\"><\/div>\n<div dir=\"auto\"><strong>\u0130lhami BARA\u00c7<\/strong><\/div>\n<div dir=\"auto\"><\/div>\n<\/div>\n","protected":false},"excerpt":{"rendered":"<p>-1514 Osmanl\u0131 -1532 Tekrar Safevi -1534 Tekrar Osmanl\u0131 -1639 Kasr-\u0131 \u015eirin antla\u015fmas\u0131 -1849 Bitlis Beyli\u011finin ve di\u011fer \u00f6zerk beyliklerin tasfiyesi \u015eeyh C\u00fcneyd\u2019in torunu \u0130smail Safevi, Uzun Hasan\u2019\u0131n torunu Elvend Mirza liderli\u011findeki Akkoyunlular\u0131 Nah\u00e7\u0131van yak\u0131nlar\u0131nda yenerek 1501 y\u0131l\u0131nda Tebriz\u2019de kendini \u015eah ilan eder. Bitlis 1507\u2019de Emir \u015eeref taraf\u0131ndan Safevi devletine ba\u011flan\u0131r. \u015eah \u0130smail, Azerbeycan, \u0130ran, K\u00fcrdistan, &hellip;<\/p>\n","protected":false},"author":32,"featured_media":23574,"comment_status":"open","ping_status":"open","sticky":false,"template":"","format":"standard","meta":{"footnotes":""},"categories":[65],"tags":[5719,3742,1616,734,6681,6680],"class_list":["post-23573","post","type-post","status-publish","format-standard","has-post-thumbnail","","category-forum","tag-beyler","tag-kurt-beylikleri","tag-manset","tag-osmanli","tag-osmanli-iran-savaslari","tag-safevi"],"_links":{"self":[{"href":"https:\/\/candname.com\/tr\/index.php?rest_route=\/wp\/v2\/posts\/23573","targetHints":{"allow":["GET"]}}],"collection":[{"href":"https:\/\/candname.com\/tr\/index.php?rest_route=\/wp\/v2\/posts"}],"about":[{"href":"https:\/\/candname.com\/tr\/index.php?rest_route=\/wp\/v2\/types\/post"}],"author":[{"embeddable":true,"href":"https:\/\/candname.com\/tr\/index.php?rest_route=\/wp\/v2\/users\/32"}],"replies":[{"embeddable":true,"href":"https:\/\/candname.com\/tr\/index.php?rest_route=%2Fwp%2Fv2%2Fcomments&post=23573"}],"version-history":[{"count":1,"href":"https:\/\/candname.com\/tr\/index.php?rest_route=\/wp\/v2\/posts\/23573\/revisions"}],"predecessor-version":[{"id":23575,"href":"https:\/\/candname.com\/tr\/index.php?rest_route=\/wp\/v2\/posts\/23573\/revisions\/23575"}],"wp:featuredmedia":[{"embeddable":true,"href":"https:\/\/candname.com\/tr\/index.php?rest_route=\/wp\/v2\/media\/23574"}],"wp:attachment":[{"href":"https:\/\/candname.com\/tr\/index.php?rest_route=%2Fwp%2Fv2%2Fmedia&parent=23573"}],"wp:term":[{"taxonomy":"category","embeddable":true,"href":"https:\/\/candname.com\/tr\/index.php?rest_route=%2Fwp%2Fv2%2Fcategories&post=23573"},{"taxonomy":"post_tag","embeddable":true,"href":"https:\/\/candname.com\/tr\/index.php?rest_route=%2Fwp%2Fv2%2Ftags&post=23573"}],"curies":[{"name":"wp","href":"https:\/\/api.w.org\/{rel}","templated":true}]}}