{"id":23554,"date":"2024-06-08T23:53:49","date_gmt":"2024-06-08T20:53:49","guid":{"rendered":"https:\/\/candname.com\/tr\/?p=23554"},"modified":"2024-06-08T23:53:49","modified_gmt":"2024-06-08T20:53:49","slug":"dr-sukru-mehmed-sekban-1881-1960","status":"publish","type":"post","link":"https:\/\/candname.com\/tr\/?p=23554","title":{"rendered":"Dr. \u015e\u00fckr\u00fc Mehmed Sekban (1881-1960)"},"content":{"rendered":"<ol>\n<li><strong>Do\u011fum yeri, tahsili ve meslek hayat\u0131<\/strong><\/li>\n<\/ol>\n<p>Mehmet \u015e\u00fckr\u00fc Sekban, 1881 y\u0131l\u0131nda Ergani\u2019de do\u011fmu\u015f, babas\u0131 \u00dcste\u011fmen Mehmet A\u011fa\u2019d\u0131r. \u0130lk tahsilini Ergani Maden\u2019inde ve Hozat\u2019da (K\u0131z\u0131lkilise), orta tahsilini Diyarbak\u0131r\u2019da, lise tahsilini de \u0130stanbul \u00c7engelk\u00f6y Asker\u00ee T\u0131bbiye okulunda yapm\u0131\u015f. 1903 y\u0131l\u0131nda y\u00fczba\u015f\u0131 r\u00fctbesi ile Askeri T\u0131bbiye\u2019den mezun olmu\u015ftur.<a href=\"https:\/\/kovarabir.com\/11302\/seid-veroj-dr-sukru-mehmed-sekban-1881-1960\/#_ftn1\" name=\"_ftnref1\">[1]<\/a><\/p>\n<p>Mezun olduktan sonra, \u201cBir sene G\u00fclhane Hastanesi\u2019nde staj g\u00f6r\u00fcr, a\u00e7\u0131lan imtihan\u0131 kazanarak Askeri T\u0131bbiye Mektebi cilt ve frengi klini\u011fi muallim muavinli\u011fine getirilmi\u015f ise de Edirne Askeri Hastanesi\u2019ne g\u00f6nderilmesi uygun g\u00f6r\u00fclm\u00fc\u015f. 1905-1907 y\u0131llar\u0131 aras\u0131nda Edirne\u2019de g\u00f6rev yapm\u0131\u015f, burada iki y\u0131l \u00e7al\u0131\u015ft\u0131ktan sonra \u0130stanbul T\u0131bbiye Okulu\u2019ndaki g\u00f6revine d\u00f6nm\u00fc\u015ft\u00fcr. 1909 y\u0131l\u0131nda karantina oca\u011f\u0131nda g\u00f6revlendirilen Sekban, 7 Kas\u0131 1910 y\u0131l\u0131nda Yemene giderek Hudeyde Hastanesi\u2019nde \u00e7al\u0131\u015f\u0131r ancak be\u015f ay sonra istifa ederek \u0130stanbul\u2019a d\u00f6ner. Balkan Sava\u015f\u0131 s\u0131ras\u0131nda Selanik\u2019te, Birinci D\u00fcnya Sava\u015f\u0131\u2019nda \u0130stanbul Gureba Hastanesi\u2019nde Cilt ve Frengi Klini\u011fi m\u00fctehass\u0131sl\u0131\u011f\u0131na tayin olunup sekiz y\u0131ldan fazla burada mesai yapm\u0131\u015f ve 1919\u2019da bu hastaneden ayr\u0131lm\u0131\u015f. G\u00fcm\u00fc\u015f liyakat, be\u015finci r\u00fctbeden Mecidiye harp madalyalar\u0131yla, Irak\u2019ta Hilal-i Ahmer madalyas\u0131yla taltif edilmi\u015ftir.\u201d<a href=\"https:\/\/kovarabir.com\/11302\/seid-veroj-dr-sukru-mehmed-sekban-1881-1960\/#_ftn2\" name=\"_ftnref2\">[2]<\/a><\/p>\n<p>Dr. \u015e\u00fckr\u00fc Mehmed Sekban \u0130stanbul\u2019da iken, \u0130kinci Me\u015frutiyet\u2019in ilan\u0131ndan hemen sonra kurulu\u015f \u00e7al\u0131\u015fmalar\u0131 ba\u015flayan K\u00fcrt Teav\u00fcn ve Terakki Cemiyeti (KTTC) kurulu\u015funda yer alm\u0131\u015f. KTTC\u2019nin kapat\u0131lmas\u0131ndan sonra 1912\u2019de kurulan K\u00fcrd Talebe H\u00eav\u00ee Cemiyeti \u00e7al\u0131\u015fmalar\u0131nda yer al\u0131r ve cemiyete \u00f6nemli derecede maddi destek sa\u011flayanlardan biridir. Ayn\u0131 \u015fekilde 30 Ekim 1918\u2019de Mondros Ate\u015fkes Antla\u015fmas\u0131\u2019n\u0131n imzalanmas\u0131ndan sonra kurulan K\u00fcrdistan Teali Cemiyeti\u2019nin de \u00fcyesi ve aktif \u00e7al\u0131\u015fanlar\u0131ndan biridir. KTC\u2019nin par\u00e7alanmas\u0131 s\u00fcrecinde ba\u011f\u0131ms\u0131zl\u0131k\u00e7\u0131 kanatta yer alarak liderli\u011fini M. Emin Bedirhan\u2019\u0131n yapt\u0131\u011f\u0131 K\u00fcrd Te\u015fkilat\u0131 \u0130\u00e7timaiye Cemiyeti\u2019nde yer alm\u0131\u015f. Sekban\u2019\u0131n K\u00fcrd cemiyetleri (\u00f6rg\u00fctleri) i\u00e7erisindeki \u00e7al\u0131\u015fmalar\u0131 ayr\u0131 bir ba\u015fl\u0131k alt\u0131nda de\u011ferlendirilece\u011fi i\u00e7in \u015fimdilik fazla ayr\u0131nt\u0131ya girmeden genel bir \u00f6zet mahiyetinde hat\u0131rlatmakla yetinece\u011fim.<\/p>\n<p>\u015e\u00fckr\u00fc Mehmed Sekban, hem mesleki yetkinli\u011fiyle hem de K\u00fcrd cemiyetleri i\u00e7erisindeki faaliyetleriyle, K\u00fcrdlerin k\u00fclt\u00fcrel ve siyasi geli\u015fimi i\u00e7in d\u00f6nemin K\u00fcrd cemiyetlerine maddi ve manevi \u00f6nemli desteklerde bulunmu\u015f. Mesle\u011fini icra ederken \u0130stanbul\u2019da ya\u015fayan bir\u00e7ok yoksul K\u00fcrd\u00fc kar\u015f\u0131l\u0131ks\u0131z olarak muayene ve tedavi etmi\u015ftir. 1918\u2019de K\u00fcrdistan Teali Cemiyeti\u2019ne yak\u0131nl\u0131\u011f\u0131yla bilinen\u00a0<em>J\u00een, Kurdistan<\/em>\u00a0ve\u00a0<em>Serbest\u00ee<\/em>\u00a0gazetesi gibi yay\u0131nlar\u0131n muhtelif say\u0131lar\u0131nda \u201cDoktor \u015e\u00fckr\u00fc Mehmed Bey\u201d ad\u0131na yay\u0131nlanm\u0131\u015f bir\u00e7ok ilan vard\u0131r. \u00d6rne\u011fin a\u015fa\u011f\u0131da \u201cCilt ve Frengi Hastal\u0131klar\u0131 M\u00fctehass\u0131s\u0131 Doktor \u015e\u00fckr\u00fc Mehmed Bey\u201d ba\u015fl\u0131\u011f\u0131yla verilen ilan\u00a0<em>J\u00een<\/em>\u00a0dergisinin 11, 12, 14, 15, 16, 17, 21, ve 25. say\u0131lar\u0131nda artarda yay\u0131nlanm\u0131\u015ft\u0131r. \u201cHem\u015fehrilerimizden Doktor \u015e\u00fckr\u00fc Mehmed Bey, pazardan ba\u015fka her g\u00fcn sabahtan ak\u015fama kadar, Galatasaray Okulu kar\u015f\u0131s\u0131nda H\u0131ristaki Han\u0131\u2019ndaki, \u00f6b\u00fcr ad\u0131yla Said Pa\u015fa Han\u0131\u2019ndaki muayenehanesinde hastalar\u0131n\u0131 kabul edip en geli\u015fmi\u015f y\u00f6ntemlerle tedavi eder.\u201d<a href=\"https:\/\/kovarabir.com\/11302\/seid-veroj-dr-sukru-mehmed-sekban-1881-1960\/#_ftn3\" name=\"_ftnref3\">[3]<\/a>\u00a0Ayn\u0131 ilan K\u00fcrd\u00e7enin Sorani leh\u00e7esiyle\u00a0<em>Kurdistan\u00a0<\/em>dergisinin d\u00f6rd\u00fcnc\u00fc say\u0131s\u0131 ve daha sonraki bir\u00e7ok say\u0131s\u0131nda da yay\u0131mlanm\u0131\u015f:\u00a0 \u201cDoktor \u015eukr\u00ee Mehmed Beg: Ew hek\u00eem\u00ea mahir \u00fb zor zana \u00fb xudan x\u00eeret le hem\u00fb terz\u00ee c\u00eey\u00ea \u00eeftixar\u00ee Kurdan e. Eger k\u00ee naxo\u015f b\u00ee, z\u00fb bi\u00e7\u00eet derman\u00ee xoy bika \u00e7unke zor zana \u00fb b\u00eahewal e. C\u00eegey\u00ea ew: Le beranber mekteb\u00ee Galatasaray le kolan\u00ee t\u00eeyatro le karwansaray\u00ee Herestak\u00ee (Xan\u00ee Se\u00eed Pa\u015fa).\u201d<a href=\"https:\/\/kovarabir.com\/11302\/seid-veroj-dr-sukru-mehmed-sekban-1881-1960\/#_ftn4\" name=\"_ftnref4\">[4]<\/a><\/p>\n<p>Fransa, Almanya, Avusturya, \u0130ngiltere, \u0130talya hastanelerinde artarda bir bu\u00e7uk sene \u00e7al\u0131\u015f\u0131p, bilgisini artt\u0131rarak ihtisas\u0131n\u0131 tamamlad\u0131. Birka\u00e7 yabanc\u0131 dili iyi bilir, okur yazar, m\u00fcte\u015febbis, g\u00f6zlemleri g\u00fc\u00e7l\u00fc bilim ve k\u00fclt\u00fcr adamlar\u0131ndand\u0131r. 1908\u2019de yazd\u0131\u011f\u0131 iki ciltlik \u201cMusavver Emraz-\u0131 Z\u00fchreviye (Resimli Z\u00fchrev\u00ee Hastal\u0131klar) 1919-1921 aras\u0131nda yazd\u0131\u011f\u0131 yine iki ciltlik Musavver Emraz-\u0131 Cildiye (Resimli Cilt Hastal\u0131klar\u0131) adl\u0131 kitaplar\u0131 k\u0131ymetli eserlerdir. Orijinal vakalarla k\u0131ymetli et\u00fctleri muhtelif mecmualarda yay\u0131mlanm\u0131\u015ft\u0131r.<a href=\"https:\/\/kovarabir.com\/11302\/seid-veroj-dr-sukru-mehmed-sekban-1881-1960\/#_ftn5\" name=\"_ftnref5\">[5]<\/a>\u00a01919 y\u0131l\u0131nda \u0130stanbul\u2019da\u00a0kurulan \u201cEmraz-\u0131 Cildiye ve Efrenciye Cemiyeti\u201d\u00a0kurucu ve y\u00f6neticilerinden birdir. Cemiyetin ilk idare heyeti se\u00e7iminde Menahem Hodara ba\u015fkanl\u0131\u011fa ve \u015e\u00fckr\u00fc Mehmet (Sekban) ikinci ba\u015fkanl\u0131\u011fa se\u00e7ilmi\u015flerdir. Cemiyete ba\u011fl\u0131 olarak Frans\u0131zca-T\u00fcrk\u00e7e yay\u0131n yapan ve ilk dermatoloji mecmuas\u0131 olan\u00a0<em>Emraz-\u0131 Cildiye ve Frenciye Cemiyeti Mecmuas\u0131\u2019<\/em>n\u0131 \u00e7\u0131karm\u0131\u015flar.<\/p>\n<p>Dr. \u015e\u00fckr\u00fc Mehmed Sekban da bir\u00e7ok K\u00fcrd ayd\u0131n\u0131 gibi, en son olarak \u00fcyesi oldu\u011fu K\u00fcrd Te\u015fkilat-\u0131 \u0130\u00e7timaiye Cemiyeti\u2019nin ald\u0131\u011f\u0131 karar do\u011frultusunda 1922\u2019nin sonlar\u0131na do\u011fru \u0130stanbul\u2019u terk ederek \u00f6nce Beyrut\u2019a ve oradan da Ba\u011fdat\u2019a gitmi\u015ftir. Beyrut\u2019ta bulundu\u011fu zaman, 14 Eyl\u00fcl 1923\u2019te \u201cAmraz-\u0131 Cildiye ve Efrenciye M\u00fctahass\u0131s\u0131 Doktor \u015e\u00fckr\u00fc Mehmet\u201d imzas\u0131yla, \u201cK\u00fcrtler T\u00fcrklerden Ne \u0130stiyorlar\u201d ba\u015fl\u0131\u011f\u0131yla, \u201cNafia vekili ve Diyarbak\u0131r mebusu Fevzi Bey\u201d eliyle Mustafa Kemal\u2019e bir mektup g\u00f6nderir. Mektubu g\u00f6nderdikten bir m\u00fcddet sonra, Diyarbekir (Ergani\/Maden) ahalisinden Doktor \u015e\u00fckr\u00fc Mehmed imzas\u0131yla 18 Aral\u0131k 1923\u2019te \u015f\u00f6yle bir ilave not kayda ge\u00e7iyor: \u201cAradan \u00fc\u00e7 ay ge\u00e7ti\u011fi halde bu mektuba hen\u00fcz bir cevap zuhur etmemesine nazaran verilecek h\u00fckm\u00fc -ba\u015fka s\u00f6z s\u00f6ylemeden- karin-i kir\u00e2m\u0131n takdir ve vicdanlar\u0131na havale ediyorum.\u201d<a href=\"https:\/\/kovarabir.com\/11302\/seid-veroj-dr-sukru-mehmed-sekban-1881-1960\/#_ftn6\" name=\"_ftnref6\">[6]<\/a>\u00a0Ba\u011fdat\u2019ta iken, \u0130mtiyaz sahibi Sahibkiranzade Salih Zeki ve idari m\u00fcd\u00fcr\u00fc Re\u015f\u00eed \u015eewq\u00ee olan, haftal\u0131k\u00a0<em>D\u00eeyar\u00eey\u00ee Kurdistan<\/em>\u00a0dergisine \u201cYeni \u0130slam Aleminde Milliyet Cereyanlar\u0131\u201d ba\u015fl\u0131\u011f\u0131yla \u00fc\u00e7\u00fcnc\u00fc say\u0131dan ba\u015flayarak on iki b\u00f6l\u00fcmden olu\u015fan bir dizi makale yay\u0131nlam\u0131\u015f.\u00a0<em>D\u00eeyar\u00eey\u00ee Kurdistan<\/em>\u2019\u0131n toplam 16 say\u0131 yay\u0131nlanm\u0131\u015f; ilk say\u0131s\u0131 11 Mart 1925\u2019te ve 16. Say\u0131 da 11 May\u0131s 1926\u2019da yay\u0131nlanm\u0131\u015f. \u015eaduman Hal\u0131c\u0131 04.10.1926 tarihli EGM ar\u015fiv belgelerine (DN:12222-57\/1, Bn: 1\/E-9, Bt:4.10.1926) dayand\u0131rarak aktard\u0131\u011f\u0131n g\u00f6re, \u201cEthem, Mevlanzade R\u0131fat, Doktor \u015e\u00fckr\u00fc Mehmet (Sekban) ve\u00a0<em>Diyar-\u0131 Kurdistan<\/em>\u00a0gazetesi sahibi Salih Zeki\u2019nin K\u00fcrdistan konusunda eskiden oldu\u011fu gibi ciddiyetle \u00e7al\u0131\u015fmakta oldu\u011funu \u0130\u00e7i\u015fleri ve D\u0131\u015fi\u015fleri Bakanl\u0131klar\u0131na bildirerek uyan\u0131k olmalar\u0131n\u0131 istedi. Hatta durumun olduk\u00e7a ciddi oldu\u011fu da eklendi.\u201d<a href=\"https:\/\/kovarabir.com\/11302\/seid-veroj-dr-sukru-mehmed-sekban-1881-1960\/#_ftn7\" name=\"_ftnref7\">[7]<\/a><\/p>\n<p>Ba\u011fdat\u2019ta iken, 5 Ekim 1927\u2019de L\u00fcbnan\u2019\u0131n Bhamdun kentinde kurulan Xoyb\u00fbn Partisi\u2019nin Ba\u011fdat temsilcili\u011fini de yapm\u0131\u015f. Farkl\u0131 d\u00f6nemlerde Irak ba\u015fbakanl\u0131\u011f\u0131 yapan Nuri Said\u2019in ilk h\u00fck\u00fcmeti d\u00f6neminde Sa\u011fl\u0131k Bakanl\u0131\u011f\u0131 yapm\u0131\u015f. Irak\u2019ta bulundu\u011fu zaman \u0130ngiltere ve Irak aras\u0131nda imzalanan anla\u015fmayla, resmen Irak devletinin ba\u011f\u0131ms\u0131zl\u0131\u011f\u0131 kabul edildi ancak bahsi ge\u00e7en anla\u015fma Irak i\u00e7erisinde kalan K\u00fcrd ulusal az\u0131nl\u0131\u011f\u0131n haklar\u0131n\u0131n tan\u0131nmas\u0131na dair hi\u00e7bir garanti i\u00e7ermiyordu. Sekban, bir gurup K\u00fcrd siyaset\u00e7isiyle birlikte Milletler Cemiyeti\u2019ne bir mektup yollayarak bu konudaki rahats\u0131zl\u0131klar\u0131n\u0131 belirtmi\u015fler.<a href=\"https:\/\/kovarabir.com\/11302\/seid-veroj-dr-sukru-mehmed-sekban-1881-1960\/#_ftn8\" name=\"_ftnref8\">[8]<\/a><\/p>\n<p>K\u0131sacas\u0131 Dr. Mehmed \u015e\u00fckr\u00fc Sekban, \u0130kinci Me\u015frutiyet\u2019ten ba\u015flayarak 1933\u2019te Paris\u2019te yay\u0131nlad\u0131\u011f\u0131 \u201cLa Question Kurde\u201d<a href=\"https:\/\/kovarabir.com\/11302\/seid-veroj-dr-sukru-mehmed-sekban-1881-1960\/#_ftn9\" name=\"_ftnref9\">[9]<\/a>\u00a0adl\u0131 kitab\u0131n\u0131n yay\u0131nlanmas\u0131na kadar ge\u00e7en s\u00fcre\u00e7te, gerek Osmanl\u0131 s\u0131n\u0131rlar\u0131 i\u00e7erisinde ve gerekse d\u0131\u015far\u0131da kurulan hemen hemen t\u00fcm K\u00fcrd \u00f6rg\u00fctleri i\u00e7erisinde yer alm\u0131\u015f, K\u00fcrdler ad\u0131na ve bu \u00f6rg\u00fctleri temsilen farkl\u0131 zamanlarda ve mekanlarda olu\u015fturulan heyetler i\u00e7erisinde yabanc\u0131 misyonlar\u0131n el\u00e7ilikleriyle yap\u0131lan g\u00f6r\u00fc\u015fmelere kat\u0131lm\u0131\u015f, d\u00f6nemin \u00f6nemli K\u00fcrt milliyet\u00e7ilerinden biriydi.<\/p>\n<p>150\u2019lik s\u00fcrg\u00fcnleriyle ilgili \u00e7\u0131kart\u0131lan af yasas\u0131 kapsam\u0131nda, 1939\u2019da T\u00fcrkiye\u2019ye d\u00f6nm\u00fc\u015f ve 1946\u2032da T\u00fcrkiye \u0130\u015f\u00e7i ve \u00c7ift\u00e7i Partisi\u2019nin kurucu \u00fcyeleri aras\u0131nda yer alm\u0131\u015f, kendi deyimiyle ya\u015fam\u0131n\u0131n 37 senesini verdi\u011fi<a href=\"https:\/\/kovarabir.com\/11302\/seid-veroj-dr-sukru-mehmed-sekban-1881-1960\/#_ftn10\" name=\"_ftnref10\">[10]<\/a>\u00a0K\u00fcrd ulusal m\u00fccadelesinden ve siyasetinden uzak durmu\u015ftur. Hayat ser\u00fcveninde K\u00fcrdlere dair bir\u00e7ok a\u00e7\u0131k ve gizli olaylar i\u00e7erisinde yer alm\u0131\u015f ve tan\u0131kl\u0131k yapm\u0131\u015f, K\u00fcrdlerin geneli taraf\u0131nda davadan d\u00f6n\u00fc\u015f olarak de\u011ferlendirilen ve bizatihi kendisinin de \u201csahte ve uyduruk kitab\u0131m\u201d<a href=\"https:\/\/kovarabir.com\/11302\/seid-veroj-dr-sukru-mehmed-sekban-1881-1960\/#_ftn11\" name=\"_ftnref11\">[11]<\/a>\u00a0dedi\u011fi \u201cLa Question Kurde\u201d adl\u0131 kitab\u0131yla da \u00e7ok \u00f6nemli ele\u015ftirilere muhatap olmu\u015f. Kendisi bu kitab\u0131 yazmakla, Ankara\u2019n\u0131n cahil ricalinin K\u00fcrtler \u00fczerindeki zul\u00fcmlerini hafifletmeyi ama\u00e7lad\u0131\u011f\u0131n\u0131 belirtir.<a href=\"https:\/\/kovarabir.com\/11302\/seid-veroj-dr-sukru-mehmed-sekban-1881-1960\/#_ftn12\" name=\"_ftnref12\">[12]<\/a>\u00a0K\u00fcrd siyaset\u00e7isi ve yak\u0131n arkada\u015f\u0131 Refik Hilmi\u2019nin \u201cLa Question Kurde\u201d adl\u0131 kitab\u0131na cevap olarak yazd\u0131\u011f\u0131 \u201cret ve tenkit\u201dte, \u201c\u015e\u00fckr\u00fc Mehmed Beyi iki namla; yani iki manevi \u015fahsiyetlerini ya\u015fad\u0131\u011f\u0131 muhtelif zamanlara delalet edecek birinci ve ikinci \u015e\u00fckr\u00fc Mehmed namlar\u0131yla zikredecektir.<a href=\"https:\/\/kovarabir.com\/11302\/seid-veroj-dr-sukru-mehmed-sekban-1881-1960\/#_ftn13\" name=\"_ftnref13\">[13]<\/a>\u00a0Ad\u0131 ge\u00e7en kitab\u0131, Kemalist y\u00f6netimi yumu\u015fatma \u00e7abalar\u0131 olarak de\u011ferlendirenler de vard\u0131r.<\/p>\n<p>Dr. \u015e\u00fckr\u00fc Mehmed Sekban, 79 ya\u015f\u0131nda iken \u0130stanbul\u2019da vefat etmi\u015ftir. 08.05.1960 tarihli\u00a0<em>Milliyet<\/em>\u00a0gazetesinde yay\u0131mlanan vefat ilan\u0131ndan \u00f6yle anla\u015f\u0131lmaktad\u0131r ki \u015e\u00fckr\u00fc Mehmed Sekban ve e\u015fi H\u00fccet Han\u0131m\u2019dan Ferda (Deymer) ve Leyla (Birtek) ad\u0131nda iki k\u0131z \u00e7ocu\u011fu ve Dara<a href=\"https:\/\/kovarabir.com\/11302\/seid-veroj-dr-sukru-mehmed-sekban-1881-1960\/#_ftn14\" name=\"_ftnref14\">[14]<\/a>\u00a0ad\u0131nda bir erkek \u00e7ocuklar\u0131 olmu\u015f. Ferda\u2019yla ilgili bilgi edinemedim, Leyla Birtek\u2019in Dr. Cudi Birtek\u2019le evlenmi\u015f ve Dara Sekban\u2019\u0131n (1922-2003) ise, mesle\u011finin m\u00fchendis oldu\u011funu ve sonralar\u0131 California\u2019ya yerle\u015ferek sanatsal faaliyetlerde de bulundu\u011fu anla\u015f\u0131lmaktad\u0131r.<\/p>\n<p>(Devam edecek.)<\/p>\n<figure id=\"attachment_11303\" class=\"wp-caption aligncenter\" aria-describedby=\"caption-attachment-11303\"><img loading=\"lazy\" decoding=\"async\" class=\"wp-image-11303 td-animation-stack-type1-2\" src=\"https:\/\/kovarabir.com\/wp-content\/uploads\/2024\/06\/Sukru-Mehmed-Sekban-Oturanlardan-sagdan-3-300x185.jpg\" sizes=\"auto, (max-width: 496px) 100vw, 496px\" srcset=\"https:\/\/kovarabir.com\/wp-content\/uploads\/2024\/06\/Sukru-Mehmed-Sekban-Oturanlardan-sagdan-3-300x185.jpg 300w, https:\/\/kovarabir.com\/wp-content\/uploads\/2024\/06\/Sukru-Mehmed-Sekban-Oturanlardan-sagdan-3-681x420.jpg 681w, https:\/\/kovarabir.com\/wp-content\/uploads\/2024\/06\/Sukru-Mehmed-Sekban-Oturanlardan-sagdan-3-356x220.jpg 356w, https:\/\/kovarabir.com\/wp-content\/uploads\/2024\/06\/Sukru-Mehmed-Sekban-Oturanlardan-sagdan-3.jpg 689w\" alt=\"\" width=\"496\" height=\"306\" \/><figcaption id=\"caption-attachment-11303\" class=\"wp-caption-text\">Dernek \u00dcyeleri (1919): Oturanlar (sa\u011fdan sola):\u00a0Emil Orfanidis, Ali R\u0131za Atasoy, \u015e\u00fckr\u00fc Mehmet Sekban, Talat \u00c7aml\u0131 ve Rober Abimelek Ayaktakiler:\u00a0M.R\u00fc\u015ft\u00fc, Osman Salman, Hasan Re\u015fat S\u0131\u011f\u0131nd\u0131m, \u0130zzet Kamil, Bujes, Karako\u00e7, Ali R\u0131za<\/figcaption><\/figure>\n<p>&nbsp;<\/p>\n<p><strong>Se\u00eed Veroj-Kovarabir.com<\/strong><\/p>\n<p><a href=\"https:\/\/kovarabir.com\/11302\/seid-veroj-dr-sukru-mehmed-sekban-1881-1960\/#_ftnref1\" name=\"_ftn1\">[1]<\/a>\u00a0M\u00fcsl\u00fcm \u00dcz\u00fclmez,\u00a0<em>\u00c7ay\u00f6n\u00fc\u2019nden Ergani\u2019ye Uzun Bir Y\u00fcr\u00fcy\u00fc\u015f<\/em>, Ladin Matbaac\u0131l\u0131k, \u0130stanbul, 2005, 2. 369<\/p>\n<p><a href=\"https:\/\/kovarabir.com\/11302\/seid-veroj-dr-sukru-mehmed-sekban-1881-1960\/#_ftnref2\" name=\"_ftn2\">[2]<\/a>\u00a0<a href=\"https:\/\/www.biyografya.com\/biyografi\/3032\">https:\/\/www.biyografya.com\/biyografi\/3032<\/a>;\u00a0<a href=\"https:\/\/www.bernamegeh.com\/mehmet-sukru-sekban-kimdir\/\">https:\/\/www.bernamegeh.com\/mehmet-sukru-sekban-kimdir\/<\/a>, 21. 05.2024<\/p>\n<p><a href=\"https:\/\/kovarabir.com\/11302\/seid-veroj-dr-sukru-mehmed-sekban-1881-1960\/#_ftnref3\" name=\"_ftn3\">[3]<\/a>\u00a0<em>J\u00een<\/em>, aded: 11, 15 \u015eubat 1335<\/p>\n<p><a href=\"https:\/\/kovarabir.com\/11302\/seid-veroj-dr-sukru-mehmed-sekban-1881-1960\/#_ftnref4\" name=\"_ftn4\">[4]<\/a>\u00a0<em>Kurdistan<\/em>, aded: 4, 15 Mart 1335 (15 Mart 1919)<\/p>\n<p><a href=\"https:\/\/kovarabir.com\/11302\/seid-veroj-dr-sukru-mehmed-sekban-1881-1960\/#_ftnref5\" name=\"_ftn5\">[5]<\/a>\u00a0https:\/\/www.biyografya.com\/biyografi\/3032<\/p>\n<p><a href=\"https:\/\/kovarabir.com\/11302\/seid-veroj-dr-sukru-mehmed-sekban-1881-1960\/#_ftnref6\" name=\"_ftn6\">[6]<\/a>\u00a0<em>Dr. \u015e\u00fckr\u00fc Mehmed Sekban\u2019\u0131n Mustafa Kemal\u2019e Mektubu, K\u00fcrtler T\u00fcrklerden Ne \u0130stiyor?<\/em>\u00a0Haz\u0131rlayan: H\u00fcseyin Siyabend Aytemur, H\u00eevda Yay\u0131nlar\u0131, \u0130stanbul, 2021, s. 80-81<\/p>\n<p><a href=\"https:\/\/kovarabir.com\/11302\/seid-veroj-dr-sukru-mehmed-sekban-1881-1960\/#_ftnref7\" name=\"_ftn7\">[7]<\/a>\u00a0\u015eaduman Hal\u0131c\u0131,\u00a0<em>M\u00fctareke D\u00f6neminin \u0130\u015fbirlik\u00e7ileri Y\u00fczellilik Gazeteciler<\/em>, Cumhuriyet Kitaplar\u0131, \u0130stanbul, 2021, s. 77<\/p>\n<p><a href=\"https:\/\/kovarabir.com\/11302\/seid-veroj-dr-sukru-mehmed-sekban-1881-1960\/#_ftnref8\" name=\"_ftn8\">[8]<\/a>\u00a0Dr. \u015eukr\u00ee Mihemed Sekban,\u00a0<em>Pers\u00ee Kurd, K\u00ea\u015fegel\u00ee Kem\u00eenenetewekan<\/em>, Werg\u00earan\u00ee le Fransiyewe, p\u00ea\u015fek\u00ee \u00fb peraw\u00eazn\u00fbs\u00een: Dr. Necat\u00ee Ebdullah, Hewl\u00ear, 2013, s. 27<\/p>\n<p><a href=\"https:\/\/kovarabir.com\/11302\/seid-veroj-dr-sukru-mehmed-sekban-1881-1960\/#_ftnref9\" name=\"_ftn9\">[9]<\/a>\u00a0Dr. Chukru Mehmed Sekban,\u00a0<em>La Question Kurde,<\/em>\u00a0Les Presses Universitaires de France, 1933<\/p>\n<p><a href=\"https:\/\/kovarabir.com\/11302\/seid-veroj-dr-sukru-mehmed-sekban-1881-1960\/#_ftnref10\" name=\"_ftn10\">[10]<\/a>\u00a0Refik Hilmi,\u00a0<em>K\u00fcrt Meselesi Safahat\u0131ndan<\/em>, Haz\u0131rlayan: Mahmut Aky\u00fcrekli, Avesta Yay\u0131nlar\u0131, s. 18<\/p>\n<p><a href=\"https:\/\/kovarabir.com\/11302\/seid-veroj-dr-sukru-mehmed-sekban-1881-1960\/#_ftnref11\" name=\"_ftn11\">[11]<\/a>\u00a0Mehmet Bayrak,\u00a0<em>Ate\u015f-Kan-Barut G\u00fcnlerinde K\u00fcrt Diplomasisi<\/em>, \u00d6zge Yay\u0131nlar\u0131, Ankara, 2021, s. 400<\/p>\n<p><a href=\"https:\/\/kovarabir.com\/11302\/seid-veroj-dr-sukru-mehmed-sekban-1881-1960\/#_ftnref12\" name=\"_ftn12\">[12]<\/a>\u00a0Musa Anter,\u00a0<em>Hat\u0131ralar\u0131m<\/em>, Aram Yay\u0131nlar\u0131, \u0130kinci Bask\u0131, 2011, s. 70<\/p>\n<p><a href=\"https:\/\/kovarabir.com\/11302\/seid-veroj-dr-sukru-mehmed-sekban-1881-1960\/#_ftnref13\" name=\"_ftn13\">[13]<\/a>\u00a0Refik Hilmi,\u00a0<em>K\u00fcrt Meselesi Safahat\u0131ndan (Doktor \u015e\u00fckr\u00fc Mehmed Bey Sekban\u2019\u0131n 1933 senesinde Paris\u2019te ne\u015fretmi\u015f oldu\u011fu La Quastion Kurd unvanl\u0131 Frans\u0131zca risalesinin ret ve tenkiti)<\/em>, Haz\u0131rlaya: Mehmet Aky\u00fcrekli, Avesta Yay\u0131nlar\u0131, \u0130stanbul, 2023, s. 47<\/p>\n<p><a href=\"https:\/\/kovarabir.com\/11302\/seid-veroj-dr-sukru-mehmed-sekban-1881-1960\/#_ftnref14\" name=\"_ftn14\">[14]<\/a>\u00a0<em>Milliyet\u00a0<\/em>gazetesi, 08.05.1960<\/p>\n","protected":false},"excerpt":{"rendered":"<p>Do\u011fum yeri, tahsili ve meslek hayat\u0131 Mehmet \u015e\u00fckr\u00fc Sekban, 1881 y\u0131l\u0131nda Ergani\u2019de do\u011fmu\u015f, babas\u0131 \u00dcste\u011fmen Mehmet A\u011fa\u2019d\u0131r. \u0130lk tahsilini Ergani Maden\u2019inde ve Hozat\u2019da (K\u0131z\u0131lkilise), orta tahsilini Diyarbak\u0131r\u2019da, lise tahsilini de \u0130stanbul \u00c7engelk\u00f6y Asker\u00ee T\u0131bbiye okulunda yapm\u0131\u015f. 1903 y\u0131l\u0131nda y\u00fczba\u015f\u0131 r\u00fctbesi ile Askeri T\u0131bbiye\u2019den mezun olmu\u015ftur.[1] Mezun olduktan sonra, \u201cBir sene G\u00fclhane Hastanesi\u2019nde staj g\u00f6r\u00fcr, a\u00e7\u0131lan &hellip;<\/p>\n","protected":false},"author":32,"featured_media":23555,"comment_status":"open","ping_status":"open","sticky":false,"template":"","format":"standard","meta":{"footnotes":""},"categories":[118],"tags":[1616],"class_list":["post-23554","post","type-post","status-publish","format-standard","has-post-thumbnail","","category-biyografi","tag-manset"],"_links":{"self":[{"href":"https:\/\/candname.com\/tr\/index.php?rest_route=\/wp\/v2\/posts\/23554","targetHints":{"allow":["GET"]}}],"collection":[{"href":"https:\/\/candname.com\/tr\/index.php?rest_route=\/wp\/v2\/posts"}],"about":[{"href":"https:\/\/candname.com\/tr\/index.php?rest_route=\/wp\/v2\/types\/post"}],"author":[{"embeddable":true,"href":"https:\/\/candname.com\/tr\/index.php?rest_route=\/wp\/v2\/users\/32"}],"replies":[{"embeddable":true,"href":"https:\/\/candname.com\/tr\/index.php?rest_route=%2Fwp%2Fv2%2Fcomments&post=23554"}],"version-history":[{"count":1,"href":"https:\/\/candname.com\/tr\/index.php?rest_route=\/wp\/v2\/posts\/23554\/revisions"}],"predecessor-version":[{"id":23556,"href":"https:\/\/candname.com\/tr\/index.php?rest_route=\/wp\/v2\/posts\/23554\/revisions\/23556"}],"wp:featuredmedia":[{"embeddable":true,"href":"https:\/\/candname.com\/tr\/index.php?rest_route=\/wp\/v2\/media\/23555"}],"wp:attachment":[{"href":"https:\/\/candname.com\/tr\/index.php?rest_route=%2Fwp%2Fv2%2Fmedia&parent=23554"}],"wp:term":[{"taxonomy":"category","embeddable":true,"href":"https:\/\/candname.com\/tr\/index.php?rest_route=%2Fwp%2Fv2%2Fcategories&post=23554"},{"taxonomy":"post_tag","embeddable":true,"href":"https:\/\/candname.com\/tr\/index.php?rest_route=%2Fwp%2Fv2%2Ftags&post=23554"}],"curies":[{"name":"wp","href":"https:\/\/api.w.org\/{rel}","templated":true}]}}