{"id":23535,"date":"2024-06-02T10:40:28","date_gmt":"2024-06-02T07:40:28","guid":{"rendered":"https:\/\/candname.com\/tr\/?p=23535"},"modified":"2024-06-02T10:42:01","modified_gmt":"2024-06-02T07:42:01","slug":"zare-1926","status":"publish","type":"post","link":"https:\/\/candname.com\/tr\/?p=23535","title":{"rendered":"Zer\u00ea 1926"},"content":{"rendered":"<div class=\"article-detail author-article-detail\">\n<article class=\"article-content\">\n<div class=\"content-heading\">\n<h1 class=\"content-title\"><span style=\"font-family: -apple-system, BlinkMacSystemFont, 'Segoe UI', Roboto, Oxygen, Oxygen-Sans, Ubuntu, Cantarell, 'Helvetica Neue', 'Open Sans', Arial, sans-serif; font-size: 16px; font-weight: 400;\">Zar\u00ea (Zer\u00ea), 1926 y\u0131l\u0131nda \u00e7ekilmi\u015f K\u00fcrt Ezidileri konu alan sessiz drama filmidir. K\u00fcrtlerin sosyolojisini beyaz perdeye ta\u015f\u0131m\u0131\u015f ilk film olarak kabul edilir. Film ilk kez 9 Kas\u0131m 1926 da g\u00f6sterimi girmi\u015f, y\u00f6netmenli\u011fini Hemo Beknazaryan yapm\u0131\u015ft\u0131r.<\/span><\/h1>\n<\/div>\n<div class=\"text-content\">\n<p>Zar\u00ea filmi, Ermenistan Sovyet Sosyalist Cumhuriyeti taraf\u0131ndan yap\u0131lm\u0131\u015f olup her ne kadar orijinal \u015fekli sessiz olsa dahi Ermenice seslendirilen versiyonuna ar\u015fivlerde ula\u015fmak m\u00fcmk\u00fcn.<\/p>\n<p>Filmin detaylar\u0131n\u0131 ele almadan \u00f6nce genel temas\u0131na bakt\u0131\u011f\u0131m\u0131z zaman ana hatlar\u0131yla K\u00fcrt toplumunun, a\u015firet reisi olan Temur Beyin dini lider olan \u015feyh ile Yerel b\u00fcrokratlar\u0131nda deste\u011fiyle nas\u0131l ezildi\u011fi ve her y\u00f6n\u00fcyle nas\u0131l s\u00f6m\u00fcr\u00fcye maruz kald\u0131klar\u0131 tematik olarak i\u015flenir.<\/p>\n<p>Filmin ana karakterleri olan Zar\u00ea, a\u015firet a\u011fas\u0131 Temur ile \u00c7oban Seydo ekseninde olaylar ger\u00e7ekle\u015fmektedir. Filmin ana karakterlerinden olan Zar\u00ea ile \u00c7oban Seydo \u00fczerinden a\u011fal\u0131k, ba\u015fl\u0131k paras\u0131,kumal\u0131k ile r\u00fc\u015fvete dayal\u0131 ili\u015fkiler ele al\u0131nm\u0131\u015ft\u0131r.Ayr\u0131ca ana konuya paralel olarak arka planda da zengin fakir ay\u0131r\u0131m\u0131 ile Ermeni b\u00fcrokrasisinde yayg\u0131n olan r\u00fc\u015fvet ve d\u00f6nemin toplumsal sorunlar\u0131na da i\u015faret edilmektedir.\u00d6zellikle bunu olu\u015fturulmak istenen K\u00fcrt birliklerine asker se\u00e7ilirken daha \u00e7ok yoksul kesimin al\u0131nmas\u0131nda g\u00f6r\u00fcyoruz.<\/p>\n<p>Filmdeki di\u011fer \u00f6nemli bir detayda tarihsel bir ger\u00e7eklik olan dini liderlerin toplum \u00fczerindeki etkilerinin otorite taraf\u0131ndan nas\u0131l bir bask\u0131 arac\u0131 olarak kullan\u0131lmalar\u0131d\u0131r.<\/p>\n<p>Hayvanc\u0131l\u0131kla ge\u00e7imlerini sa\u011flayan ve yar\u0131 g\u00f6\u00e7ebe bir \u015fekilde ya\u015famlar\u0131n\u0131 s\u00fcrd\u00fcren k\u00f6y\u00fcn gen\u00e7 ve g\u00fczel kad\u0131n\u0131 olan Zar\u00ea ile \u00e7obanl\u0131k yapan Seydo birbirlerine sevdalan\u0131rlar. A\u015firet a\u011fas\u0131 Temur ise Zar\u00ea yi kuma olarak istemektedir.Temur a\u011fa k\u00f6y\u00fcn \u015feyhi ile yerel b\u00fcrokratlar\u0131n deste\u011fini alarak Zar\u00ea yi zor kullanarak ka\u00e7\u0131r\u0131p d\u00fc\u011f\u00fcn yapar. Temur, Zar\u00ea ye zor kullan\u0131r fakat Zar\u00ea buna kar\u015f\u0131 gelerek direnir. Temur amac\u0131na ula\u015famay\u0131nca Zar\u00ea ye iftirada bulunarak bakire olmad\u0131\u011f\u0131n\u0131 ve namustan yoksun oldu\u011funu dile getirir.Bu iftiraya dayananan a\u011fa, Zar\u00ea yi e\u015fe\u011fe ters bindirerek k\u00f6yde dola\u015ft\u0131r\u0131r.Sevdi\u011fine yap\u0131lanlar\u0131 haber alan Seydo, askeri birlikten yaral\u0131 olarak ka\u00e7t\u0131ktan sonra sakland\u0131\u011f\u0131 yerden onu destekleyen arkada\u015flar\u0131yla beraber bu durum kar\u015f\u0131s\u0131nda harekete ge\u00e7er ve a\u011fay\u0131 vurup \u00f6ld\u00fcrerek Zar\u00ea yi onun elinden kurtar\u0131r.<\/p>\n<p>Tatl\u0131 sonla biten film b\u00f6l\u00fcmler halinde \u00e7ekilerek birle\u015ftirilmi\u015ftir. Bu y\u00f6n\u00fcyle bakt\u0131\u011f\u0131m\u0131zda o d\u00f6nemin ilk dizi filminin birle\u015ftirilmesiyle olu\u015fturuldu\u011funu s\u00f6yleyebiliriz. 1920&#8242; li y\u0131llar\u0131n teknik imk\u00e2nlar\u0131n\u0131 dikkate ald\u0131\u011f\u0131m\u0131zda filmin \u00e7ekimlerinin iyi yap\u0131lm\u0131\u015f oldu\u011funu s\u00f6ylemek yerinde olur.<\/p>\n<p>Filmde K\u00fcrt toplumunda feodal yap\u0131 i\u00e7inde din fig\u00fcr\u00fcn\u00fcn nas\u0131l bir bask\u0131 arac\u0131 haline getirilerek insanlar\u0131n istismar edildi\u011fi vurgusu iyi bir \u015fekilde ortaya serilmektedir. \u00d6te yandan \u0130ktidar\u0131 elinde tutanlar\u0131n \u00e7\u0131karlar\u0131 i\u00e7in her yolu \u00e7ekinmeden kullanabildiklerini hem r\u00fc\u015fvet d\u00f6ng\u00fcs\u00fc hem k\u00f6y\u00fcn \u015feyhi ile baz\u0131 geleneksel unsurlar\u0131n kullanma bi\u00e7imlerinde g\u00f6r\u00fcyoruz.Filmin \u00e7ekiminden bu yana yar\u0131m asra yak\u0131n bir zaman ge\u00e7mi\u015f olmas\u0131na ra\u011fmen ne yaz\u0131k ki g\u00fcn\u00fcm\u00fczde de halen g\u00fcc\u00fc elinde tutanlar\u0131n dini ve baz\u0131 geleneksel unsurlar\u0131 kullanarak halk\u0131 bask\u0131lamaya devam ettiklerini g\u00f6rmekteyiz.Ba\u015fka bir deyi\u015fle onca y\u0131l ge\u00e7mesine ra\u011fmen iktidarlar halen K\u00fcrtlerin ya\u015fad\u0131\u011f\u0131 co\u011frafyalarda inan\u00e7 ve feodal unsurlar\u0131 \u00e7e\u015fitli \u015fekillerde, K\u00fcrtleri istedikleri gibi y\u00f6netmek i\u00e7in birer silah gibi kullanmaya devam etmektedirler.<\/p>\n<p>Zar\u00ea filmini de\u011ferlendirirken \u00f6nemli olan \u015fey teknik olarak nas\u0131l \u00e7ekildi\u011finden ziyade, i\u00e7erik bak\u0131m\u0131ndan ve ta\u015f\u0131d\u0131\u011f\u0131 anlam y\u00f6n\u00fcyle neyi ifade etti\u011fidir.<\/p>\n<p>Zar\u00ea filmi y\u00fczy\u0131l \u00f6nce \u00e7ekilmi\u015f olsa dahi ele ald\u0131\u011f\u0131 konular y\u00f6n\u00fcyle g\u00fcncelli\u011fini korumaktad\u0131r.<\/p>\n<p><strong>\u015eeyhmus KAYA-Amida Haber<\/strong><\/p>\n<\/div>\n<\/article>\n<\/div>\n","protected":false},"excerpt":{"rendered":"<p>Zar\u00ea (Zer\u00ea), 1926 y\u0131l\u0131nda \u00e7ekilmi\u015f K\u00fcrt Ezidileri konu alan sessiz drama filmidir. K\u00fcrtlerin sosyolojisini beyaz perdeye ta\u015f\u0131m\u0131\u015f ilk film olarak kabul edilir. Film ilk kez 9 Kas\u0131m 1926 da g\u00f6sterimi girmi\u015f, y\u00f6netmenli\u011fini Hemo Beknazaryan yapm\u0131\u015ft\u0131r. Zar\u00ea filmi, Ermenistan Sovyet Sosyalist Cumhuriyeti taraf\u0131ndan yap\u0131lm\u0131\u015f olup her ne kadar orijinal \u015fekli sessiz olsa dahi Ermenice seslendirilen versiyonuna &hellip;<\/p>\n","protected":false},"author":32,"featured_media":23536,"comment_status":"open","ping_status":"open","sticky":false,"template":"","format":"standard","meta":{"footnotes":""},"categories":[65],"tags":[6631,1616,5578,6632,6630],"class_list":["post-23535","post","type-post","status-publish","format-standard","has-post-thumbnail","","category-forum","tag-kurt-ezidileri","tag-manset","tag-yezidi","tag-zare","tag-zere"],"_links":{"self":[{"href":"https:\/\/candname.com\/tr\/index.php?rest_route=\/wp\/v2\/posts\/23535","targetHints":{"allow":["GET"]}}],"collection":[{"href":"https:\/\/candname.com\/tr\/index.php?rest_route=\/wp\/v2\/posts"}],"about":[{"href":"https:\/\/candname.com\/tr\/index.php?rest_route=\/wp\/v2\/types\/post"}],"author":[{"embeddable":true,"href":"https:\/\/candname.com\/tr\/index.php?rest_route=\/wp\/v2\/users\/32"}],"replies":[{"embeddable":true,"href":"https:\/\/candname.com\/tr\/index.php?rest_route=%2Fwp%2Fv2%2Fcomments&post=23535"}],"version-history":[{"count":3,"href":"https:\/\/candname.com\/tr\/index.php?rest_route=\/wp\/v2\/posts\/23535\/revisions"}],"predecessor-version":[{"id":23539,"href":"https:\/\/candname.com\/tr\/index.php?rest_route=\/wp\/v2\/posts\/23535\/revisions\/23539"}],"wp:featuredmedia":[{"embeddable":true,"href":"https:\/\/candname.com\/tr\/index.php?rest_route=\/wp\/v2\/media\/23536"}],"wp:attachment":[{"href":"https:\/\/candname.com\/tr\/index.php?rest_route=%2Fwp%2Fv2%2Fmedia&parent=23535"}],"wp:term":[{"taxonomy":"category","embeddable":true,"href":"https:\/\/candname.com\/tr\/index.php?rest_route=%2Fwp%2Fv2%2Fcategories&post=23535"},{"taxonomy":"post_tag","embeddable":true,"href":"https:\/\/candname.com\/tr\/index.php?rest_route=%2Fwp%2Fv2%2Ftags&post=23535"}],"curies":[{"name":"wp","href":"https:\/\/api.w.org\/{rel}","templated":true}]}}