{"id":23527,"date":"2024-05-28T09:00:25","date_gmt":"2024-05-28T06:00:25","guid":{"rendered":"https:\/\/candname.com\/tr\/?p=23527"},"modified":"2024-05-27T23:49:39","modified_gmt":"2024-05-27T20:49:39","slug":"dicle-universitesi-kurtce-icin-25-ogrenci-alacak","status":"publish","type":"post","link":"https:\/\/candname.com\/tr\/?p=23527","title":{"rendered":"Dicle \u00dcniversitesi K\u00fcrt\u00e7e i\u00e7in 25 \u00f6\u011frenci alacak"},"content":{"rendered":"<div class=\"status-summary\"><span class=\"big-post-text text-default\"><strong>Y\u00fcksek \u00d6\u011fretim Kurulu (Y\u00d6K) Dicle \u00dcniversitesi Edebiyat Fak\u00fcltesi b\u00fcnyesinde kurulan K\u00fcrt\u00e7e lisans i\u00e7in 25 \u00f6\u011frenci alacak.<\/strong><\/span><\/div>\n<div><\/div>\n<div>\n<div class=\"status-message\">\n<p>Dicle \u00dcniversitesi Edebiyat Fak\u00fcltesi b\u00fcnyesinde kurulan K\u00fcrt Dili ve Edebiyat\u0131 B\u00f6l\u00fcm\u00fc i\u00e7in lisans\u0131 i\u00e7in \u00f6\u011frenci alacak. \u00dcniversitenin \u00f6\u011frenci alma teklifi Y\u00d6K taraf\u0131ndan kabul edildi.<\/p>\n<p><strong>K\u00fcrt\u00e7e lisans i\u00e7in bir ilk<\/strong><\/p>\n<p>S\u00f6z konusu \u00f6\u011frenciler K\u00fcrt Dili ve Edebiyat\u0131 B\u00f6l\u00fcm\u00fc\u2019ne haziran ay\u0131nda d\u00fczenlenecek Y\u00fcksek \u00d6\u011fretim Kurumlar\u0131 S\u0131nav\u0131 ile al\u0131nacak. \u015eimdiye kadar Dicle \u00dcniversitesi\u2019nde K\u00fcrt\u00e7e Y\u00fcksek Lisans \u00f6\u011frenci al\u0131m\u0131 yap\u0131l\u0131yordu ancak lisans b\u00f6l\u00fcm\u00fc i\u00e7in \u00f6\u011frenci al\u0131m\u0131 yap\u0131lm\u0131yordu. Y\u00d6K\u2019\u00fcn yeni karar\u0131 ile \u00fcniversiteye ilk defa K\u00fcrt\u00e7e lisans i\u00e7in \u00f6\u011frenci al\u0131nm\u0131\u015f olacak<\/p>\n<\/div>\n<div class=\"status-owner text-secondary\">Amidahaber<\/div>\n<\/div>\n","protected":false},"excerpt":{"rendered":"<p>Y\u00fcksek \u00d6\u011fretim Kurulu (Y\u00d6K) Dicle \u00dcniversitesi Edebiyat Fak\u00fcltesi b\u00fcnyesinde kurulan K\u00fcrt\u00e7e lisans i\u00e7in 25 \u00f6\u011frenci alacak. Dicle \u00dcniversitesi Edebiyat Fak\u00fcltesi b\u00fcnyesinde kurulan K\u00fcrt Dili ve Edebiyat\u0131 B\u00f6l\u00fcm\u00fc i\u00e7in lisans\u0131 i\u00e7in \u00f6\u011frenci alacak. \u00dcniversitenin \u00f6\u011frenci alma teklifi Y\u00d6K taraf\u0131ndan kabul edildi. K\u00fcrt\u00e7e lisans i\u00e7in bir ilk S\u00f6z konusu \u00f6\u011frenciler K\u00fcrt Dili ve Edebiyat\u0131 B\u00f6l\u00fcm\u00fc\u2019ne haziran ay\u0131nda &hellip;<\/p>\n","protected":false},"author":32,"featured_media":23528,"comment_status":"open","ping_status":"open","sticky":false,"template":"","format":"standard","meta":{"footnotes":""},"categories":[3],"tags":[6622,6624,1616,6623],"class_list":["post-23527","post","type-post","status-publish","format-standard","has-post-thumbnail","","category-haber","tag-dicle-universitesi","tag-kurtce-lisans","tag-manset","tag-yok"],"_links":{"self":[{"href":"https:\/\/candname.com\/tr\/index.php?rest_route=\/wp\/v2\/posts\/23527","targetHints":{"allow":["GET"]}}],"collection":[{"href":"https:\/\/candname.com\/tr\/index.php?rest_route=\/wp\/v2\/posts"}],"about":[{"href":"https:\/\/candname.com\/tr\/index.php?rest_route=\/wp\/v2\/types\/post"}],"author":[{"embeddable":true,"href":"https:\/\/candname.com\/tr\/index.php?rest_route=\/wp\/v2\/users\/32"}],"replies":[{"embeddable":true,"href":"https:\/\/candname.com\/tr\/index.php?rest_route=%2Fwp%2Fv2%2Fcomments&post=23527"}],"version-history":[{"count":1,"href":"https:\/\/candname.com\/tr\/index.php?rest_route=\/wp\/v2\/posts\/23527\/revisions"}],"predecessor-version":[{"id":23529,"href":"https:\/\/candname.com\/tr\/index.php?rest_route=\/wp\/v2\/posts\/23527\/revisions\/23529"}],"wp:featuredmedia":[{"embeddable":true,"href":"https:\/\/candname.com\/tr\/index.php?rest_route=\/wp\/v2\/media\/23528"}],"wp:attachment":[{"href":"https:\/\/candname.com\/tr\/index.php?rest_route=%2Fwp%2Fv2%2Fmedia&parent=23527"}],"wp:term":[{"taxonomy":"category","embeddable":true,"href":"https:\/\/candname.com\/tr\/index.php?rest_route=%2Fwp%2Fv2%2Fcategories&post=23527"},{"taxonomy":"post_tag","embeddable":true,"href":"https:\/\/candname.com\/tr\/index.php?rest_route=%2Fwp%2Fv2%2Ftags&post=23527"}],"curies":[{"name":"wp","href":"https:\/\/api.w.org\/{rel}","templated":true}]}}