{"id":23517,"date":"2024-05-28T07:01:02","date_gmt":"2024-05-28T04:01:02","guid":{"rendered":"https:\/\/candname.com\/tr\/?p=23517"},"modified":"2024-05-22T23:04:24","modified_gmt":"2024-05-22T20:04:24","slug":"said-i-kurdi-hakkinda-hazirlanan-kitap-ronya-yayinlarindan-cikti","status":"publish","type":"post","link":"https:\/\/candname.com\/tr\/?p=23517","title":{"rendered":"Said-i Kurdi hakk\u0131nda haz\u0131rlanan kitap Ronya Yay\u0131nlar\u0131\u2019ndan \u00e7\u0131kt\u0131"},"content":{"rendered":"<p>Yazar Muhammed Salar\u2019\u0131n \u201cBedi\u00fczzaman Se\u00eed\u00ea Kurd\u00ee en-Nurs\u00ee \u0130ddialar ve Cevaplar\u201d isimli kitab\u0131 yay\u0131nland\u0131.<\/p>\n<p>M\u00fccahit Bilici&#8217;nin Takrizi ile ba\u015flayan kitapta yazar Muhammed Salar, b\u00fcy\u00fck K\u00fcrd-\u0130slam alimi Bedi\u00fczzaman Said-i Kurdi&#8217;nin iktidar ve otorite ile olan ili\u015fkilerini, Te\u015fkilat-\u0131 Mahsusa meselesini, \u0130ttihat\u00e7\u0131 pa\u015falar ile girdi\u011fi diyaloglar\u0131, Ermeni Toplumuna yakla\u015f\u0131m\u0131n\u0131, Bitlis ve \u015e\u00eax Said Hadiseleri\u2019ndeki tutumunu, \u0130slam Birli\u011fi&#8217;ne yapt\u0131\u011f\u0131 vurgunun anlam\u0131n\u0131, K\u00fcrdistan Teali Cemiyeti, Seyyid Abd\u00fclkadir, K\u00f6r H\u00fcseyin Pa\u015fa gibi sembol kurum ve \u015fahsiyetler ile ili\u015fkisini, Saidi Kurdi&#8217;nin K\u00fcrtl\u00fc\u011f\u00fc gibi ba\u015fl\u0131ca konular\u0131 i\u015fliyor.<\/p>\n<p>Kitapta ayr\u0131ca, Said-i Nursi&#8217;nin K\u00fcrt halk\u0131n\u0131n gelece\u011fi i\u00e7in a\u00e7t\u0131\u011f\u0131 Medresetuzzehra \u00dcniversitesi ve K\u00fcrdistan Teali Cemiyeti ad\u0131na imzalad\u0131\u011f\u0131 K\u00fcrdistan&#8217;\u0131n \u00f6zerkli\u011fi gibi ya\u015famsal ad\u0131mlara dikkat \u00e7ekilirken, Nursi&#8217;nin bir kiliseyi camiye \u00e7evirdi\u011fi, Ermeni Katliam\u0131&#8217;na kat\u0131ld\u0131\u011f\u0131, g\u00f6n\u00fcll\u00fc \u0130ttihat\u00e7\u0131 oldu\u011fu, Kore Sava\u015f\u0131n\u0131 destekledi\u011fi y\u00f6n\u00fcndeki iddialara da ne\u015fter vuruluyor.<\/p>\n<p>Emrah Cilasun, F\u0131rat Ayd\u0131nkaya, \u0130smail Be\u015fik\u00e7i, Rohat, Malmisanij, \u015e\u00fckran Vahide, Canl\u0131-Beys\u00fclen, Necmettin \u015eahiner gibi Bedi\u00fczzaman&#8217;a dair kitap, yaz\u0131 ve \u00e7al\u0131\u015fmalar\u0131 olan otuza yak\u0131n yazar\u0131n g\u00f6r\u00fc\u015fleri de \u00a0kitapta yer al\u0131yor.<\/p>\n<p><strong>Kaynak: rupelanu.org<\/strong><\/p>\n","protected":false},"excerpt":{"rendered":"<p>Yazar Muhammed Salar\u2019\u0131n \u201cBedi\u00fczzaman Se\u00eed\u00ea Kurd\u00ee en-Nurs\u00ee \u0130ddialar ve Cevaplar\u201d isimli kitab\u0131 yay\u0131nland\u0131. M\u00fccahit Bilici&#8217;nin Takrizi ile ba\u015flayan kitapta yazar Muhammed Salar, b\u00fcy\u00fck K\u00fcrd-\u0130slam alimi Bedi\u00fczzaman Said-i Kurdi&#8217;nin iktidar ve otorite ile olan ili\u015fkilerini, Te\u015fkilat-\u0131 Mahsusa meselesini, \u0130ttihat\u00e7\u0131 pa\u015falar ile girdi\u011fi diyaloglar\u0131, Ermeni Toplumuna yakla\u015f\u0131m\u0131n\u0131, Bitlis ve \u015e\u00eax Said Hadiseleri\u2019ndeki tutumunu, \u0130slam Birli\u011fi&#8217;ne yapt\u0131\u011f\u0131 vurgunun &hellip;<\/p>\n","protected":false},"author":32,"featured_media":23518,"comment_status":"open","ping_status":"open","sticky":false,"template":"","format":"standard","meta":{"footnotes":""},"categories":[1746],"tags":[307,6612,6613,1616,1481,5990,907,905,903,4513,6611],"class_list":["post-23517","post","type-post","status-publish","format-standard","has-post-thumbnail","","category-kitapcilik","tag-bediuzzeman","tag-https-sorularlarisale-com","tag-kulliyat","tag-manset","tag-nur","tag-nurculuk","tag-risale","tag-risale-i-nur","tag-said-nursi","tag-said-i-kurdi","tag-sorularla-risaleinur"],"_links":{"self":[{"href":"https:\/\/candname.com\/tr\/index.php?rest_route=\/wp\/v2\/posts\/23517","targetHints":{"allow":["GET"]}}],"collection":[{"href":"https:\/\/candname.com\/tr\/index.php?rest_route=\/wp\/v2\/posts"}],"about":[{"href":"https:\/\/candname.com\/tr\/index.php?rest_route=\/wp\/v2\/types\/post"}],"author":[{"embeddable":true,"href":"https:\/\/candname.com\/tr\/index.php?rest_route=\/wp\/v2\/users\/32"}],"replies":[{"embeddable":true,"href":"https:\/\/candname.com\/tr\/index.php?rest_route=%2Fwp%2Fv2%2Fcomments&post=23517"}],"version-history":[{"count":1,"href":"https:\/\/candname.com\/tr\/index.php?rest_route=\/wp\/v2\/posts\/23517\/revisions"}],"predecessor-version":[{"id":23519,"href":"https:\/\/candname.com\/tr\/index.php?rest_route=\/wp\/v2\/posts\/23517\/revisions\/23519"}],"wp:featuredmedia":[{"embeddable":true,"href":"https:\/\/candname.com\/tr\/index.php?rest_route=\/wp\/v2\/media\/23518"}],"wp:attachment":[{"href":"https:\/\/candname.com\/tr\/index.php?rest_route=%2Fwp%2Fv2%2Fmedia&parent=23517"}],"wp:term":[{"taxonomy":"category","embeddable":true,"href":"https:\/\/candname.com\/tr\/index.php?rest_route=%2Fwp%2Fv2%2Fcategories&post=23517"},{"taxonomy":"post_tag","embeddable":true,"href":"https:\/\/candname.com\/tr\/index.php?rest_route=%2Fwp%2Fv2%2Ftags&post=23517"}],"curies":[{"name":"wp","href":"https:\/\/api.w.org\/{rel}","templated":true}]}}