{"id":23508,"date":"2024-05-21T19:21:28","date_gmt":"2024-05-21T16:21:28","guid":{"rendered":"https:\/\/candname.com\/tr\/?p=23508"},"modified":"2024-05-21T19:21:28","modified_gmt":"2024-05-21T16:21:28","slug":"diyarbakirda-o-kafe-sadece-kurtce-hizmet-verecek","status":"publish","type":"post","link":"https:\/\/candname.com\/tr\/?p=23508","title":{"rendered":"Diyarbak\u0131r&#8217;da o kafe sadece K\u00fcrt\u00e7e hizmet verecek"},"content":{"rendered":"<p><strong>Diyarbekir<\/strong>\u2019\u0131n merkez Yeni\u015fehir \u0130l\u00e7esi&#8217;nin Sanat Soka\u011f\u0131&#8217;nda 2022 y\u0131l\u0131ndan beri faaliyette olan Pine\u00a0Kafe, ald\u0131\u011f\u0131 bir kararla m\u00fc\u015fterilerine bundan sonra sadece\u00a0K\u00fcrt\u00e7e\u00a0hizmet\u00a0verece\u011fini duyurdu.<\/p>\n<p>Kafenin i\u015fletmecisi Ramazan \u015eim\u015fek, ald\u0131klar\u0131 karara dair gazetemiz G\u00fcneydo\u011fu Ekspres&#8217;e konu\u015ftu. \u015eim\u015fek, &#8220;2022 y\u0131l\u0131ndan beri burada Pine ad\u0131 alt\u0131nda kafemizi i\u015fletiyoruz. Pine fikriyat\u0131 olu\u015ftu\u011fundan beri, hizmetlerimizi sadece K\u00fcrt\u00e7e verelim d\u00fc\u015f\u00fcncemiz vard\u0131. Pine Kafe\u2019yle beraber K\u00fcrt\u00e7e ve\u00a0K\u00fcrt\u00a0k\u00fclt\u00fcr\u00fcn\u00fc ya\u015fatma amac\u0131n\u0131 g\u00fcd\u00fcyoruz. Evet bir kafe, ama k\u00fclt\u00fcrel i\u00e7erikli bir kafe. uzun bir zamand\u0131r sadece K\u00fcrt\u00e7e hizmet veriyorduk. Bu karar\u0131m\u0131z\u0131 15 May\u0131s K\u00fcrt Bayram\u0131 ile beraber resmile\u015ftirdik ve art\u0131k hi\u00e7bir \u015fekilde farkl\u0131 bir dilde m\u00fc\u015fterilerimize cevap vermiyoruz&#8221; dedi.<\/p>\n<p><a class=\"fancybox my-3\" title=\"Diyarbak\u0131r'da O Kafe Sadece K\u00fcrt\u00e7e Hizmet Verecek3\" href=\"https:\/\/guneydogueksprescom.teimg.com\/guneydoguekspres-com\/uploads\/2024\/05\/diyarbakirda-o-kafe-sadece-kurtce-hizmet-verecek3.jpg\"><img decoding=\"async\" class=\"detail-photo img-fluid\" src=\"https:\/\/guneydogueksprescom.teimg.com\/guneydoguekspres-com\/uploads\/2024\/05\/diyarbakirda-o-kafe-sadece-kurtce-hizmet-verecek3.jpg\" alt=\"Diyarbak\u0131r'da O Kafe Sadece K\u00fcrt\u00e7e Hizmet Verecek3\" \/><\/a><\/p>\n<h3>\n<strong>\u201cH\u0130ZMET SADECE K\u00dcRT\u00c7E\u201d<\/strong><\/h3>\n<p><em>G\u00fcnl\u00fck hayat\u0131n her alan\u0131na K\u00fcrt\u00e7eyi yaymak istediklerini belirten \u015eim\u015fek, \u015funlar\u0131 s\u00f6yledi:<\/em><\/p>\n<p>&#8220;Pine\u00a0<strong>Kafe<\/strong>&#8216;ye gelecek ki\u015fi, K\u00fcrt\u00e7e kar\u015f\u0131l\u0131k g\u00f6recek. T\u00fcm hizmetlerimiz K\u00fcrt\u00e7e olacak. Bizlerle T\u00fcrk\u00e7e veyahutta farkl\u0131 bir dille konu\u015fana biz K\u00fcrt\u00e7e kar\u015f\u0131l\u0131k veriyoruz. Gelen ki\u015fi K\u00fcrt\u00e7e konu\u015fmuyorsa K\u00fcrt\u00e7e konu\u015fmaya te\u015fvik ediyoruz. Ama\u00e7 g\u00fcnl\u00fck hayat\u0131n her alan\u0131nda K\u00fcrt\u00e7enin yayg\u0131nla\u015ft\u0131r\u0131lmas\u0131n\u0131 sa\u011flamakt\u0131r.&#8221; Asimilasyonun \u00f6n\u00fcn\u00fc ald\u0131klar\u0131na da dikkat \u00e7eken \u015eim\u015fek, konu\u015fmas\u0131n\u0131 \u015f\u00f6yle s\u00fcrd\u00fcrd\u00fc: &#8220;Evet, bir asimilasyon var, ama birde bunun yan\u0131nda otoasimilasyon var. Yani ki\u015finin kendi kendini asimile etmesi demek. \u0130\u015fte tam da bunun \u00f6n\u00fcn\u00fc almak istiyoruz. Ya\u015fam faaliyetinin en \u00f6nemli alan\u0131 da ticari faaliyettir. \u0130nsanlar en \u00e7ok bu alanda birbirleriyle diyalog i\u00e7indeler. Ticari ve toplumsal ili\u015fkilerde K\u00fcrt\u00e7e daha \u00e7ok konu\u015fulursa asimilasyonun \u00f6n\u00fc daha \u00e7ok al\u0131n\u0131r.&#8221;<\/p>\n<p>&nbsp;<\/p>\n<h3>\n<strong>NASIL TEPK\u0130LER ALIYORLAR?<\/strong><\/h3>\n<p>Kendilerine dair tepkileri de dile getiren \u015eim\u015fek, &#8220;M\u00fc\u015fterilerin \u00e7o\u011fu i\u00e7eri girince ve\u00a0<strong>K\u00fcrt\u00e7e<\/strong>\u00a0hizmetle kar\u015f\u0131la\u015f\u0131nca tabi ilk ba\u015fta \u015fa\u015fk\u0131nl\u0131\u011fa u\u011fruyor, ard\u0131ndan mutlu oluyor. Ve art\u0131k buran\u0131n m\u00fcdavimlerinden oluyor. Ama tabi tam tersi tepkilerle de kar\u015f\u0131la\u015fabiliyoruz. Bu da \u00e7ok nadiren bir durum. \u00d6rne\u011fin ge\u00e7enlerde bir m\u00fc\u015fteri geldi, belli bural\u0131 de\u011fildi. Biz ona K\u00fcrt\u00e7e hizmet verince hemen \u00e7\u0131k\u0131p gitti&#8221; diye konu\u015ftu.<\/p>\n<p><strong><span class=\"reporter-name\">G\u00fcne\u015f OCA\u011eA-guneydoguekspres.com<\/span><\/strong><\/p>\n","protected":false},"excerpt":{"rendered":"<p>Diyarbekir\u2019\u0131n merkez Yeni\u015fehir \u0130l\u00e7esi&#8217;nin Sanat Soka\u011f\u0131&#8217;nda 2022 y\u0131l\u0131ndan beri faaliyette olan Pine\u00a0Kafe, ald\u0131\u011f\u0131 bir kararla m\u00fc\u015fterilerine bundan sonra sadece\u00a0K\u00fcrt\u00e7e\u00a0hizmet\u00a0verece\u011fini duyurdu. Kafenin i\u015fletmecisi Ramazan \u015eim\u015fek, ald\u0131klar\u0131 karara dair gazetemiz G\u00fcneydo\u011fu Ekspres&#8217;e konu\u015ftu. \u015eim\u015fek, &#8220;2022 y\u0131l\u0131ndan beri burada Pine ad\u0131 alt\u0131nda kafemizi i\u015fletiyoruz. Pine fikriyat\u0131 olu\u015ftu\u011fundan beri, hizmetlerimizi sadece K\u00fcrt\u00e7e verelim d\u00fc\u015f\u00fcncemiz vard\u0131. Pine Kafe\u2019yle beraber K\u00fcrt\u00e7e &hellip;<\/p>\n","protected":false},"author":32,"featured_media":23509,"comment_status":"open","ping_status":"open","sticky":false,"template":"","format":"standard","meta":{"footnotes":""},"categories":[3],"tags":[813,573,1616,6607],"class_list":["post-23508","post","type-post","status-publish","format-standard","has-post-thumbnail","","category-haber","tag-asimilasyon","tag-diyarbakir","tag-manset","tag-pine-kafe"],"_links":{"self":[{"href":"https:\/\/candname.com\/tr\/index.php?rest_route=\/wp\/v2\/posts\/23508","targetHints":{"allow":["GET"]}}],"collection":[{"href":"https:\/\/candname.com\/tr\/index.php?rest_route=\/wp\/v2\/posts"}],"about":[{"href":"https:\/\/candname.com\/tr\/index.php?rest_route=\/wp\/v2\/types\/post"}],"author":[{"embeddable":true,"href":"https:\/\/candname.com\/tr\/index.php?rest_route=\/wp\/v2\/users\/32"}],"replies":[{"embeddable":true,"href":"https:\/\/candname.com\/tr\/index.php?rest_route=%2Fwp%2Fv2%2Fcomments&post=23508"}],"version-history":[{"count":1,"href":"https:\/\/candname.com\/tr\/index.php?rest_route=\/wp\/v2\/posts\/23508\/revisions"}],"predecessor-version":[{"id":23510,"href":"https:\/\/candname.com\/tr\/index.php?rest_route=\/wp\/v2\/posts\/23508\/revisions\/23510"}],"wp:featuredmedia":[{"embeddable":true,"href":"https:\/\/candname.com\/tr\/index.php?rest_route=\/wp\/v2\/media\/23509"}],"wp:attachment":[{"href":"https:\/\/candname.com\/tr\/index.php?rest_route=%2Fwp%2Fv2%2Fmedia&parent=23508"}],"wp:term":[{"taxonomy":"category","embeddable":true,"href":"https:\/\/candname.com\/tr\/index.php?rest_route=%2Fwp%2Fv2%2Fcategories&post=23508"},{"taxonomy":"post_tag","embeddable":true,"href":"https:\/\/candname.com\/tr\/index.php?rest_route=%2Fwp%2Fv2%2Ftags&post=23508"}],"curies":[{"name":"wp","href":"https:\/\/api.w.org\/{rel}","templated":true}]}}