{"id":23500,"date":"2024-05-21T17:07:26","date_gmt":"2024-05-21T14:07:26","guid":{"rendered":"https:\/\/candname.com\/tr\/?p=23500"},"modified":"2024-05-21T17:07:53","modified_gmt":"2024-05-21T14:07:53","slug":"kulturel-asimilasyon-ne-demektir","status":"publish","type":"post","link":"https:\/\/candname.com\/tr\/?p=23500","title":{"rendered":"K\u00dcLT\u00dcREL AS\u0130M\u0130LASYON NE DEMEKT\u0130R?"},"content":{"rendered":"<div><b>K\u00fclt\u00fcrel Asimilasyon Ne Demek<\/b><\/div>\n<div><\/div>\n<div>\u00a0K\u00fclt\u00fcr olarak adland\u0131r\u0131lan kavram bir toplumun ya da medeniyetin tarihsel s\u00fcre\u00e7ler sonucu kazanm\u0131\u015f oldu\u011fu ya\u015fam, d\u00fc\u015f\u00fcnce ve sanat yarg\u0131lar\u0131n\u0131n t\u00fcm\u00fcd\u00fcr. K\u00fclt\u00fcr \u00f6\u011frenilirken ayn\u0131 zamanda ya\u015fan\u0131lan bir olgudur. Bireyler, k\u00fclt\u00fcr\u00fc ve k\u00fclt\u00fcrel s\u00fcre\u00e7leri nesilden nesle aktarmakla y\u00fck\u00fcml\u00fcd\u00fcrler. K\u00fclt\u00fcr bir nevi bir \u00f6nceki nesilden, bir sonraki nesillere aktar\u0131lmak \u00fczere b\u0131rak\u0131lan bir mirast\u0131r. Nesiller boyu aktar\u0131l\u0131rken tabi ki de\u011fi\u015fimlere u\u011frad\u0131\u011f\u0131 herkes taraf\u0131ndan kabul edilen bir ger\u00e7ektir. Bu de\u011fi\u015fimin nedenleri aras\u0131nda toplumun fiziki yap\u0131s\u0131n\u0131n de\u011fi\u015fmesi, e\u011fitim oran\u0131n\u0131n artmas\u0131 ve bunun sonucu olarak kad\u0131n, erkek istihdam oran\u0131nda ki artmalar s\u0131ralanabilir. Fakat k\u00fclt\u00fcr\u00fcn nesilden nesillere aktar\u0131lmas\u0131 sonucu de\u011fi\u015fim g\u00f6stermesinin en b\u00fcy\u00fck nedeni k\u00fclt\u00fcrel asimilasyondur.<\/div>\n<div><\/div>\n<div><strong>\u00a0K\u00fclt\u00fcrel Asimilasyon Ne Demektir?<\/strong><\/div>\n<div><\/div>\n<div>\u00a0<b> K\u00fclt\u00fcrel<\/b>\u00a0<strong>\u00f6z\u00fcmseme<\/strong> veya ba\u015fka bir tan\u0131m\u0131yla <strong>k\u00fclt\u00fcrel asimilasyon<\/strong> bir medeniyetin \u00e7e\u015fitli y\u00f6nlerle ba\u015fka bir topluma benzemesidir. Bu benzeme \u015fekli, toplumlar\u0131n i\u00e7 i\u00e7e ya\u015famaya ba\u015flamas\u0131yla ger\u00e7ekle\u015fir. Sava\u015flar, do\u011fal afetler veya di\u011fer toplumsal kaynakl\u0131 sorunlar nedeniyle iki farkl\u0131 toplum bir arada ya\u015famaya ba\u015flayabilir. Toplum da k\u00fclt\u00fcre ve tarihe d\u00fc\u015fk\u00fcn olan kitle taraf\u0131ndan asimilasyon olumsuz alg\u0131lansa da, t\u00fcm toplumlar\u0131n ba\u011fda\u015fmas\u0131n\u0131 olumlu g\u00f6ren bir kitle de mevcuttur.<\/div>\n<div><\/div>\n<div><strong>\u00a0K\u00fclt\u00fcrel Asimilasyon Olumlu Mudur?<\/strong><\/div>\n<div><\/div>\n<div>\u00a0 K\u00fclt\u00fcr k\u0131saca bir toplumun karakteridir. Yaz\u0131l\u0131 ve yaz\u0131s\u0131z sanat eserleri, m\u00fczikler, konu\u015fma tarz\u0131, atas\u00f6z\u00fc ve deyimler, gelenek g\u00f6renekler k\u00fclt\u00fcr kavram\u0131n\u0131n i\u00e7ine girerler. K\u00fclt\u00fcr asimilasyonu demek bir milletin tarihsel s\u00fcre\u00e7lerinin hi\u00e7e say\u0131lmas\u0131, yok edilmesi demektir. Asimilasyon, olumlu de\u011fil aksine olumsuz bir olgudur. Gelecek nesillere \u00f6\u011frenileni de\u011fil \u00f6zenileni \u00f6\u011fretmek demektir. K\u00fclt\u00fcrel asimilasyonu \u00f6nlemek ad\u0131na farkl\u0131 toplumlar\u0131n i\u00e7 i\u00e7e ya\u015famalar\u0131 kontrol alt\u0131nda tutulmal\u0131d\u0131r.<\/div>\n<div>&#8230;..<\/div>\n<div><\/div>\n<div><strong>Bu yaz\u0131\u00a0 birtutamhukuk.blogspot.comdan alinmi\u015ftir.<\/strong><\/div>\n","protected":false},"excerpt":{"rendered":"<p>K\u00fclt\u00fcrel Asimilasyon Ne Demek \u00a0K\u00fclt\u00fcr olarak adland\u0131r\u0131lan kavram bir toplumun ya da medeniyetin tarihsel s\u00fcre\u00e7ler sonucu kazanm\u0131\u015f oldu\u011fu ya\u015fam, d\u00fc\u015f\u00fcnce ve sanat yarg\u0131lar\u0131n\u0131n t\u00fcm\u00fcd\u00fcr. K\u00fclt\u00fcr \u00f6\u011frenilirken ayn\u0131 zamanda ya\u015fan\u0131lan bir olgudur. Bireyler, k\u00fclt\u00fcr\u00fc ve k\u00fclt\u00fcrel s\u00fcre\u00e7leri nesilden nesle aktarmakla y\u00fck\u00fcml\u00fcd\u00fcrler. K\u00fclt\u00fcr bir nevi bir \u00f6nceki nesilden, bir sonraki nesillere aktar\u0131lmak \u00fczere b\u0131rak\u0131lan bir mirast\u0131r. Nesiller &hellip;<\/p>\n","protected":false},"author":32,"featured_media":23501,"comment_status":"open","ping_status":"open","sticky":false,"template":"","format":"standard","meta":{"footnotes":""},"categories":[5371],"tags":[813,6606,3436,6605,1616,643],"class_list":["post-23500","post","type-post","status-publish","format-standard","has-post-thumbnail","","category-alinti-yazilar","tag-asimilasyon","tag-kiyafet","tag-kultur","tag-kultur-degisimi","tag-manset","tag-muzik"],"_links":{"self":[{"href":"https:\/\/candname.com\/tr\/index.php?rest_route=\/wp\/v2\/posts\/23500","targetHints":{"allow":["GET"]}}],"collection":[{"href":"https:\/\/candname.com\/tr\/index.php?rest_route=\/wp\/v2\/posts"}],"about":[{"href":"https:\/\/candname.com\/tr\/index.php?rest_route=\/wp\/v2\/types\/post"}],"author":[{"embeddable":true,"href":"https:\/\/candname.com\/tr\/index.php?rest_route=\/wp\/v2\/users\/32"}],"replies":[{"embeddable":true,"href":"https:\/\/candname.com\/tr\/index.php?rest_route=%2Fwp%2Fv2%2Fcomments&post=23500"}],"version-history":[{"count":2,"href":"https:\/\/candname.com\/tr\/index.php?rest_route=\/wp\/v2\/posts\/23500\/revisions"}],"predecessor-version":[{"id":23503,"href":"https:\/\/candname.com\/tr\/index.php?rest_route=\/wp\/v2\/posts\/23500\/revisions\/23503"}],"wp:featuredmedia":[{"embeddable":true,"href":"https:\/\/candname.com\/tr\/index.php?rest_route=\/wp\/v2\/media\/23501"}],"wp:attachment":[{"href":"https:\/\/candname.com\/tr\/index.php?rest_route=%2Fwp%2Fv2%2Fmedia&parent=23500"}],"wp:term":[{"taxonomy":"category","embeddable":true,"href":"https:\/\/candname.com\/tr\/index.php?rest_route=%2Fwp%2Fv2%2Fcategories&post=23500"},{"taxonomy":"post_tag","embeddable":true,"href":"https:\/\/candname.com\/tr\/index.php?rest_route=%2Fwp%2Fv2%2Ftags&post=23500"}],"curies":[{"name":"wp","href":"https:\/\/api.w.org\/{rel}","templated":true}]}}