{"id":23488,"date":"2024-05-16T18:21:24","date_gmt":"2024-05-16T15:21:24","guid":{"rendered":"https:\/\/candname.com\/tr\/?p=23488"},"modified":"2024-05-16T18:21:24","modified_gmt":"2024-05-16T15:21:24","slug":"3uncu-kurt-sanat-ve-kultur-festivali-berlinde-duzenlenecek","status":"publish","type":"post","link":"https:\/\/candname.com\/tr\/?p=23488","title":{"rendered":"3\u2019\u00fcnc\u00fc K\u00fcrt Sanat ve K\u00fclt\u00fcr Festivali Berlin&#8217;de d\u00fczenlenecek"},"content":{"rendered":"<div class=\"status-message\">\n<p>17-20 May\u0131s\u2019ta Berlin&#8217;de d\u00fczenlenen festivale bir\u00e7ok yabanc\u0131 sanat\u00e7\u0131n\u0131n kat\u0131lmas\u0131 bekleniyor.<\/p>\n<p>Festival kapsam\u0131nda \u00e7e\u015fitli sanat sergileri a\u00e7\u0131lacak.<\/p>\n<p>Festivalin direkt\u00f6r\u00fc Maxim \u0130sa, Monte Carlo Radyosuna yapt\u0131\u011f\u0131 a\u00e7\u0131klamada, festivalle \u00e7ok say\u0131da sanat\u00e7\u0131, \u015fair, yazar, K\u00fcrt \u015fahsiyet ve di\u011fer isimlerin kat\u0131laca\u011f\u0131n\u0131 s\u00f6yledi.<\/p>\n<p>Avrupa&#8217;dan ve di\u011fer \u00fclkelerden \u00e7ok say\u0131da yabanc\u0131 akademisyenin de kat\u0131larak, K\u00fcrt k\u00fclt\u00fcr\u00fc ve tarihi \u00fczerine ara\u015ft\u0131rmalar\u0131n\u0131 sunacaklar\u0131n\u0131 belirten \u0130sa, \u201cFestivalde K\u00fcrtlere ili\u015fkin farkl\u0131 g\u00f6r\u00fc\u015f ve renkleri bir araya getirmeyi, K\u00fcrt k\u00fclt\u00fcr\u00fc ve tarihini d\u0131\u015f d\u00fcnyaya tan\u0131tmay\u0131 ama\u00e7l\u0131yoruz.\u201d dedi.<\/p>\n<p>Nerinaazad.com<\/p>\n<\/div>\n","protected":false},"excerpt":{"rendered":"<p>17-20 May\u0131s\u2019ta Berlin&#8217;de d\u00fczenlenen festivale bir\u00e7ok yabanc\u0131 sanat\u00e7\u0131n\u0131n kat\u0131lmas\u0131 bekleniyor. Festival kapsam\u0131nda \u00e7e\u015fitli sanat sergileri a\u00e7\u0131lacak. Festivalin direkt\u00f6r\u00fc Maxim \u0130sa, Monte Carlo Radyosuna yapt\u0131\u011f\u0131 a\u00e7\u0131klamada, festivalle \u00e7ok say\u0131da sanat\u00e7\u0131, \u015fair, yazar, K\u00fcrt \u015fahsiyet ve di\u011fer isimlerin kat\u0131laca\u011f\u0131n\u0131 s\u00f6yledi. Avrupa&#8217;dan ve di\u011fer \u00fclkelerden \u00e7ok say\u0131da yabanc\u0131 akademisyenin de kat\u0131larak, K\u00fcrt k\u00fclt\u00fcr\u00fc ve tarihi \u00fczerine ara\u015ft\u0131rmalar\u0131n\u0131 sunacaklar\u0131n\u0131 &hellip;<\/p>\n","protected":false},"author":32,"featured_media":23489,"comment_status":"open","ping_status":"open","sticky":false,"template":"","format":"standard","meta":{"footnotes":""},"categories":[3],"tags":[3656,3436,4541,1616],"class_list":["post-23488","post","type-post","status-publish","format-standard","has-post-thumbnail","","category-haber","tag-festival","tag-kultur","tag-kurt-kulturu","tag-manset"],"_links":{"self":[{"href":"https:\/\/candname.com\/tr\/index.php?rest_route=\/wp\/v2\/posts\/23488","targetHints":{"allow":["GET"]}}],"collection":[{"href":"https:\/\/candname.com\/tr\/index.php?rest_route=\/wp\/v2\/posts"}],"about":[{"href":"https:\/\/candname.com\/tr\/index.php?rest_route=\/wp\/v2\/types\/post"}],"author":[{"embeddable":true,"href":"https:\/\/candname.com\/tr\/index.php?rest_route=\/wp\/v2\/users\/32"}],"replies":[{"embeddable":true,"href":"https:\/\/candname.com\/tr\/index.php?rest_route=%2Fwp%2Fv2%2Fcomments&post=23488"}],"version-history":[{"count":1,"href":"https:\/\/candname.com\/tr\/index.php?rest_route=\/wp\/v2\/posts\/23488\/revisions"}],"predecessor-version":[{"id":23490,"href":"https:\/\/candname.com\/tr\/index.php?rest_route=\/wp\/v2\/posts\/23488\/revisions\/23490"}],"wp:featuredmedia":[{"embeddable":true,"href":"https:\/\/candname.com\/tr\/index.php?rest_route=\/wp\/v2\/media\/23489"}],"wp:attachment":[{"href":"https:\/\/candname.com\/tr\/index.php?rest_route=%2Fwp%2Fv2%2Fmedia&parent=23488"}],"wp:term":[{"taxonomy":"category","embeddable":true,"href":"https:\/\/candname.com\/tr\/index.php?rest_route=%2Fwp%2Fv2%2Fcategories&post=23488"},{"taxonomy":"post_tag","embeddable":true,"href":"https:\/\/candname.com\/tr\/index.php?rest_route=%2Fwp%2Fv2%2Ftags&post=23488"}],"curies":[{"name":"wp","href":"https:\/\/api.w.org\/{rel}","templated":true}]}}